{"id":50005,"date":"2026-01-13T19:19:33","date_gmt":"2026-01-13T22:19:33","guid":{"rendered":"https:\/\/justicapotiguar.com.br\/?p=50005"},"modified":"2026-01-13T19:20:00","modified_gmt":"2026-01-13T22:20:00","slug":"mprn-abre-procedimento-para-apurar-caso-de-apologia-ao-nazismo-em-mossoro","status":"publish","type":"post","link":"https:\/\/justicapotiguar.com.br\/index.php\/2026\/01\/13\/mprn-abre-procedimento-para-apurar-caso-de-apologia-ao-nazismo-em-mossoro\/","title":{"rendered":"MPRN abre procedimento para apurar caso de apologia ao nazismo em Mossor\u00f3"},"content":{"rendered":"\n<p>O Minist\u00e9rio P\u00fablico do Rio Grande do Norte (MPRN), por interm\u00e9dio da 10\u00aa Promotoria de Justi\u00e7a de Mossor\u00f3, informa que foi instaurado um procedimento extrajudicial para a coleta de informa\u00e7\u00f5es sobre incidente ocorrido durante o baile de formatura do curso de Medicina da Facene, realizado no \u00faltimo s\u00e1bado.<\/p>\n\n\n\n<p>O procedimento busca coletar informa\u00e7\u00f5es preliminares sobre os fatos e a identifica\u00e7\u00e3o dos envolvidos. A Promotoria de Justi\u00e7a analisar\u00e1 detalhadamente as provas juntadas aos autos para determinar as medidas legais e dilig\u00eancias adequadas \u00e0 elucida\u00e7\u00e3o do ocorrido.<\/p>\n\n\n\n<p>Ap\u00f3s as dilig\u00eancias estabelecidas pelo MPRN, ser\u00e1 feita a an\u00e1lise sobre a responsabiliza\u00e7\u00e3o seja do pr\u00f3prio suposto adolescente e\/ou de seus respons\u00e1veis.<\/p>\n\n\n\n<p>O MPRN recebeu diversas representa\u00e7\u00f5es por meio de sua plataforma oficial de den\u00fancias. Todas as manifesta\u00e7\u00f5es foram agrupadas ao procedimento principal para otimizar a investiga\u00e7\u00e3o.<\/p>\n\n\n\n<p>Por oportuno, o MPRN ressalta que, por se tratar de apura\u00e7\u00e3o envolvendo poss\u00edvel adolescente autor de ato infracional, o processo segue em estrito segredo de justi\u00e7a.<\/p><div class=\"ubnts69ef20705a1d9\" ><!--<a href=\"https:\/\/bit.ly\/3QdrqTZ\" target=\"_blank\">\n<img src=\"https:\/\/justicapotiguar.com.br\/wp-content\/uploads\/2023\/09\/mobile-geral.gif\"\/><a\/>--><\/div><style type=\"text\/css\">\r\n.ubnts69ef20705a1d9 {\r\ntext-align: center;\r\n}\r\n@media screen and (min-width: 1201px) {\r\n.ubnts69ef20705a1d9 {\r\ndisplay: none;\r\n}\r\n}\r\n@media screen and (min-width: 993px) and (max-width: 1200px) {\r\n.ubnts69ef20705a1d9 {\r\ndisplay: none;\r\n}\r\n}\r\n@media screen and (min-width: 769px) and (max-width: 992px) {\r\n.ubnts69ef20705a1d9 {\r\ndisplay: none;\r\n}\r\n}\r\n@media screen and (min-width: 768px) and (max-width: 768px) {\r\n.ubnts69ef20705a1d9 {\r\ndisplay: block;\r\n}\r\n}\r\n@media screen and (max-width: 767px) {\r\n.ubnts69ef20705a1d9 {\r\ndisplay: block;\r\n}\r\n}\r\n<\/style>\r\n<div class=\"gbakj69ef20705a1c2\" ><!--<a href=\"https:\/\/bit.ly\/3QdrqTZ\" target=\"_blank\">\n<img src=\"https:\/\/justicapotiguar.com.br\/wp-content\/uploads\/2023\/09\/desktop-geral.gif\"\/><a\/>--><\/div><style type=\"text\/css\">\r\n.gbakj69ef20705a1c2 {\r\ntext-align: center;\nmargin-bottom: 1em;\r\n}\r\n@media screen and (min-width: 1201px) {\r\n.gbakj69ef20705a1c2 {\r\ndisplay: block;\r\n}\r\n}\r\n@media screen and (min-width: 993px) and (max-width: 1200px) {\r\n.gbakj69ef20705a1c2 {\r\ndisplay: block;\r\n}\r\n}\r\n@media screen and (min-width: 769px) and (max-width: 992px) {\r\n.gbakj69ef20705a1c2 {\r\ndisplay: block;\r\n}\r\n}\r\n@media screen and (min-width: 768px) and (max-width: 768px) {\r\n.gbakj69ef20705a1c2 {\r\ndisplay: none;\r\n}\r\n}\r\n@media screen and (max-width: 767px) {\r\n.gbakj69ef20705a1c2 {\r\ndisplay: none;\r\n}\r\n}\r\n<\/style>\r\n\n\n\n\n<p>Nesse sentido, alerta-se aos meios de comunica\u00e7\u00e3o, blogs e usu\u00e1rios de redes sociais que deve-se evitar a publica\u00e7\u00e3o de fotos, v\u00eddeos que exponham o rosto ou a divulga\u00e7\u00e3o do nome do adolescente.<\/p>\n\n\n\n<p>O descumprimento dessa norma pode configurar infra\u00e7\u00e3o administrativa, conforme previsto no Estatuto da Crian\u00e7a e do Adolescente (ECA), sujeitando os respons\u00e1veis \u00e0s penalidades legais. Al\u00e9m disso, o Artigo 143 do ECA veda a divulga\u00e7\u00e3o de atos judiciais, policiais e administrativos que digam respeito a crian\u00e7as e adolescentes a que se atribua autoria de ato infracional.<\/p>\n\n\n\n<p>O MPRN reitera seu compromisso com a legalidade e a prote\u00e7\u00e3o integral dos direitos infanto-juvenis.<\/p>\n\n\n\n<p><em>Fonte: MPRN<\/em><\/p>\n","protected":false},"excerpt":{"rendered":"<p>Ap\u00f3s as dilig\u00eancias estabelecidas pelo MPRN, ser\u00e1 feita a an\u00e1lise sobre a responsabiliza\u00e7\u00e3o seja do pr\u00f3prio suposto adolescente e\/ou de seus respons\u00e1veis.<br \/><a class=\"more-link\" href=\"https:\/\/justicapotiguar.com.br\/index.php\/2026\/01\/13\/mprn-abre-procedimento-para-apurar-caso-de-apologia-ao-nazismo-em-mossoro\/\">Mais&#8230;<\/a><\/p>\n","protected":false},"author":8,"featured_media":0,"comment_status":"open","ping_status":"open","sticky":false,"template":"","format":"standard","meta":[],"categories":[3],"tags":[],"_links":{"self":[{"href":"https:\/\/justicapotiguar.com.br\/index.php\/wp-json\/wp\/v2\/posts\/50005"}],"collection":[{"href":"https:\/\/justicapotiguar.com.br\/index.php\/wp-json\/wp\/v2\/posts"}],"about":[{"href":"https:\/\/justicapotiguar.com.br\/index.php\/wp-json\/wp\/v2\/types\/post"}],"author":[{"embeddable":true,"href":"https:\/\/justicapotiguar.com.br\/index.php\/wp-json\/wp\/v2\/users\/8"}],"replies":[{"embeddable":true,"href":"https:\/\/justicapotiguar.com.br\/index.php\/wp-json\/wp\/v2\/comments?post=50005"}],"version-history":[{"count":3,"href":"https:\/\/justicapotiguar.com.br\/index.php\/wp-json\/wp\/v2\/posts\/50005\/revisions"}],"predecessor-version":[{"id":50008,"href":"https:\/\/justicapotiguar.com.br\/index.php\/wp-json\/wp\/v2\/posts\/50005\/revisions\/50008"}],"wp:attachment":[{"href":"https:\/\/justicapotiguar.com.br\/index.php\/wp-json\/wp\/v2\/media?parent=50005"}],"wp:term":[{"taxonomy":"category","embeddable":true,"href":"https:\/\/justicapotiguar.com.br\/index.php\/wp-json\/wp\/v2\/categories?post=50005"},{"taxonomy":"post_tag","embeddable":true,"href":"https:\/\/justicapotiguar.com.br\/index.php\/wp-json\/wp\/v2\/tags?post=50005"}],"curies":[{"name":"wp","href":"https:\/\/api.w.org\/{rel}","templated":true}]}}