{"id":49991,"date":"2026-01-13T17:42:44","date_gmt":"2026-01-13T20:42:44","guid":{"rendered":"https:\/\/justicapotiguar.com.br\/?p=49991"},"modified":"2026-01-13T18:16:36","modified_gmt":"2026-01-13T21:16:36","slug":"lula-sanciona-lei-que-libera-pagamento-retroativo-de-beneficios-congelados-de-servidores","status":"publish","type":"post","link":"https:\/\/justicapotiguar.com.br\/index.php\/2026\/01\/13\/lula-sanciona-lei-que-libera-pagamento-retroativo-de-beneficios-congelados-de-servidores\/","title":{"rendered":"Lula sanciona lei que autoriza pagar benef\u00edcios retroativos a servidor p\u00fablico"},"content":{"rendered":"\n<figure class=\"wp-block-image size-large\"><img loading=\"lazy\" width=\"1024\" height=\"768\" src=\"https:\/\/justicapotiguar.com.br\/wp-content\/uploads\/2026\/01\/Lula.jpg\" alt=\"\" class=\"wp-image-49995\" srcset=\"https:\/\/justicapotiguar.com.br\/wp-content\/uploads\/2026\/01\/Lula.jpg 1024w, https:\/\/justicapotiguar.com.br\/wp-content\/uploads\/2026\/01\/Lula-300x225.jpg 300w, https:\/\/justicapotiguar.com.br\/wp-content\/uploads\/2026\/01\/Lula-768x576.jpg 768w\" sizes=\"(max-width: 1024px) 100vw, 1024px\" \/><figcaption>Foto: Marcelo Camargo\/Ag\u00eancia Brasil<\/figcaption><\/figure>\n\n\n\n<p>O presidente Luiz In\u00e1cio Lula da Silva (PT) sancionou sem vetos o projeto de lei autorizando o pagamento retroativo de benef\u00edcios congelados por conta da pandemia da covid-19 a servidores pelos Estados, munic\u00edpios e o Distrito Federal.<\/p>\n\n\n\n<p>O texto foi sancionado no \u00faltimo dia do prazo e foi publicado nesta ter\u00e7a-feira (13) no Di\u00e1rio Oficial da Uni\u00e3o (DOU). O projeto tinha sido aprovado em 16 de dezembro pelo Plen\u00e1rio do Senado.<\/p>\n\n\n\n<p>O texto trata de benef\u00edcios como anu\u00eanio, tri\u00eanio, quinqu\u00eanio, sexta-parte e licen\u00e7a-pr\u00eamio, que deveriam ter sido pagos entre 28 de maio de 2020 e 31 de dezembro de 2021.<\/p>\n\n\n\n<p>Na \u00e9poca, o ent\u00e3o presidente Jair Bolsonaro (PL) adotou medidas para compensar os impactos negativos da pandemia na economia. Entre elas, estava o Programa de Enfrentamento ao Coronav\u00edrus, que liberou R$ 60 bilh\u00f5es para estados e munic\u00edpios \u2014 sob a contrapartida de congelar adicionais salariais de servidores no per\u00edodo.<\/p><div class=\"ravvr69ef20c386266\" ><!--<a href=\"https:\/\/bit.ly\/3QdrqTZ\" target=\"_blank\">\n<img src=\"https:\/\/justicapotiguar.com.br\/wp-content\/uploads\/2023\/09\/mobile-geral.gif\"\/><a\/>--><\/div><style type=\"text\/css\">\r\n.ravvr69ef20c386266 {\r\ntext-align: center;\r\n}\r\n@media screen and (min-width: 1201px) {\r\n.ravvr69ef20c386266 {\r\ndisplay: none;\r\n}\r\n}\r\n@media screen and (min-width: 993px) and (max-width: 1200px) {\r\n.ravvr69ef20c386266 {\r\ndisplay: none;\r\n}\r\n}\r\n@media screen and (min-width: 769px) and (max-width: 992px) {\r\n.ravvr69ef20c386266 {\r\ndisplay: none;\r\n}\r\n}\r\n@media screen and (min-width: 768px) and (max-width: 768px) {\r\n.ravvr69ef20c386266 {\r\ndisplay: block;\r\n}\r\n}\r\n@media screen and (max-width: 767px) {\r\n.ravvr69ef20c386266 {\r\ndisplay: block;\r\n}\r\n}\r\n<\/style>\r\n<div class=\"harcn69ef20c38624f\" ><!--<a href=\"https:\/\/bit.ly\/3QdrqTZ\" target=\"_blank\">\n<img src=\"https:\/\/justicapotiguar.com.br\/wp-content\/uploads\/2023\/09\/desktop-geral.gif\"\/><a\/>--><\/div><style type=\"text\/css\">\r\n.harcn69ef20c38624f {\r\ntext-align: center;\nmargin-bottom: 1em;\r\n}\r\n@media screen and (min-width: 1201px) {\r\n.harcn69ef20c38624f {\r\ndisplay: block;\r\n}\r\n}\r\n@media screen and (min-width: 993px) and (max-width: 1200px) {\r\n.harcn69ef20c38624f {\r\ndisplay: block;\r\n}\r\n}\r\n@media screen and (min-width: 769px) and (max-width: 992px) {\r\n.harcn69ef20c38624f {\r\ndisplay: block;\r\n}\r\n}\r\n@media screen and (min-width: 768px) and (max-width: 768px) {\r\n.harcn69ef20c38624f {\r\ndisplay: none;\r\n}\r\n}\r\n@media screen and (max-width: 767px) {\r\n.harcn69ef20c38624f {\r\ndisplay: none;\r\n}\r\n}\r\n<\/style>\r\n\n\n\n\n<p>Para &#8220;descongelar&#8221; os benef\u00edcios retidos, entretanto, o Estado, munic\u00edpio ou o Distrito Federal precisa ter declarado calamidade p\u00fablica durante a pandemia e ter recursos or\u00e7ament\u00e1rios dispon\u00edveis para fazer os pagamentos. A lei complementar sancionada nesta ter\u00e7a n\u00e3o trata de prazos para que isso seja feito.<\/p>\n\n\n\n<p>Em dezembro, conforme noticiado pelo Valor, o relator da mat\u00e9ria, senador Fl\u00e1vio Arns (PSB-PR), disse que a iniciativa n\u00e3o geraria impacto fiscal e, muito menos, despesas obrigat\u00f3rias ou autom\u00e1ticas para os entes federativos.<\/p>\n\n\n\n<p>&#8220;Ao vincular qualquer pagamento retroativo \u00e0 capacidade or\u00e7ament\u00e1ria do pr\u00f3prio ente, o texto evita aumento artificial de gastos e impede que encargos sejam transferidos indevidamente para a Uni\u00e3o ou outros entes, preservando a transpar\u00eancia fiscal e a seguran\u00e7a jur\u00eddica\u201d, declarou Arns na ocasi\u00e3o.<\/p>\n\n\n\n<p><em>Fonte: Valor Online<\/em><\/p>\n","protected":false},"excerpt":{"rendered":"<p>O texto trata de benef\u00edcios como anu\u00eanio, tri\u00eanio, quinqu\u00eanio, sexta-parte e licen\u00e7a-pr\u00eamio, que deveriam ter sido pagos entre 28 de maio de 2020 e 31 de dezembro de 2021.<br \/><a class=\"more-link\" href=\"https:\/\/justicapotiguar.com.br\/index.php\/2026\/01\/13\/lula-sanciona-lei-que-libera-pagamento-retroativo-de-beneficios-congelados-de-servidores\/\">Mais&#8230;<\/a><\/p>\n","protected":false},"author":8,"featured_media":0,"comment_status":"open","ping_status":"open","sticky":false,"template":"","format":"standard","meta":[],"categories":[3],"tags":[],"_links":{"self":[{"href":"https:\/\/justicapotiguar.com.br\/index.php\/wp-json\/wp\/v2\/posts\/49991"}],"collection":[{"href":"https:\/\/justicapotiguar.com.br\/index.php\/wp-json\/wp\/v2\/posts"}],"about":[{"href":"https:\/\/justicapotiguar.com.br\/index.php\/wp-json\/wp\/v2\/types\/post"}],"author":[{"embeddable":true,"href":"https:\/\/justicapotiguar.com.br\/index.php\/wp-json\/wp\/v2\/users\/8"}],"replies":[{"embeddable":true,"href":"https:\/\/justicapotiguar.com.br\/index.php\/wp-json\/wp\/v2\/comments?post=49991"}],"version-history":[{"count":6,"href":"https:\/\/justicapotiguar.com.br\/index.php\/wp-json\/wp\/v2\/posts\/49991\/revisions"}],"predecessor-version":[{"id":49999,"href":"https:\/\/justicapotiguar.com.br\/index.php\/wp-json\/wp\/v2\/posts\/49991\/revisions\/49999"}],"wp:attachment":[{"href":"https:\/\/justicapotiguar.com.br\/index.php\/wp-json\/wp\/v2\/media?parent=49991"}],"wp:term":[{"taxonomy":"category","embeddable":true,"href":"https:\/\/justicapotiguar.com.br\/index.php\/wp-json\/wp\/v2\/categories?post=49991"},{"taxonomy":"post_tag","embeddable":true,"href":"https:\/\/justicapotiguar.com.br\/index.php\/wp-json\/wp\/v2\/tags?post=49991"}],"curies":[{"name":"wp","href":"https:\/\/api.w.org\/{rel}","templated":true}]}}