{"id":49984,"date":"2026-01-13T14:42:50","date_gmt":"2026-01-13T17:42:50","guid":{"rendered":"https:\/\/justicapotiguar.com.br\/?p=49984"},"modified":"2026-01-13T14:50:23","modified_gmt":"2026-01-13T17:50:23","slug":"inss-fecha-agencias-da-previdencia-social-por-tres-dias-para-manutencao-de-sistemas","status":"publish","type":"post","link":"https:\/\/justicapotiguar.com.br\/index.php\/2026\/01\/13\/inss-fecha-agencias-da-previdencia-social-por-tres-dias-para-manutencao-de-sistemas\/","title":{"rendered":"INSS fecha ag\u00eancias da Previd\u00eancia Social por tr\u00eas dias para manuten\u00e7\u00e3o de sistemas"},"content":{"rendered":"\n<figure class=\"wp-block-image size-large\"><img loading=\"lazy\" width=\"942\" height=\"700\" src=\"https:\/\/justicapotiguar.com.br\/wp-content\/uploads\/2026\/01\/20231102_1315162.jpg\" alt=\"\" class=\"wp-image-49987\" srcset=\"https:\/\/justicapotiguar.com.br\/wp-content\/uploads\/2026\/01\/20231102_1315162.jpg 942w, https:\/\/justicapotiguar.com.br\/wp-content\/uploads\/2026\/01\/20231102_1315162-300x223.jpg 300w, https:\/\/justicapotiguar.com.br\/wp-content\/uploads\/2026\/01\/20231102_1315162-768x571.jpg 768w\" sizes=\"(max-width: 942px) 100vw, 942px\" \/><figcaption>Rafa Neddermeyer\/Ag\u00eancia Brasil<\/figcaption><\/figure>\n\n\n\n<p>O Instituto Nacional do Seguro Social (INSS) informou nesta segunda-feira (12) que as ag\u00eancias da Previd\u00eancia Social n\u00e3o funcionar\u00e3o de 28 a 30 de janeiro. J\u00e1 os servi\u00e7os digitais prestados por meio do site e aplicativo Meu INSS e da central telef\u00f4nica estar\u00e3o indispon\u00edveis de 27 a 31 de janeiro.<\/p>\n\n\n\n<p>Segundo informou o \u00f3rg\u00e3o, a paralisa\u00e7\u00e3o dos atendimentos se d\u00e1 devido a manuten\u00e7\u00f5es nos sistemas previdenci\u00e1rios. \u201cA medida \u00e9 necess\u00e1ria para a moderniza\u00e7\u00e3o dos sistemas, garantindo maior estabilidade, seguran\u00e7a e efici\u00eancia dos servi\u00e7os\u201d, disse o INSS em nota.<\/p><div class=\"acwhr69ef20864bf5a\" ><!--<a href=\"https:\/\/bit.ly\/3QdrqTZ\" target=\"_blank\">\n<img src=\"https:\/\/justicapotiguar.com.br\/wp-content\/uploads\/2023\/09\/mobile-geral.gif\"\/><a\/>--><\/div><style type=\"text\/css\">\r\n.acwhr69ef20864bf5a {\r\ntext-align: center;\r\n}\r\n@media screen and (min-width: 1201px) {\r\n.acwhr69ef20864bf5a {\r\ndisplay: none;\r\n}\r\n}\r\n@media screen and (min-width: 993px) and (max-width: 1200px) {\r\n.acwhr69ef20864bf5a {\r\ndisplay: none;\r\n}\r\n}\r\n@media screen and (min-width: 769px) and (max-width: 992px) {\r\n.acwhr69ef20864bf5a {\r\ndisplay: none;\r\n}\r\n}\r\n@media screen and (min-width: 768px) and (max-width: 768px) {\r\n.acwhr69ef20864bf5a {\r\ndisplay: block;\r\n}\r\n}\r\n@media screen and (max-width: 767px) {\r\n.acwhr69ef20864bf5a {\r\ndisplay: block;\r\n}\r\n}\r\n<\/style>\r\n<div class=\"ergps69ef20864bf3e\" ><!--<a href=\"https:\/\/bit.ly\/3QdrqTZ\" target=\"_blank\">\n<img src=\"https:\/\/justicapotiguar.com.br\/wp-content\/uploads\/2023\/09\/desktop-geral.gif\"\/><a\/>--><\/div><style type=\"text\/css\">\r\n.ergps69ef20864bf3e {\r\ntext-align: center;\nmargin-bottom: 1em;\r\n}\r\n@media screen and (min-width: 1201px) {\r\n.ergps69ef20864bf3e {\r\ndisplay: block;\r\n}\r\n}\r\n@media screen and (min-width: 993px) and (max-width: 1200px) {\r\n.ergps69ef20864bf3e {\r\ndisplay: block;\r\n}\r\n}\r\n@media screen and (min-width: 769px) and (max-width: 992px) {\r\n.ergps69ef20864bf3e {\r\ndisplay: block;\r\n}\r\n}\r\n@media screen and (min-width: 768px) and (max-width: 768px) {\r\n.ergps69ef20864bf3e {\r\ndisplay: none;\r\n}\r\n}\r\n@media screen and (max-width: 767px) {\r\n.ergps69ef20864bf3e {\r\ndisplay: none;\r\n}\r\n}\r\n<\/style>\r\n\n\n\n\n<p>O \u00f3rg\u00e3o ainda comunicou que ser\u00e3o feitos atendimentos extras no fim de semana, nos dias 17 e 18 de janeiro.<\/p>\n\n\n\n<p><em>Fonte: Jovem Pan<\/em><\/p>\n","protected":false},"excerpt":{"rendered":"<p>Segundo informou o \u00f3rg\u00e3o, a paralisa\u00e7\u00e3o dos atendimentos se d\u00e1 devido a manuten\u00e7\u00f5es nos sistemas previdenci\u00e1rios.<br \/><a class=\"more-link\" href=\"https:\/\/justicapotiguar.com.br\/index.php\/2026\/01\/13\/inss-fecha-agencias-da-previdencia-social-por-tres-dias-para-manutencao-de-sistemas\/\">Mais&#8230;<\/a><\/p>\n","protected":false},"author":8,"featured_media":0,"comment_status":"open","ping_status":"open","sticky":false,"template":"","format":"standard","meta":[],"categories":[3],"tags":[],"_links":{"self":[{"href":"https:\/\/justicapotiguar.com.br\/index.php\/wp-json\/wp\/v2\/posts\/49984"}],"collection":[{"href":"https:\/\/justicapotiguar.com.br\/index.php\/wp-json\/wp\/v2\/posts"}],"about":[{"href":"https:\/\/justicapotiguar.com.br\/index.php\/wp-json\/wp\/v2\/types\/post"}],"author":[{"embeddable":true,"href":"https:\/\/justicapotiguar.com.br\/index.php\/wp-json\/wp\/v2\/users\/8"}],"replies":[{"embeddable":true,"href":"https:\/\/justicapotiguar.com.br\/index.php\/wp-json\/wp\/v2\/comments?post=49984"}],"version-history":[{"count":5,"href":"https:\/\/justicapotiguar.com.br\/index.php\/wp-json\/wp\/v2\/posts\/49984\/revisions"}],"predecessor-version":[{"id":49990,"href":"https:\/\/justicapotiguar.com.br\/index.php\/wp-json\/wp\/v2\/posts\/49984\/revisions\/49990"}],"wp:attachment":[{"href":"https:\/\/justicapotiguar.com.br\/index.php\/wp-json\/wp\/v2\/media?parent=49984"}],"wp:term":[{"taxonomy":"category","embeddable":true,"href":"https:\/\/justicapotiguar.com.br\/index.php\/wp-json\/wp\/v2\/categories?post=49984"},{"taxonomy":"post_tag","embeddable":true,"href":"https:\/\/justicapotiguar.com.br\/index.php\/wp-json\/wp\/v2\/tags?post=49984"}],"curies":[{"name":"wp","href":"https:\/\/api.w.org\/{rel}","templated":true}]}}