{"id":49972,"date":"2026-01-13T08:20:14","date_gmt":"2026-01-13T11:20:14","guid":{"rendered":"https:\/\/justicapotiguar.com.br\/?p=49972"},"modified":"2026-01-13T08:22:43","modified_gmt":"2026-01-13T11:22:43","slug":"caern-substituira-contratacao-de-escritorios-por-advogados-aprovados-em-concurso","status":"publish","type":"post","link":"https:\/\/justicapotiguar.com.br\/index.php\/2026\/01\/13\/caern-substituira-contratacao-de-escritorios-por-advogados-aprovados-em-concurso\/","title":{"rendered":"Caern substituir\u00e1 contrata\u00e7\u00e3o de escrit\u00f3rios por advogados aprovados em concurso"},"content":{"rendered":"\n<figure class=\"wp-block-image size-large\"><img loading=\"lazy\" width=\"777\" height=\"533\" src=\"https:\/\/justicapotiguar.com.br\/wp-content\/uploads\/2026\/01\/caern.jpg\" alt=\"\" class=\"wp-image-49974\" srcset=\"https:\/\/justicapotiguar.com.br\/wp-content\/uploads\/2026\/01\/caern.jpg 777w, https:\/\/justicapotiguar.com.br\/wp-content\/uploads\/2026\/01\/caern-300x206.jpg 300w, https:\/\/justicapotiguar.com.br\/wp-content\/uploads\/2026\/01\/caern-768x527.jpg 768w\" sizes=\"(max-width: 777px) 100vw, 777px\" \/><figcaption>Foto: Reprodu\u00e7\u00e3o<\/figcaption><\/figure>\n\n\n\n<p>A 2\u00aa C\u00e2mara C\u00edvel do TJRN voltou a destacar que a contrata\u00e7\u00e3o de escrit\u00f3rios de advocacia para exercer fun\u00e7\u00f5es t\u00edpicas de cargo efetivo, durante a vig\u00eancia de concurso p\u00fablico com candidatos classificados, configura burla ao artigo 37, da Constitui\u00e7\u00e3o Federal. <br><br>O destaque se deu no julgamento de um recurso, movido pela Companhia de \u00c1guas e Esgotos do RN (Caern) contra decis\u00e3o monocr\u00e1tica, nos autos de um Mandado de Seguran\u00e7a, que determinou a convoca\u00e7\u00e3o de um candidato, para o cargo de advogado, em raz\u00e3o de sua aprova\u00e7\u00e3o em concurso p\u00fablico regido pelo Edital n\u00ba 01\/2023.<\/p>\n\n\n\n<p>Segundo a decis\u00e3o, a jurisprud\u00eancia do STF (Tema 784) reconhece que a contrata\u00e7\u00e3o prec\u00e1ria ou indireta para as mesmas atribui\u00e7\u00f5es de cargo efetivo gera direito subjetivo \u00e0 nomea\u00e7\u00e3o de candidato aprovado, quando comprovada a necessidade da fun\u00e7\u00e3o.<\/p><div class=\"gyhwr69ef20b50d2a2\" ><!--<a href=\"https:\/\/bit.ly\/3QdrqTZ\" target=\"_blank\">\n<img src=\"https:\/\/justicapotiguar.com.br\/wp-content\/uploads\/2023\/09\/mobile-geral.gif\"\/><a\/>--><\/div><style type=\"text\/css\">\r\n.gyhwr69ef20b50d2a2 {\r\ntext-align: center;\r\n}\r\n@media screen and (min-width: 1201px) {\r\n.gyhwr69ef20b50d2a2 {\r\ndisplay: none;\r\n}\r\n}\r\n@media screen and (min-width: 993px) and (max-width: 1200px) {\r\n.gyhwr69ef20b50d2a2 {\r\ndisplay: none;\r\n}\r\n}\r\n@media screen and (min-width: 769px) and (max-width: 992px) {\r\n.gyhwr69ef20b50d2a2 {\r\ndisplay: none;\r\n}\r\n}\r\n@media screen and (min-width: 768px) and (max-width: 768px) {\r\n.gyhwr69ef20b50d2a2 {\r\ndisplay: block;\r\n}\r\n}\r\n@media screen and (max-width: 767px) {\r\n.gyhwr69ef20b50d2a2 {\r\ndisplay: block;\r\n}\r\n}\r\n<\/style>\r\n<div class=\"wyyzk69ef20b50d28e\" ><!--<a href=\"https:\/\/bit.ly\/3QdrqTZ\" target=\"_blank\">\n<img src=\"https:\/\/justicapotiguar.com.br\/wp-content\/uploads\/2023\/09\/desktop-geral.gif\"\/><a\/>--><\/div><style type=\"text\/css\">\r\n.wyyzk69ef20b50d28e {\r\ntext-align: center;\nmargin-bottom: 1em;\r\n}\r\n@media screen and (min-width: 1201px) {\r\n.wyyzk69ef20b50d28e {\r\ndisplay: block;\r\n}\r\n}\r\n@media screen and (min-width: 993px) and (max-width: 1200px) {\r\n.wyyzk69ef20b50d28e {\r\ndisplay: block;\r\n}\r\n}\r\n@media screen and (min-width: 769px) and (max-width: 992px) {\r\n.wyyzk69ef20b50d28e {\r\ndisplay: block;\r\n}\r\n}\r\n@media screen and (min-width: 768px) and (max-width: 768px) {\r\n.wyyzk69ef20b50d28e {\r\ndisplay: none;\r\n}\r\n}\r\n@media screen and (max-width: 767px) {\r\n.wyyzk69ef20b50d28e {\r\ndisplay: none;\r\n}\r\n}\r\n<\/style>\r\n\n\n\n\n<p>\u201cA exist\u00eancia de contrata\u00e7\u00f5es sucessivas de advogados terceirizados no per\u00edodo de vig\u00eancia do concurso evidencia a necessidade permanente do servi\u00e7o e a preteri\u00e7\u00e3o de candidatos aprovados, inclusive aqueles em cadastro de reserva\u201d, explica a relatora do recurso, desembargadora Lourdes de Azevedo.<\/p>\n\n\n\n<p>Ainda conforme a decis\u00e3o, a jurisprud\u00eancia do STJ admite contrata\u00e7\u00f5es de servi\u00e7os jur\u00eddicos por empresas p\u00fablicas apenas em car\u00e1ter excepcional, sem preju\u00edzo ao concurso p\u00fablico, o que n\u00e3o se verificou, conforme o entendimento da C\u00e2mara, no caso concreto.<br><br><em>Fonte: TJRN <\/em><\/p>\n","protected":false},"excerpt":{"rendered":"<p>Conforme a decis\u00e3o, a jurisprud\u00eancia do STJ admite contrata\u00e7\u00f5es de servi\u00e7os jur\u00eddicos por empresas p\u00fablicas apenas em car\u00e1ter excepcional.<br \/><a class=\"more-link\" href=\"https:\/\/justicapotiguar.com.br\/index.php\/2026\/01\/13\/caern-substituira-contratacao-de-escritorios-por-advogados-aprovados-em-concurso\/\">Mais&#8230;<\/a><\/p>\n","protected":false},"author":8,"featured_media":0,"comment_status":"open","ping_status":"open","sticky":false,"template":"","format":"standard","meta":[],"categories":[3],"tags":[],"_links":{"self":[{"href":"https:\/\/justicapotiguar.com.br\/index.php\/wp-json\/wp\/v2\/posts\/49972"}],"collection":[{"href":"https:\/\/justicapotiguar.com.br\/index.php\/wp-json\/wp\/v2\/posts"}],"about":[{"href":"https:\/\/justicapotiguar.com.br\/index.php\/wp-json\/wp\/v2\/types\/post"}],"author":[{"embeddable":true,"href":"https:\/\/justicapotiguar.com.br\/index.php\/wp-json\/wp\/v2\/users\/8"}],"replies":[{"embeddable":true,"href":"https:\/\/justicapotiguar.com.br\/index.php\/wp-json\/wp\/v2\/comments?post=49972"}],"version-history":[{"count":2,"href":"https:\/\/justicapotiguar.com.br\/index.php\/wp-json\/wp\/v2\/posts\/49972\/revisions"}],"predecessor-version":[{"id":49976,"href":"https:\/\/justicapotiguar.com.br\/index.php\/wp-json\/wp\/v2\/posts\/49972\/revisions\/49976"}],"wp:attachment":[{"href":"https:\/\/justicapotiguar.com.br\/index.php\/wp-json\/wp\/v2\/media?parent=49972"}],"wp:term":[{"taxonomy":"category","embeddable":true,"href":"https:\/\/justicapotiguar.com.br\/index.php\/wp-json\/wp\/v2\/categories?post=49972"},{"taxonomy":"post_tag","embeddable":true,"href":"https:\/\/justicapotiguar.com.br\/index.php\/wp-json\/wp\/v2\/tags?post=49972"}],"curies":[{"name":"wp","href":"https:\/\/api.w.org\/{rel}","templated":true}]}}