{"id":4997,"date":"2019-12-20T11:15:13","date_gmt":"2019-12-20T14:15:13","guid":{"rendered":"https:\/\/justicapotiguar.com.br\/?p=4997"},"modified":"2019-12-20T11:27:04","modified_gmt":"2019-12-20T14:27:04","slug":"stf-suspende-medida-provisoria-de-bolsonaro-e-retoma-o-dpvat","status":"publish","type":"post","link":"https:\/\/justicapotiguar.com.br\/index.php\/2019\/12\/20\/stf-suspende-medida-provisoria-de-bolsonaro-e-retoma-o-dpvat\/","title":{"rendered":"STF suspende Medida Provis\u00f3ria de Bolsonaro e retoma o DPVAT"},"content":{"rendered":"\n<p>A maioria dos ministros do Supremo Tribunal Federal (STF) votou para suspender a Medida Provis\u00f3ria 904\/2019, que extinguiu o&nbsp;<a rel=\"noreferrer noopener\" href=\"http:\/\/agenciabrasil.ebc.com.br\/politica\/noticia\/2019-11\/bolsonaro-assina-medida-provisoria-que-extingue-o-dpvat\" target=\"_blank\">pagamento do Seguro DPVAT<\/a>, contribui\u00e7\u00e3o obrigat\u00f3ria para cobrir gastos de acidentes causados por ve\u00edculos. A a\u00e7\u00e3o foi proposta pela Rede ap\u00f3s a medida ter sido assinada, no m\u00eas passado, pelo presidente Jair Bolsonaro.<\/p>\n\n\n\n<figure class=\"wp-block-image\"><img loading=\"lazy\" width=\"300\" height=\"225\" src=\"https:\/\/justicapotiguar.com.br\/wp-content\/uploads\/2019\/09\/carteira-motorista-cnh.png\" alt=\"\" class=\"wp-image-2241\"\/><figcaption>Reprodu\u00e7\u00e3o<\/figcaption><\/figure>\n\n\n\n<p>Por 6 votos a 3, os ministros da Corte seguiram entendimento do relator, ministro Edson Fachin. Para o ministro, o DPVAT tem uma fun\u00e7\u00e3o social. Tamb\u00e9m votaram nesse sentido os ministros Alexandre de Moraes, Marco Aur\u00e9lio, Luiz Fux, Rosa Weber e o presidente, Dias Toffoli. Lu\u00eds Roberto Barroso se declarou suspeito para julgar o caso.&nbsp;<\/p><div class=\"lpsdt69ef714789b1c\" ><!--<a href=\"https:\/\/bit.ly\/3QdrqTZ\" target=\"_blank\">\n<img src=\"https:\/\/justicapotiguar.com.br\/wp-content\/uploads\/2023\/09\/mobile-geral.gif\"\/><a\/>--><\/div><style type=\"text\/css\">\r\n.lpsdt69ef714789b1c {\r\ntext-align: center;\r\n}\r\n@media screen and (min-width: 1201px) {\r\n.lpsdt69ef714789b1c {\r\ndisplay: none;\r\n}\r\n}\r\n@media screen and (min-width: 993px) and (max-width: 1200px) {\r\n.lpsdt69ef714789b1c {\r\ndisplay: none;\r\n}\r\n}\r\n@media screen and (min-width: 769px) and (max-width: 992px) {\r\n.lpsdt69ef714789b1c {\r\ndisplay: none;\r\n}\r\n}\r\n@media screen and (min-width: 768px) and (max-width: 768px) {\r\n.lpsdt69ef714789b1c {\r\ndisplay: block;\r\n}\r\n}\r\n@media screen and (max-width: 767px) {\r\n.lpsdt69ef714789b1c {\r\ndisplay: block;\r\n}\r\n}\r\n<\/style>\r\n<div class=\"zagei69ef714789afe\" ><!--<a href=\"https:\/\/bit.ly\/3QdrqTZ\" target=\"_blank\">\n<img src=\"https:\/\/justicapotiguar.com.br\/wp-content\/uploads\/2023\/09\/desktop-geral.gif\"\/><a\/>--><\/div><style type=\"text\/css\">\r\n.zagei69ef714789afe {\r\ntext-align: center;\nmargin-bottom: 1em;\r\n}\r\n@media screen and (min-width: 1201px) {\r\n.zagei69ef714789afe {\r\ndisplay: block;\r\n}\r\n}\r\n@media screen and (min-width: 993px) and (max-width: 1200px) {\r\n.zagei69ef714789afe {\r\ndisplay: block;\r\n}\r\n}\r\n@media screen and (min-width: 769px) and (max-width: 992px) {\r\n.zagei69ef714789afe {\r\ndisplay: block;\r\n}\r\n}\r\n@media screen and (min-width: 768px) and (max-width: 768px) {\r\n.zagei69ef714789afe {\r\ndisplay: none;\r\n}\r\n}\r\n@media screen and (max-width: 767px) {\r\n.zagei69ef714789afe {\r\ndisplay: none;\r\n}\r\n}\r\n<\/style>\r\n\n\n\n\n<p>Na A\u00e7\u00e3o Direta de Inconstitucionalidade (ADI) 6.262, a Rede defendeu a suspens\u00e3o da MP por entender que os recursos s\u00e3o utilizados para prote\u00e7\u00e3o social de v\u00edtimas de acidentes de tr\u00e2nsito no Sistema \u00danico de Sa\u00fade (SUS). O partido tamb\u00e9m alegou que n\u00e3o h\u00e1 urg\u00eancia e relev\u00e2ncia na mat\u00e9ria para justificar a edi\u00e7\u00e3o por meio de medida provis\u00f3ria.&nbsp;<\/p>\n\n\n\n<p>Ag\u00eancia Brasil<\/p>\n","protected":false},"excerpt":{"rendered":"<p>Decis\u00e3o derrubou medida de Bolsonaro<br \/><a class=\"more-link\" href=\"https:\/\/justicapotiguar.com.br\/index.php\/2019\/12\/20\/stf-suspende-medida-provisoria-de-bolsonaro-e-retoma-o-dpvat\/\">Mais&#8230;<\/a><\/p>\n","protected":false},"author":5,"featured_media":4119,"comment_status":"open","ping_status":"open","sticky":false,"template":"","format":"standard","meta":[],"categories":[3],"tags":[],"_links":{"self":[{"href":"https:\/\/justicapotiguar.com.br\/index.php\/wp-json\/wp\/v2\/posts\/4997"}],"collection":[{"href":"https:\/\/justicapotiguar.com.br\/index.php\/wp-json\/wp\/v2\/posts"}],"about":[{"href":"https:\/\/justicapotiguar.com.br\/index.php\/wp-json\/wp\/v2\/types\/post"}],"author":[{"embeddable":true,"href":"https:\/\/justicapotiguar.com.br\/index.php\/wp-json\/wp\/v2\/users\/5"}],"replies":[{"embeddable":true,"href":"https:\/\/justicapotiguar.com.br\/index.php\/wp-json\/wp\/v2\/comments?post=4997"}],"version-history":[{"count":2,"href":"https:\/\/justicapotiguar.com.br\/index.php\/wp-json\/wp\/v2\/posts\/4997\/revisions"}],"predecessor-version":[{"id":4999,"href":"https:\/\/justicapotiguar.com.br\/index.php\/wp-json\/wp\/v2\/posts\/4997\/revisions\/4999"}],"wp:featuredmedia":[{"embeddable":true,"href":"https:\/\/justicapotiguar.com.br\/index.php\/wp-json\/wp\/v2\/media\/4119"}],"wp:attachment":[{"href":"https:\/\/justicapotiguar.com.br\/index.php\/wp-json\/wp\/v2\/media?parent=4997"}],"wp:term":[{"taxonomy":"category","embeddable":true,"href":"https:\/\/justicapotiguar.com.br\/index.php\/wp-json\/wp\/v2\/categories?post=4997"},{"taxonomy":"post_tag","embeddable":true,"href":"https:\/\/justicapotiguar.com.br\/index.php\/wp-json\/wp\/v2\/tags?post=4997"}],"curies":[{"name":"wp","href":"https:\/\/api.w.org\/{rel}","templated":true}]}}