{"id":49969,"date":"2026-01-12T20:51:46","date_gmt":"2026-01-12T23:51:46","guid":{"rendered":"https:\/\/justicapotiguar.com.br\/?p=49969"},"modified":"2026-01-12T20:51:46","modified_gmt":"2026-01-12T23:51:46","slug":"promotores-pedem-exoneracao-apos-mp-recomendar-soltura-de-politicos-presos","status":"publish","type":"post","link":"https:\/\/justicapotiguar.com.br\/index.php\/2026\/01\/12\/promotores-pedem-exoneracao-apos-mp-recomendar-soltura-de-politicos-presos\/","title":{"rendered":"Promotores pedem exonera\u00e7\u00e3o ap\u00f3s MP recomendar soltura de pol\u00edticos presos"},"content":{"rendered":"\n<figure class=\"wp-block-image size-large\"><img loading=\"lazy\" width=\"884\" height=\"523\" src=\"https:\/\/justicapotiguar.com.br\/wp-content\/uploads\/2026\/01\/promotores.jpg\" alt=\"\" class=\"wp-image-49970\" srcset=\"https:\/\/justicapotiguar.com.br\/wp-content\/uploads\/2026\/01\/promotores.jpg 884w, https:\/\/justicapotiguar.com.br\/wp-content\/uploads\/2026\/01\/promotores-300x177.jpg 300w, https:\/\/justicapotiguar.com.br\/wp-content\/uploads\/2026\/01\/promotores-768x454.jpg 768w\" sizes=\"(max-width: 884px) 100vw, 884px\" \/><figcaption>Foto: Divulga\u00e7\u00e3o \/ MP-MA<\/figcaption><\/figure>\n\n\n\n<p>A decis\u00e3o do Minist\u00e9rio P\u00fablico do Maranh\u00e3o (MP-MA) de se manifestar favoravelmente \u00e0 soltura do prefeito de Turil\u00e2ndia, Paulo Curi\u00f3 (Uni\u00e3o Brasil), da vice-prefeita T\u00e2nya Mendes (PRD), dos 11 vereadores do munic\u00edpio e de outros investigados por um esquema que desviou ao menos R$ 56 milh\u00f5es dos cofres p\u00fablicos provocou uma rea\u00e7\u00e3o dos promotores da institui\u00e7\u00e3o. Em protesto, os profissionais que integram o Grupo de Atua\u00e7\u00e3o Especial de Combate \u00e0s Organiza\u00e7\u00f5es Criminosas (Gaeco) pediram exonera\u00e7\u00e3o coletiva de suas fun\u00e7\u00f5es no \u00f3rg\u00e3o.<\/p>\n\n\n\n<p>O pedido foi formalizado no domingo e encaminhado ao procurador-geral de Justi\u00e7a, Danilo Jos\u00e9 de Castro Ferreira, ap\u00f3s a Procuradoria-Geral de Justi\u00e7a (PGJ), por meio do chefe do MP em exerc\u00edcio, Orfileno Bezerra Neto, emitir parecer favor\u00e1vel \u00e0 revoga\u00e7\u00e3o das pris\u00f5es preventivas decretadas no \u00e2mbito da Opera\u00e7\u00e3o T\u00e2ntalo II.<\/p>\n\n\n\n<p>A investiga\u00e7\u00e3o apura a atua\u00e7\u00e3o de uma organiza\u00e7\u00e3o criminosa que, segundo o pr\u00f3prio MP, se instalou na Prefeitura e na C\u00e2mara Municipal de Turil\u00e2ndia, no interior do Maranh\u00e3o, para fraudar licita\u00e7\u00f5es, usar empresas de fachada e desviar recursos sobretudo das \u00e1reas de Sa\u00fade e Assist\u00eancia Social.<\/p>\n\n\n\n<p>No documento, os promotores afirmam que o posicionamento da PGJ contraria o entendimento t\u00e9cnico do Gaeco e vai na dire\u00e7\u00e3o oposta \u00e0s provas reunidas ao longo da investiga\u00e7\u00e3o, que resultou na pris\u00e3o do prefeito, da vice, da primeira-dama, da ex-vice-prefeita, de empres\u00e1rios, servidores e de todos os vereadores do munic\u00edpio, um caso que ganhou repercuss\u00e3o nacional ap\u00f3s reportagem do Fant\u00e1stico, da TV Globo.<\/p>\n\n\n\n<p>\u201cTal posicionamento, al\u00e9m de destoar das premissas que orientaram o criterioso trabalho investigativo desenvolvido no caso, enfraquece a atua\u00e7\u00e3o institucional do Minist\u00e9rio P\u00fablico no combate ao crime organizado, produzindo impactos negativos na credibilidade das investiga\u00e7\u00f5es complexas\u201d, afirmam os promotores, ao justificar que a diverg\u00eancia tornou invi\u00e1vel a perman\u00eancia no grupo.<\/p>\n\n\n\n<p>Assinam o pedido dez promotores que atuam nos n\u00facleos de S\u00e3o Lu\u00eds, Imperatriz e Timon, entre eles o coordenador do Gaeco, Luiz Muniz Rocha Filho, al\u00e9m de Fernando Ant\u00f4nio Berniz Arag\u00e3o, que atuou diretamente na investiga\u00e7\u00e3o. Eles informaram que ir\u00e3o elaborar um relat\u00f3rio detalhado sobre o andamento do caso para garantir a continuidade dos trabalhos.<\/p><div class=\"qgmwn69ef212524b13\" ><!--<a href=\"https:\/\/bit.ly\/3QdrqTZ\" target=\"_blank\">\n<img src=\"https:\/\/justicapotiguar.com.br\/wp-content\/uploads\/2023\/09\/mobile-geral.gif\"\/><a\/>--><\/div><style type=\"text\/css\">\r\n.qgmwn69ef212524b13 {\r\ntext-align: center;\r\n}\r\n@media screen and (min-width: 1201px) {\r\n.qgmwn69ef212524b13 {\r\ndisplay: none;\r\n}\r\n}\r\n@media screen and (min-width: 993px) and (max-width: 1200px) {\r\n.qgmwn69ef212524b13 {\r\ndisplay: none;\r\n}\r\n}\r\n@media screen and (min-width: 769px) and (max-width: 992px) {\r\n.qgmwn69ef212524b13 {\r\ndisplay: none;\r\n}\r\n}\r\n@media screen and (min-width: 768px) and (max-width: 768px) {\r\n.qgmwn69ef212524b13 {\r\ndisplay: block;\r\n}\r\n}\r\n@media screen and (max-width: 767px) {\r\n.qgmwn69ef212524b13 {\r\ndisplay: block;\r\n}\r\n}\r\n<\/style>\r\n<div class=\"mvlie69ef212524af6\" ><!--<a href=\"https:\/\/bit.ly\/3QdrqTZ\" target=\"_blank\">\n<img src=\"https:\/\/justicapotiguar.com.br\/wp-content\/uploads\/2023\/09\/desktop-geral.gif\"\/><a\/>--><\/div><style type=\"text\/css\">\r\n.mvlie69ef212524af6 {\r\ntext-align: center;\nmargin-bottom: 1em;\r\n}\r\n@media screen and (min-width: 1201px) {\r\n.mvlie69ef212524af6 {\r\ndisplay: block;\r\n}\r\n}\r\n@media screen and (min-width: 993px) and (max-width: 1200px) {\r\n.mvlie69ef212524af6 {\r\ndisplay: block;\r\n}\r\n}\r\n@media screen and (min-width: 769px) and (max-width: 992px) {\r\n.mvlie69ef212524af6 {\r\ndisplay: block;\r\n}\r\n}\r\n@media screen and (min-width: 768px) and (max-width: 768px) {\r\n.mvlie69ef212524af6 {\r\ndisplay: none;\r\n}\r\n}\r\n@media screen and (max-width: 767px) {\r\n.mvlie69ef212524af6 {\r\ndisplay: none;\r\n}\r\n}\r\n<\/style>\r\n\n\n\n\n<p>O parecer do MP-MA foi emitido ap\u00f3s o fim da fase de depoimentos dos investigados, realizados ao longo da primeira semana de janeiro. A maioria optou por permanecer em sil\u00eancio, incluindo o prefeito Paulo Curi\u00f3, a vice-prefeita T\u00e2nya Mendes, a primeira-dama Eva Curi\u00f3 e os 11 vereadores. Apesar de defender a soltura, o Minist\u00e9rio P\u00fablico pediu a manuten\u00e7\u00e3o do afastamento do prefeito do cargo e a imposi\u00e7\u00e3o de medidas cautelares rigorosas, como monitora\u00e7\u00e3o eletr\u00f4nica, proibi\u00e7\u00e3o de acesso \u00e0 prefeitura, recolhimento domiciliar noturno e veda\u00e7\u00e3o de contato entre os investigados.<\/p>\n\n\n\n<p>Agora, caber\u00e1 \u00e0 3\u00aa C\u00e2mara Criminal do Tribunal de Justi\u00e7a do Maranh\u00e3o decidir se acolhe ou n\u00e3o o parecer e autoriza a libera\u00e7\u00e3o dos presos.<\/p>\n\n\n\n<p>Deflagrada em 22 de dezembro, a Opera\u00e7\u00e3o T\u00e2ntalo II revelou um esquema descrito pelo pr\u00f3prio MP como sist\u00eamico e generalizado. As investiga\u00e7\u00f5es apontam que, desde 2021, empresas fict\u00edcias eram criadas para participar de licita\u00e7\u00f5es fraudadas. Elas emitiam notas fiscais por servi\u00e7os que n\u00e3o eram prestados, recebiam pagamentos da prefeitura e devolviam a maior parte dos valores ao n\u00facleo pol\u00edtico da organiza\u00e7\u00e3o.<\/p>\n\n\n\n<p>Segundo o Minist\u00e9rio P\u00fablico, cerca de 95% das licita\u00e7\u00f5es do munic\u00edpio eram fraudadas. Parte do dinheiro abastecia um esquema de propinas para garantir a omiss\u00e3o da C\u00e2mara Municipal: os vereadores teriam recebido juntos R$ 2,3 milh\u00f5es para aprovar contas e n\u00e3o fiscalizar o Executivo.<\/p>\n\n\n\n<p>O prefeito Paulo Curi\u00f3 \u00e9 apontado como l\u00edder da organiza\u00e7\u00e3o criminosa e principal destinat\u00e1rio dos recursos desviados. \u00c1udios interceptados mostram o uso de cart\u00f5es de cr\u00e9dito de empresas contratadas pela prefeitura e men\u00e7\u00f5es a \u201csobras\u201d mensais de dinheiro p\u00fablico. A vice-prefeita T\u00e2nya Mendes e a ex-vice-prefeita Jana\u00edna Soares Lima aparecem como pe\u00e7as-chave do n\u00facleo empresarial. Um posto de combust\u00edveis ligado a Jana\u00edna e ao marido recebeu mais de R$ 17 milh\u00f5es do munic\u00edpio, em contratos que, segundo o MP, n\u00e3o correspondem ao consumo real.<\/p>\n\n\n\n<p>A dimens\u00e3o do esc\u00e2ndalo levou \u00e0 pris\u00e3o de 21 pessoas e deixou Turil\u00e2ndia praticamente sem comando. Com o afastamento do prefeito e da vice, o presidente da C\u00e2mara, Jos\u00e9 Lu\u00eds Ara\u00fajo Diniz, o \u201cPelego\u201d (Uni\u00e3o Brasil), assumiu interinamente a prefeitura, mesmo cumprindo pris\u00e3o domiciliar, situa\u00e7\u00e3o que gerou cr\u00edticas e questionamentos jur\u00eddicos.<br><br><em>Fonte: O Globo<\/em><\/p>\n","protected":false},"excerpt":{"rendered":"<p>Profissionais que integram o Grupo de Atua\u00e7\u00e3o Especial de Combate \u00e0s Organiza\u00e7\u00f5es Criminosas (Gaeco) pediram exonera\u00e7\u00e3o coletiva de suas fun\u00e7\u00f5es no \u00f3rg\u00e3o.<br \/><a class=\"more-link\" href=\"https:\/\/justicapotiguar.com.br\/index.php\/2026\/01\/12\/promotores-pedem-exoneracao-apos-mp-recomendar-soltura-de-politicos-presos\/\">Mais&#8230;<\/a><\/p>\n","protected":false},"author":8,"featured_media":0,"comment_status":"open","ping_status":"open","sticky":false,"template":"","format":"standard","meta":[],"categories":[3],"tags":[],"_links":{"self":[{"href":"https:\/\/justicapotiguar.com.br\/index.php\/wp-json\/wp\/v2\/posts\/49969"}],"collection":[{"href":"https:\/\/justicapotiguar.com.br\/index.php\/wp-json\/wp\/v2\/posts"}],"about":[{"href":"https:\/\/justicapotiguar.com.br\/index.php\/wp-json\/wp\/v2\/types\/post"}],"author":[{"embeddable":true,"href":"https:\/\/justicapotiguar.com.br\/index.php\/wp-json\/wp\/v2\/users\/8"}],"replies":[{"embeddable":true,"href":"https:\/\/justicapotiguar.com.br\/index.php\/wp-json\/wp\/v2\/comments?post=49969"}],"version-history":[{"count":1,"href":"https:\/\/justicapotiguar.com.br\/index.php\/wp-json\/wp\/v2\/posts\/49969\/revisions"}],"predecessor-version":[{"id":49971,"href":"https:\/\/justicapotiguar.com.br\/index.php\/wp-json\/wp\/v2\/posts\/49969\/revisions\/49971"}],"wp:attachment":[{"href":"https:\/\/justicapotiguar.com.br\/index.php\/wp-json\/wp\/v2\/media?parent=49969"}],"wp:term":[{"taxonomy":"category","embeddable":true,"href":"https:\/\/justicapotiguar.com.br\/index.php\/wp-json\/wp\/v2\/categories?post=49969"},{"taxonomy":"post_tag","embeddable":true,"href":"https:\/\/justicapotiguar.com.br\/index.php\/wp-json\/wp\/v2\/tags?post=49969"}],"curies":[{"name":"wp","href":"https:\/\/api.w.org\/{rel}","templated":true}]}}