{"id":49947,"date":"2026-01-12T08:20:22","date_gmt":"2026-01-12T11:20:22","guid":{"rendered":"https:\/\/justicapotiguar.com.br\/?p=49947"},"modified":"2026-01-12T08:22:55","modified_gmt":"2026-01-12T11:22:55","slug":"presidentes-do-banco-central-e-tcu-se-reunem-hoje-para-discutir-caso-master","status":"publish","type":"post","link":"https:\/\/justicapotiguar.com.br\/index.php\/2026\/01\/12\/presidentes-do-banco-central-e-tcu-se-reunem-hoje-para-discutir-caso-master\/","title":{"rendered":"Presidentes do Banco Central e TCU se re\u00fanem hoje para discutir caso Master"},"content":{"rendered":"\n<figure class=\"wp-block-image size-large\"><img loading=\"lazy\" width=\"1024\" height=\"616\" src=\"https:\/\/justicapotiguar.com.br\/wp-content\/uploads\/2026\/01\/galipolo-1024x616.jpg\" alt=\"\" class=\"wp-image-49949\" srcset=\"https:\/\/justicapotiguar.com.br\/wp-content\/uploads\/2026\/01\/galipolo-1024x616.jpg 1024w, https:\/\/justicapotiguar.com.br\/wp-content\/uploads\/2026\/01\/galipolo-300x180.jpg 300w, https:\/\/justicapotiguar.com.br\/wp-content\/uploads\/2026\/01\/galipolo-768x462.jpg 768w, https:\/\/justicapotiguar.com.br\/wp-content\/uploads\/2026\/01\/galipolo.jpg 1164w\" sizes=\"(max-width: 1024px) 100vw, 1024px\" \/><figcaption>Marcelo Camargo\/Ag\u00eancia Brasil<\/figcaption><\/figure>\n\n\n\n<p>O presidente do BC (Banco Central), Gabriel Gal\u00edpolo (foto), vai se reunir com o presidente do TCU (Tribunal de Contas da Uni\u00e3o), ministro Vital do R\u00eago Filho, na tarde desta segunda-feira (12).<\/p>\n\n\n\n<p>O encontro est\u00e1 previsto para acontecer na sede do Banco Central, em Bras\u00edlia e ocorre em meio \u00e0 possibilidade de uma inspe\u00e7\u00e3o da corte de contas no BC para averiguar o processo que determinou a liquida\u00e7\u00e3o extrajudicial do Banco Master.<\/p>\n\n\n\n<p>De acordo com agenda oficial de Gal\u00edpolo, a reuni\u00e3o funcionar\u00e1 para &#8220;tratar de assuntos institucionais&#8221;. Al\u00e9m de Vital, tamb\u00e9m representam o TCU no encontro a secret\u00e1ria-geral de Controle Externo, Juliana Pontes; o secret\u00e1rio-geral de Comunica\u00e7\u00e3o, Fl\u00e1vio Takashi Sato; e a auditora-chefe adjunta da Secretaria-Geral de Controle Externo, Maria Beth\u00e2nia Lahoz.<\/p>\n\n\n\n<p>Conforme antecipado pela apresentadora Tain\u00e1 Falc\u00e3o, da CNN Brasil, Vital do R\u00eago confirmou que o encontro tem como objetivo buscar uma solu\u00e7\u00e3o conjunta sobre o caso envolvendo o Banco Master antes do julgamento do recurso da autoridade monet\u00e1ria pelo plen\u00e1rio do TCU.<\/p><div class=\"kzuyw69ef20b645bad\" ><!--<a href=\"https:\/\/bit.ly\/3QdrqTZ\" target=\"_blank\">\n<img src=\"https:\/\/justicapotiguar.com.br\/wp-content\/uploads\/2023\/09\/mobile-geral.gif\"\/><a\/>--><\/div><style type=\"text\/css\">\r\n.kzuyw69ef20b645bad {\r\ntext-align: center;\r\n}\r\n@media screen and (min-width: 1201px) {\r\n.kzuyw69ef20b645bad {\r\ndisplay: none;\r\n}\r\n}\r\n@media screen and (min-width: 993px) and (max-width: 1200px) {\r\n.kzuyw69ef20b645bad {\r\ndisplay: none;\r\n}\r\n}\r\n@media screen and (min-width: 769px) and (max-width: 992px) {\r\n.kzuyw69ef20b645bad {\r\ndisplay: none;\r\n}\r\n}\r\n@media screen and (min-width: 768px) and (max-width: 768px) {\r\n.kzuyw69ef20b645bad {\r\ndisplay: block;\r\n}\r\n}\r\n@media screen and (max-width: 767px) {\r\n.kzuyw69ef20b645bad {\r\ndisplay: block;\r\n}\r\n}\r\n<\/style>\r\n<div class=\"mglqf69ef20b645b91\" ><!--<a href=\"https:\/\/bit.ly\/3QdrqTZ\" target=\"_blank\">\n<img src=\"https:\/\/justicapotiguar.com.br\/wp-content\/uploads\/2023\/09\/desktop-geral.gif\"\/><a\/>--><\/div><style type=\"text\/css\">\r\n.mglqf69ef20b645b91 {\r\ntext-align: center;\nmargin-bottom: 1em;\r\n}\r\n@media screen and (min-width: 1201px) {\r\n.mglqf69ef20b645b91 {\r\ndisplay: block;\r\n}\r\n}\r\n@media screen and (min-width: 993px) and (max-width: 1200px) {\r\n.mglqf69ef20b645b91 {\r\ndisplay: block;\r\n}\r\n}\r\n@media screen and (min-width: 769px) and (max-width: 992px) {\r\n.mglqf69ef20b645b91 {\r\ndisplay: block;\r\n}\r\n}\r\n@media screen and (min-width: 768px) and (max-width: 768px) {\r\n.mglqf69ef20b645b91 {\r\ndisplay: none;\r\n}\r\n}\r\n@media screen and (max-width: 767px) {\r\n.mglqf69ef20b645b91 {\r\ndisplay: none;\r\n}\r\n}\r\n<\/style>\r\n\n\n\n\n<p>No in\u00edcio da semana passada, o ministro Jhonatan de Jesus havia autorizado uma inspe\u00e7\u00e3o no Banco Central diante do processo de liquida\u00e7\u00e3o do Master.<\/p>\n\n\n\n<p>Dias depois, na quinta-feira (8), ele acolheu um recurso do BC e suspendeu a medida at\u00e9 que o plen\u00e1rio da Corte de Contas delibere. A expectativa \u00e9 de que o embargo seja analisado na primeira sess\u00e3o do TCU ap\u00f3s o recesso, em 21 de janeiro.<\/p>\n\n\n\n<p><em>Fonte: CNN<\/em><\/p>\n","protected":false},"excerpt":{"rendered":"<p>No in\u00edcio da semana passada, o ministro Jhonatan de Jesus havia autorizado uma inspe\u00e7\u00e3o no Banco Central diante do processo de liquida\u00e7\u00e3o do Master.<br \/><a class=\"more-link\" href=\"https:\/\/justicapotiguar.com.br\/index.php\/2026\/01\/12\/presidentes-do-banco-central-e-tcu-se-reunem-hoje-para-discutir-caso-master\/\">Mais&#8230;<\/a><\/p>\n","protected":false},"author":8,"featured_media":0,"comment_status":"open","ping_status":"open","sticky":false,"template":"","format":"standard","meta":[],"categories":[3],"tags":[],"_links":{"self":[{"href":"https:\/\/justicapotiguar.com.br\/index.php\/wp-json\/wp\/v2\/posts\/49947"}],"collection":[{"href":"https:\/\/justicapotiguar.com.br\/index.php\/wp-json\/wp\/v2\/posts"}],"about":[{"href":"https:\/\/justicapotiguar.com.br\/index.php\/wp-json\/wp\/v2\/types\/post"}],"author":[{"embeddable":true,"href":"https:\/\/justicapotiguar.com.br\/index.php\/wp-json\/wp\/v2\/users\/8"}],"replies":[{"embeddable":true,"href":"https:\/\/justicapotiguar.com.br\/index.php\/wp-json\/wp\/v2\/comments?post=49947"}],"version-history":[{"count":4,"href":"https:\/\/justicapotiguar.com.br\/index.php\/wp-json\/wp\/v2\/posts\/49947\/revisions"}],"predecessor-version":[{"id":49952,"href":"https:\/\/justicapotiguar.com.br\/index.php\/wp-json\/wp\/v2\/posts\/49947\/revisions\/49952"}],"wp:attachment":[{"href":"https:\/\/justicapotiguar.com.br\/index.php\/wp-json\/wp\/v2\/media?parent=49947"}],"wp:term":[{"taxonomy":"category","embeddable":true,"href":"https:\/\/justicapotiguar.com.br\/index.php\/wp-json\/wp\/v2\/categories?post=49947"},{"taxonomy":"post_tag","embeddable":true,"href":"https:\/\/justicapotiguar.com.br\/index.php\/wp-json\/wp\/v2\/tags?post=49947"}],"curies":[{"name":"wp","href":"https:\/\/api.w.org\/{rel}","templated":true}]}}