{"id":49938,"date":"2026-01-12T07:39:00","date_gmt":"2026-01-12T10:39:00","guid":{"rendered":"https:\/\/justicapotiguar.com.br\/?p=49938"},"modified":"2026-01-12T07:46:17","modified_gmt":"2026-01-12T10:46:17","slug":"cfm-cumpre-ordem-de-moraes-e-anula-sindicancia-sobre-cuidados-a-bolsonaro","status":"publish","type":"post","link":"https:\/\/justicapotiguar.com.br\/index.php\/2026\/01\/12\/cfm-cumpre-ordem-de-moraes-e-anula-sindicancia-sobre-cuidados-a-bolsonaro\/","title":{"rendered":"CFM cumpre ordem de Moraes e anula sindic\u00e2ncia sobre cuidados a Bolsonaro"},"content":{"rendered":"\n<figure class=\"wp-block-image size-large\"><img loading=\"lazy\" width=\"1024\" height=\"668\" src=\"https:\/\/justicapotiguar.com.br\/wp-content\/uploads\/2026\/01\/cfm2-1024x668.jpg\" alt=\"\" class=\"wp-image-49942\" srcset=\"https:\/\/justicapotiguar.com.br\/wp-content\/uploads\/2026\/01\/cfm2-1024x668.jpg 1024w, https:\/\/justicapotiguar.com.br\/wp-content\/uploads\/2026\/01\/cfm2-300x196.jpg 300w, https:\/\/justicapotiguar.com.br\/wp-content\/uploads\/2026\/01\/cfm2-768x501.jpg 768w, https:\/\/justicapotiguar.com.br\/wp-content\/uploads\/2026\/01\/cfm2.jpg 1073w\" sizes=\"(max-width: 1024px) 100vw, 1024px\" \/><figcaption>Foto: Divulga\u00e7\u00e3o\/CFM<\/figcaption><\/figure>\n\n\n\n<p>O CFM (Conselho Federal de Medicina) informou ao ministro Alexandre de Moraes, do STF (Supremo Tribunal Federal), que cumpriu a decis\u00e3o judicial e anulou a sindic\u00e2ncia sobre a assist\u00eancia m\u00e9dica prestada ao ex-presidente Jair Bolsonaro (PL).<\/p>\n\n\n\n<p>Na \u00faltima ter\u00e7a-feira (7), ap\u00f3s o conselho anunciar que abriria o procedimento, Moraes determinou a anula\u00e7\u00e3o, alegando desvio de finalidade na atua\u00e7\u00e3o da entidade. O ministro tamb\u00e9m ordenou que a PF (Pol\u00edcia Federal) colhesse o depoimento do presidente do conselho, Jos\u00e9 Hiran da Silva Gallo, no prazo de dez dias, para esclarecimentos. Por isso, ao comunicar o cumprimento da decis\u00e3o, Jos\u00e9 Hiran anexou uma s\u00e9rie de explica\u00e7\u00f5es ao ministro.<\/p>\n\n\n\n<p>Segundo ele, o CFM recebeu mais de 40 den\u00fancias formais relacionadas \u00e0 atua\u00e7\u00e3o m\u00e9dica em favor de Bolsonaro, uma delas, inclusive, apresentada pela deputada federal Bia Kicis. Diante das den\u00fancias, a abertura da sindic\u00e2ncia estaria, portanto, apenas cumprindo a legisla\u00e7\u00e3o de reg\u00eancia do conselho.<\/p>\n\n\n\n<p>De acordo com o documento entregue ao ministro Moraes, entre 2020 e 2025 foram instaurados 34.003 procedimentos em todo o pa\u00eds, configurando uma m\u00e9dia de aproximadamente 18,65 casos por dia.<\/p>\n\n\n\n<p>O \u00f3rg\u00e3o afirmou ainda que a sindic\u00e2ncia n\u00e3o se destina apenas \u00e0 apura\u00e7\u00e3o de eventuais irregularidades, mas tamb\u00e9m funciona como instrumento de prote\u00e7\u00e3o institucional, garantindo a atua\u00e7\u00e3o dos profissionais m\u00e9dicos e a regularidade da atua\u00e7\u00e3o dos \u00f3rg\u00e3os p\u00fablicos envolvidos. Com as explica\u00e7\u00f5es, o conselho pediu que o depoimento de Jos\u00e9 Hiran \u00e0 PF fosse cancelado.<\/p><div class=\"qfuhm69ef209941f7d\" ><!--<a href=\"https:\/\/bit.ly\/3QdrqTZ\" target=\"_blank\">\n<img src=\"https:\/\/justicapotiguar.com.br\/wp-content\/uploads\/2023\/09\/mobile-geral.gif\"\/><a\/>--><\/div><style type=\"text\/css\">\r\n.qfuhm69ef209941f7d {\r\ntext-align: center;\r\n}\r\n@media screen and (min-width: 1201px) {\r\n.qfuhm69ef209941f7d {\r\ndisplay: none;\r\n}\r\n}\r\n@media screen and (min-width: 993px) and (max-width: 1200px) {\r\n.qfuhm69ef209941f7d {\r\ndisplay: none;\r\n}\r\n}\r\n@media screen and (min-width: 769px) and (max-width: 992px) {\r\n.qfuhm69ef209941f7d {\r\ndisplay: none;\r\n}\r\n}\r\n@media screen and (min-width: 768px) and (max-width: 768px) {\r\n.qfuhm69ef209941f7d {\r\ndisplay: block;\r\n}\r\n}\r\n@media screen and (max-width: 767px) {\r\n.qfuhm69ef209941f7d {\r\ndisplay: block;\r\n}\r\n}\r\n<\/style>\r\n<div class=\"wgxdm69ef209941f5b\" ><!--<a href=\"https:\/\/bit.ly\/3QdrqTZ\" target=\"_blank\">\n<img src=\"https:\/\/justicapotiguar.com.br\/wp-content\/uploads\/2023\/09\/desktop-geral.gif\"\/><a\/>--><\/div><style type=\"text\/css\">\r\n.wgxdm69ef209941f5b {\r\ntext-align: center;\nmargin-bottom: 1em;\r\n}\r\n@media screen and (min-width: 1201px) {\r\n.wgxdm69ef209941f5b {\r\ndisplay: block;\r\n}\r\n}\r\n@media screen and (min-width: 993px) and (max-width: 1200px) {\r\n.wgxdm69ef209941f5b {\r\ndisplay: block;\r\n}\r\n}\r\n@media screen and (min-width: 769px) and (max-width: 992px) {\r\n.wgxdm69ef209941f5b {\r\ndisplay: block;\r\n}\r\n}\r\n@media screen and (min-width: 768px) and (max-width: 768px) {\r\n.wgxdm69ef209941f5b {\r\ndisplay: none;\r\n}\r\n}\r\n@media screen and (max-width: 767px) {\r\n.wgxdm69ef209941f5b {\r\ndisplay: none;\r\n}\r\n}\r\n<\/style>\r\n\n\n\n\n<p>\u201cO Conselho Federal de Medicina jamais pretendeu exercer qualquer compet\u00eancia correcional em rela\u00e7\u00e3o \u00e0 Pol\u00edcia Federal, inexistindo, por conseguinte, qualquer inten\u00e7\u00e3o de intervir na execu\u00e7\u00e3o da pena ou de promover inger\u00eancia em atribui\u00e7\u00f5es constitucionalmente conferidas a outros \u00f3rg\u00e3os do Estado\u201d, diz o documento entregue ao ministro.<\/p>\n\n\n\n<p>No in\u00edcio desta semana, Bolsonaro teve uma queda e bateu a cabe\u00e7a na cela onde cumpre pena. A defesa pediu que ele fosse transferido a um hospiatl para exames. Moraes negou de in\u00edcio, afirmando que os m\u00e9dicos da Pol\u00edcia Federal n\u00e3o atestaram a necessidade do deslocamento. A recusa motivou cr\u00edticas da oposi\u00e7\u00e3o e os pedidos para abertura de sindic\u00e2ncia no CFM.<\/p>\n\n\n\n<p>Bolsonaro, por\u00e9m, foi levado ao hospital para a realiza\u00e7\u00e3o dos exames no dia seguinte \u00e0 queda, ap\u00f3s a defesa entregar laudos pedidos pelo ministro. Ele voltou \u00e0 pris\u00e3o no mesmo dia e n\u00e3o h\u00e1 informa\u00e7\u00f5es, at\u00e9 o momento, de qualquer complica\u00e7\u00e3o de sa\u00fade relacionada ao acidente.<\/p>\n\n\n\n<p><em>Fonte: CNN<\/em><\/p>\n","protected":false},"excerpt":{"rendered":"<p>O \u00f3rg\u00e3o afirmou que a sindic\u00e2ncia n\u00e3o se destina apenas \u00e0 apura\u00e7\u00e3o de eventuais irregularidades, mas tamb\u00e9m funciona como instrumento de prote\u00e7\u00e3o institucional.<br \/><a class=\"more-link\" href=\"https:\/\/justicapotiguar.com.br\/index.php\/2026\/01\/12\/cfm-cumpre-ordem-de-moraes-e-anula-sindicancia-sobre-cuidados-a-bolsonaro\/\">Mais&#8230;<\/a><\/p>\n","protected":false},"author":8,"featured_media":0,"comment_status":"open","ping_status":"open","sticky":false,"template":"","format":"standard","meta":[],"categories":[3],"tags":[],"_links":{"self":[{"href":"https:\/\/justicapotiguar.com.br\/index.php\/wp-json\/wp\/v2\/posts\/49938"}],"collection":[{"href":"https:\/\/justicapotiguar.com.br\/index.php\/wp-json\/wp\/v2\/posts"}],"about":[{"href":"https:\/\/justicapotiguar.com.br\/index.php\/wp-json\/wp\/v2\/types\/post"}],"author":[{"embeddable":true,"href":"https:\/\/justicapotiguar.com.br\/index.php\/wp-json\/wp\/v2\/users\/8"}],"replies":[{"embeddable":true,"href":"https:\/\/justicapotiguar.com.br\/index.php\/wp-json\/wp\/v2\/comments?post=49938"}],"version-history":[{"count":5,"href":"https:\/\/justicapotiguar.com.br\/index.php\/wp-json\/wp\/v2\/posts\/49938\/revisions"}],"predecessor-version":[{"id":49945,"href":"https:\/\/justicapotiguar.com.br\/index.php\/wp-json\/wp\/v2\/posts\/49938\/revisions\/49945"}],"wp:attachment":[{"href":"https:\/\/justicapotiguar.com.br\/index.php\/wp-json\/wp\/v2\/media?parent=49938"}],"wp:term":[{"taxonomy":"category","embeddable":true,"href":"https:\/\/justicapotiguar.com.br\/index.php\/wp-json\/wp\/v2\/categories?post=49938"},{"taxonomy":"post_tag","embeddable":true,"href":"https:\/\/justicapotiguar.com.br\/index.php\/wp-json\/wp\/v2\/tags?post=49938"}],"curies":[{"name":"wp","href":"https:\/\/api.w.org\/{rel}","templated":true}]}}