{"id":4897,"date":"2019-12-18T08:46:48","date_gmt":"2019-12-18T11:46:48","guid":{"rendered":"https:\/\/justicapotiguar.com.br\/?p=4897"},"modified":"2019-12-18T08:46:48","modified_gmt":"2019-12-18T11:46:48","slug":"projeto-aumenta-para-6-anos-prazo-para-juizes-deixarem-cargo-e-se-candidatarem","status":"publish","type":"post","link":"https:\/\/justicapotiguar.com.br\/index.php\/2019\/12\/18\/projeto-aumenta-para-6-anos-prazo-para-juizes-deixarem-cargo-e-se-candidatarem\/","title":{"rendered":"Projeto aumenta para 6 anos prazo para ju\u00edzes deixarem cargo e se candidatarem"},"content":{"rendered":"\n<p>Tramita na C\u00e2mara dos Deputados projeto que pretende atrapalhar a vida dos ju\u00edzes que queiram largar a toga para seguir na vida pol\u00edtica. Assinado pelo deputado F\u00e1bio Trad (PSD-MS), o Projeto de Lei Complementar 247\/2019 aumenta de seis meses para seis anos o prazo para deixar a carreira e se candidatar. O mesmo vale para membros do Minist\u00e9rio P\u00fablico.<\/p>\n\n\n\n<figure class=\"wp-block-image\"><img src=\"https:\/\/www.conjur.com.br\/img\/b\/fabio-trad3.jpeg\" alt=\"\"\/><figcaption>O deputado federal F\u00e1bio Trad (PSD-MS)<br><sup>Divulga\u00e7\u00e3o<\/sup><\/figcaption><\/figure>\n\n\n\n<p>A proposta casa com a&nbsp;<a href=\"https:\/\/www.conjur.com.br\/2019-dez-16\/ministro-tse-propoe-quarentena-real-juizes-candidatos\" target=\"_blank\" rel=\"noreferrer noopener\">sugest\u00e3o do ministro Luis Felipe Salom\u00e3o<\/a>, do Tribunal Superior Eleitoral, de estabelecer uma quarentena para ju\u00edzes que queiram se candidatar. O ministro falou na sess\u00e3o em que o TSE decidiu pela cassa\u00e7\u00e3o do mandato da senadora Selma Arruda (PSL-MT). Segundo Salom\u00e3o, \u00e9 necess\u00e1ria alguma medida que impe\u00e7a ju\u00edzes de se aproveitar do protagonismo que a magistratura vem assumindo nos \u00faltimos anos no Brasil.<\/p>\n\n\n\n<p>O projeto nasceu de uma articula\u00e7\u00e3o de deputados e n\u00e3o tem nenhuma rela\u00e7\u00e3o com a proposta do ministro Salom\u00e3o. Mas se aplica perfeitamente ao exemplo da senadora cassada: em agosto deste ano, o Tribunal de Justi\u00e7a de Mato Grosso anulou decis\u00e3o de Selma Arruda porque ela agiu em \u201cinteresse pr\u00f3prio\u201d, j\u00e1 com a candidatura em mente. E como disse o ministro Salom\u00e3o, Selma negociou sua candidatura com o PSL \u201ccom a toga no ombro\u201d.<\/p>\n\n\n\n<p>A ideia dos deputados \u00e9, claro, evitar a concorr\u00eancia de magistrados e promotores, que est\u00e3o em situa\u00e7\u00e3o privilegiada para fazer campanha de dentro de suas institui\u00e7\u00f5es. J\u00e1 h\u00e1, inclusive, um&nbsp;<a href=\"https:\/\/www.conjur.com.br\/2018-ago-02\/procuradores-republica-candidatar-eleicoes-2018\" target=\"_blank\" rel=\"noreferrer noopener\">movimento de procuradores da Rep\u00fablica<\/a>&nbsp;que querem se candidatar sem deixar a carreira. O pr\u00f3prio Deltan Dallagnol, coordenador do cons\u00f3rcio da &#8220;lava jato&#8221;,&nbsp;&nbsp;<a href=\"https:\/\/www.conjur.com.br\/2019-set-03\/procuradores-queriam-deltan-candidatasse-senado\" target=\"_blank\" rel=\"noreferrer noopener\">alimentava o sonho<\/a>&nbsp;de ser senador e queria que cada estado tivesse um senador oriundo do MPF.<\/p><div class=\"yfnle69f41772b703f\" ><!--<a href=\"https:\/\/bit.ly\/3QdrqTZ\" target=\"_blank\">\n<img src=\"https:\/\/justicapotiguar.com.br\/wp-content\/uploads\/2023\/09\/mobile-geral.gif\"\/><a\/>--><\/div><style type=\"text\/css\">\r\n.yfnle69f41772b703f {\r\ntext-align: center;\r\n}\r\n@media screen and (min-width: 1201px) {\r\n.yfnle69f41772b703f {\r\ndisplay: none;\r\n}\r\n}\r\n@media screen and (min-width: 993px) and (max-width: 1200px) {\r\n.yfnle69f41772b703f {\r\ndisplay: none;\r\n}\r\n}\r\n@media screen and (min-width: 769px) and (max-width: 992px) {\r\n.yfnle69f41772b703f {\r\ndisplay: none;\r\n}\r\n}\r\n@media screen and (min-width: 768px) and (max-width: 768px) {\r\n.yfnle69f41772b703f {\r\ndisplay: block;\r\n}\r\n}\r\n@media screen and (max-width: 767px) {\r\n.yfnle69f41772b703f {\r\ndisplay: block;\r\n}\r\n}\r\n<\/style>\r\n<div class=\"xidye69f41772b7020\" ><!--<a href=\"https:\/\/bit.ly\/3QdrqTZ\" target=\"_blank\">\n<img src=\"https:\/\/justicapotiguar.com.br\/wp-content\/uploads\/2023\/09\/desktop-geral.gif\"\/><a\/>--><\/div><style type=\"text\/css\">\r\n.xidye69f41772b7020 {\r\ntext-align: center;\nmargin-bottom: 1em;\r\n}\r\n@media screen and (min-width: 1201px) {\r\n.xidye69f41772b7020 {\r\ndisplay: block;\r\n}\r\n}\r\n@media screen and (min-width: 993px) and (max-width: 1200px) {\r\n.xidye69f41772b7020 {\r\ndisplay: block;\r\n}\r\n}\r\n@media screen and (min-width: 769px) and (max-width: 992px) {\r\n.xidye69f41772b7020 {\r\ndisplay: block;\r\n}\r\n}\r\n@media screen and (min-width: 768px) and (max-width: 768px) {\r\n.xidye69f41772b7020 {\r\ndisplay: none;\r\n}\r\n}\r\n@media screen and (max-width: 767px) {\r\n.xidye69f41772b7020 {\r\ndisplay: none;\r\n}\r\n}\r\n<\/style>\r\n\n\n\n\n<p>Mas a proposta tamb\u00e9m cria uma vacina contra o uso pol\u00edtico de carreiras jur\u00eddicas. Ainda mais num cen\u00e1rio em que cada vez mais ju\u00edzes e membros do MP cogitam de deixar suas carreiras para seguir a vida pol\u00edtica.<\/p>\n\n\n\n<p>O projeto j\u00e1 foi apensado a outros, que discute os prazos de desincompatibiliza\u00e7\u00e3o de outros cargos, como ministros de Estado e secret\u00e1rios de governo, para participar de elei\u00e7\u00f5es. Uma das propostas \u00e9 estabelecer um prazo m\u00ednimo para que o juiz ou membro do MP deixe a carreira para se filiar a um partido, o que n\u00e3o existe hoje.<\/p>\n\n\n\n<p>Al\u00e9m dos novos prazos, o projeto tamb\u00e9m apresenta suas bondades. Libera, por exemplo, as candidaturas de assessores do presidente da Rep\u00fablica e de chefes da carreiras militares, inclusive do Estado-Maior das For\u00e7as Armadas, que hoje s\u00e3o proibidas pela Lei das Inelegibilidades.<\/p>\n\n\n\n<p>Conjur<\/p>\n","protected":false},"excerpt":{"rendered":"<p>O mesmo vale para membros do Minist\u00e9rio P\u00fablico<br \/><a class=\"more-link\" href=\"https:\/\/justicapotiguar.com.br\/index.php\/2019\/12\/18\/projeto-aumenta-para-6-anos-prazo-para-juizes-deixarem-cargo-e-se-candidatarem\/\">Mais&#8230;<\/a><\/p>\n","protected":false},"author":5,"featured_media":4345,"comment_status":"open","ping_status":"open","sticky":false,"template":"","format":"standard","meta":[],"categories":[3],"tags":[],"_links":{"self":[{"href":"https:\/\/justicapotiguar.com.br\/index.php\/wp-json\/wp\/v2\/posts\/4897"}],"collection":[{"href":"https:\/\/justicapotiguar.com.br\/index.php\/wp-json\/wp\/v2\/posts"}],"about":[{"href":"https:\/\/justicapotiguar.com.br\/index.php\/wp-json\/wp\/v2\/types\/post"}],"author":[{"embeddable":true,"href":"https:\/\/justicapotiguar.com.br\/index.php\/wp-json\/wp\/v2\/users\/5"}],"replies":[{"embeddable":true,"href":"https:\/\/justicapotiguar.com.br\/index.php\/wp-json\/wp\/v2\/comments?post=4897"}],"version-history":[{"count":1,"href":"https:\/\/justicapotiguar.com.br\/index.php\/wp-json\/wp\/v2\/posts\/4897\/revisions"}],"predecessor-version":[{"id":4898,"href":"https:\/\/justicapotiguar.com.br\/index.php\/wp-json\/wp\/v2\/posts\/4897\/revisions\/4898"}],"wp:featuredmedia":[{"embeddable":true,"href":"https:\/\/justicapotiguar.com.br\/index.php\/wp-json\/wp\/v2\/media\/4345"}],"wp:attachment":[{"href":"https:\/\/justicapotiguar.com.br\/index.php\/wp-json\/wp\/v2\/media?parent=4897"}],"wp:term":[{"taxonomy":"category","embeddable":true,"href":"https:\/\/justicapotiguar.com.br\/index.php\/wp-json\/wp\/v2\/categories?post=4897"},{"taxonomy":"post_tag","embeddable":true,"href":"https:\/\/justicapotiguar.com.br\/index.php\/wp-json\/wp\/v2\/tags?post=4897"}],"curies":[{"name":"wp","href":"https:\/\/api.w.org\/{rel}","templated":true}]}}