{"id":4888,"date":"2019-12-17T18:18:39","date_gmt":"2019-12-17T21:18:39","guid":{"rendered":"https:\/\/justicapotiguar.com.br\/?p=4888"},"modified":"2019-12-17T16:47:18","modified_gmt":"2019-12-17T19:47:18","slug":"conselho-nacional-de-justica-aprova-resolucao-sobre-uso-de-redes-sociais-por-juizes","status":"publish","type":"post","link":"https:\/\/justicapotiguar.com.br\/index.php\/2019\/12\/17\/conselho-nacional-de-justica-aprova-resolucao-sobre-uso-de-redes-sociais-por-juizes\/","title":{"rendered":"Conselho Nacional de Justi\u00e7a aprova resolu\u00e7\u00e3o sobre uso de redes sociais por ju\u00edzes"},"content":{"rendered":"\n<p>O plen\u00e1rio do\u00a0<a href=\"https:\/\/g1.globo.com\/tudo-sobre\/cnj\/\">Conselho Nacional de Justi\u00e7a (CNJ)\u00a0<\/a>aprovou por maioria nesta ter\u00e7a-feira (17) resolu\u00e7\u00e3o para regular o uso de redes sociais por ju\u00edzes em todo o pa\u00eds.<\/p>\n\n\n\n<figure class=\"wp-block-image\"><img loading=\"lazy\" width=\"640\" height=\"427\" src=\"https:\/\/justicapotiguar.com.br\/wp-content\/uploads\/2019\/09\/cnj-pleno-FOTO-Luiz-Silveira-Age\u0302ncia-CNJ.jpg\" alt=\"\" class=\"wp-image-2445\" srcset=\"https:\/\/justicapotiguar.com.br\/wp-content\/uploads\/2019\/09\/cnj-pleno-FOTO-Luiz-Silveira-Age\u0302ncia-CNJ.jpg 640w, https:\/\/justicapotiguar.com.br\/wp-content\/uploads\/2019\/09\/cnj-pleno-FOTO-Luiz-Silveira-Age\u0302ncia-CNJ-300x200.jpg 300w\" sizes=\"(max-width: 640px) 100vw, 640px\" \/><figcaption>Reprodu\u00e7\u00e3o<\/figcaption><\/figure>\n\n\n\n<p>Sete conselheiros seguiram a proposta apresentada pelo presidente do conselho e do Supremo Tribunal Federal (STF), ministro\u00a0<a href=\"https:\/\/g1.globo.com\/tudo-sobre\/dias-toffoli\/\">Dias Toffoli<\/a>. Tr\u00eas foram contra. Dois votaram na proposta inicial, mais restrita.<\/p>\n\n\n\n<p>De acordo com a proposta de Toffoli, o juiz pode ter opini\u00e3o pol\u00edtica, mas n\u00e3o pode manifestar suas simpatias, a fim de preservar a imparcialidade.<\/p>\n\n\n\n<p>Pela resolu\u00e7\u00e3o aprovada, fica vedado \u201cemitir opini\u00e3o que demonstre atua\u00e7\u00e3o em atividade pol\u00edtico-partid\u00e1ria ou manifestar-se em apoio ou cr\u00edtica p\u00fablicos a candidato, lideran\u00e7as pol\u00edticas ou partidos pol\u00edticos\u201d.<\/p><div class=\"klznh69f3e24652efd\" ><!--<a href=\"https:\/\/bit.ly\/3QdrqTZ\" target=\"_blank\">\n<img src=\"https:\/\/justicapotiguar.com.br\/wp-content\/uploads\/2023\/09\/mobile-geral.gif\"\/><a\/>--><\/div><style type=\"text\/css\">\r\n.klznh69f3e24652efd {\r\ntext-align: center;\r\n}\r\n@media screen and (min-width: 1201px) {\r\n.klznh69f3e24652efd {\r\ndisplay: none;\r\n}\r\n}\r\n@media screen and (min-width: 993px) and (max-width: 1200px) {\r\n.klznh69f3e24652efd {\r\ndisplay: none;\r\n}\r\n}\r\n@media screen and (min-width: 769px) and (max-width: 992px) {\r\n.klznh69f3e24652efd {\r\ndisplay: none;\r\n}\r\n}\r\n@media screen and (min-width: 768px) and (max-width: 768px) {\r\n.klznh69f3e24652efd {\r\ndisplay: block;\r\n}\r\n}\r\n@media screen and (max-width: 767px) {\r\n.klznh69f3e24652efd {\r\ndisplay: block;\r\n}\r\n}\r\n<\/style>\r\n<div class=\"ilwoe69f3e24652ed7\" ><!--<a href=\"https:\/\/bit.ly\/3QdrqTZ\" target=\"_blank\">\n<img src=\"https:\/\/justicapotiguar.com.br\/wp-content\/uploads\/2023\/09\/desktop-geral.gif\"\/><a\/>--><\/div><style type=\"text\/css\">\r\n.ilwoe69f3e24652ed7 {\r\ntext-align: center;\nmargin-bottom: 1em;\r\n}\r\n@media screen and (min-width: 1201px) {\r\n.ilwoe69f3e24652ed7 {\r\ndisplay: block;\r\n}\r\n}\r\n@media screen and (min-width: 993px) and (max-width: 1200px) {\r\n.ilwoe69f3e24652ed7 {\r\ndisplay: block;\r\n}\r\n}\r\n@media screen and (min-width: 769px) and (max-width: 992px) {\r\n.ilwoe69f3e24652ed7 {\r\ndisplay: block;\r\n}\r\n}\r\n@media screen and (min-width: 768px) and (max-width: 768px) {\r\n.ilwoe69f3e24652ed7 {\r\ndisplay: none;\r\n}\r\n}\r\n@media screen and (max-width: 767px) {\r\n.ilwoe69f3e24652ed7 {\r\ndisplay: none;\r\n}\r\n}\r\n<\/style>\r\n\n\n\n\n<p>Segundo o texto da resolu\u00e7\u00e3o, os ju\u00edzes devem \u201cevitar expressar opini\u00f5es ou compartilhar informa\u00e7\u00f5es que possam prejudicar o conceito da sociedade em rela\u00e7\u00e3o \u00e0 independ\u00eancia, \u00e0 imparcialidade, \u00e0 integridade e \u00e0 idoneidade do magistrado ou que possam afetar a confian\u00e7a do p\u00fablico no Poder Judici\u00e1rio\u201d.<\/p>\n\n\n\n<p>Al\u00e9m disso, devem \u201cevitar manifesta\u00e7\u00f5es que busquem autopromo\u00e7\u00e3o ou superexposi\u00e7\u00e3o\u201d. De acordo com a resolu\u00e7\u00e3o, o juiz tamb\u00e9m deve \u201cabster-se de compartilhar conte\u00fado ou a ele manifestar apoio sem convic\u00e7\u00e3o pessoal sobre a veracidade da informa\u00e7\u00e3o, evitando a propaga\u00e7\u00e3o de not\u00edcias falsas\u201d.<\/p>\n\n\n\n<p>A an\u00e1lise teve in\u00edcio em junho com dois votos favor\u00e1veis, do relator, Aloysio Corr\u00eaa da Veiga, e do conselheiro Valdet\u00e1rio Monteiro. Nesta ter\u00e7a, Toffoli apresentou uma nova vers\u00e3o, na qual retirou diversos dispositivos inicialmente previstos. Essa vers\u00e3o acabou sendo a aprovada pela maioria.<\/p>\n\n\n\n<p>G1<\/p>\n","protected":false},"excerpt":{"rendered":"<p>O plen\u00e1rio do\u00a0Conselho Nacional de Justi\u00e7a (CNJ)\u00a0aprovou por maioria nesta ter\u00e7a-feira (17) resolu\u00e7\u00e3o para regular o uso de redes sociais por ju\u00edzes em todo o pa\u00eds. Sete conselheiros seguiram a proposta apresentada pelo presidente do conselho e do Supremo Tribunal Federal (STF), ministro\u00a0Dias Toffoli. Tr\u00eas foram contra. Dois votaram na proposta inicial, mais restrita. De<br \/><a class=\"more-link\" href=\"https:\/\/justicapotiguar.com.br\/index.php\/2019\/12\/17\/conselho-nacional-de-justica-aprova-resolucao-sobre-uso-de-redes-sociais-por-juizes\/\">Mais&#8230;<\/a><\/p>\n","protected":false},"author":5,"featured_media":2445,"comment_status":"open","ping_status":"open","sticky":false,"template":"","format":"standard","meta":[],"categories":[3],"tags":[],"_links":{"self":[{"href":"https:\/\/justicapotiguar.com.br\/index.php\/wp-json\/wp\/v2\/posts\/4888"}],"collection":[{"href":"https:\/\/justicapotiguar.com.br\/index.php\/wp-json\/wp\/v2\/posts"}],"about":[{"href":"https:\/\/justicapotiguar.com.br\/index.php\/wp-json\/wp\/v2\/types\/post"}],"author":[{"embeddable":true,"href":"https:\/\/justicapotiguar.com.br\/index.php\/wp-json\/wp\/v2\/users\/5"}],"replies":[{"embeddable":true,"href":"https:\/\/justicapotiguar.com.br\/index.php\/wp-json\/wp\/v2\/comments?post=4888"}],"version-history":[{"count":1,"href":"https:\/\/justicapotiguar.com.br\/index.php\/wp-json\/wp\/v2\/posts\/4888\/revisions"}],"predecessor-version":[{"id":4889,"href":"https:\/\/justicapotiguar.com.br\/index.php\/wp-json\/wp\/v2\/posts\/4888\/revisions\/4889"}],"wp:featuredmedia":[{"embeddable":true,"href":"https:\/\/justicapotiguar.com.br\/index.php\/wp-json\/wp\/v2\/media\/2445"}],"wp:attachment":[{"href":"https:\/\/justicapotiguar.com.br\/index.php\/wp-json\/wp\/v2\/media?parent=4888"}],"wp:term":[{"taxonomy":"category","embeddable":true,"href":"https:\/\/justicapotiguar.com.br\/index.php\/wp-json\/wp\/v2\/categories?post=4888"},{"taxonomy":"post_tag","embeddable":true,"href":"https:\/\/justicapotiguar.com.br\/index.php\/wp-json\/wp\/v2\/tags?post=4888"}],"curies":[{"name":"wp","href":"https:\/\/api.w.org\/{rel}","templated":true}]}}