{"id":4825,"date":"2019-12-16T11:40:54","date_gmt":"2019-12-16T14:40:54","guid":{"rendered":"https:\/\/justicapotiguar.com.br\/?p=4825"},"modified":"2019-12-16T09:43:03","modified_gmt":"2019-12-16T12:43:03","slug":"justica-federal-do-rn-ampliara-horario-de-atendimento-ao-publico-em-2020","status":"publish","type":"post","link":"https:\/\/justicapotiguar.com.br\/index.php\/2019\/12\/16\/justica-federal-do-rn-ampliara-horario-de-atendimento-ao-publico-em-2020\/","title":{"rendered":"Justi\u00e7a Federal do RN ampliar\u00e1 hor\u00e1rio de atendimento ao p\u00fablico em 2020"},"content":{"rendered":"\n<figure class=\"wp-block-image\"><img loading=\"lazy\" width=\"730\" height=\"400\" src=\"https:\/\/justicapotiguar.com.br\/wp-content\/uploads\/2019\/08\/justica-federal.jpg\" alt=\"\" class=\"wp-image-786\" srcset=\"https:\/\/justicapotiguar.com.br\/wp-content\/uploads\/2019\/08\/justica-federal.jpg 730w, https:\/\/justicapotiguar.com.br\/wp-content\/uploads\/2019\/08\/justica-federal-300x164.jpg 300w\" sizes=\"(max-width: 730px) 100vw, 730px\" \/><figcaption>Reprodu\u00e7\u00e3o<\/figcaption><\/figure>\n\n\n\n<p>A Justi\u00e7a Federal no Rio Grande do Norte ampliar\u00e1, a partir de 7 de janeiro de2020, o hor\u00e1rio de atendimento ao p\u00fablico, que passar\u00e1 a ser de 8h \u00e0s 18h. A mudan\u00e7a ser\u00e1 v\u00e1lida&nbsp;para a sede e todas as Subse\u00e7\u00f5es (Mossor\u00f3, Caic\u00f3, Assu, Pau dos Ferros e Cear\u00e1-Mirim).<\/p>\n\n\n\n<p>&#8220;Estamos ampliando em uma hora o atendimento ao p\u00fablico, antes come\u00e7\u00e1vamos \u00e0s 9h e a partir de janeiro ser\u00e1 \u00e0s 8h. A nossa institui\u00e7\u00e3o, que prima pela efici\u00eancia, mant\u00e9m, inclusive, uma Central de Atendimento como porta de entrada para os jurisdicionados\u00bf&#8221; afirma o Diretor do Foro da JFRN, Juiz Federal\u00a0Carlos Wagner Dias Ferreira.\u00a0<\/p><div class=\"icnyd69efb4293de58\" ><!--<a href=\"https:\/\/bit.ly\/3QdrqTZ\" target=\"_blank\">\n<img src=\"https:\/\/justicapotiguar.com.br\/wp-content\/uploads\/2023\/09\/mobile-geral.gif\"\/><a\/>--><\/div><style type=\"text\/css\">\r\n.icnyd69efb4293de58 {\r\ntext-align: center;\r\n}\r\n@media screen and (min-width: 1201px) {\r\n.icnyd69efb4293de58 {\r\ndisplay: none;\r\n}\r\n}\r\n@media screen and (min-width: 993px) and (max-width: 1200px) {\r\n.icnyd69efb4293de58 {\r\ndisplay: none;\r\n}\r\n}\r\n@media screen and (min-width: 769px) and (max-width: 992px) {\r\n.icnyd69efb4293de58 {\r\ndisplay: none;\r\n}\r\n}\r\n@media screen and (min-width: 768px) and (max-width: 768px) {\r\n.icnyd69efb4293de58 {\r\ndisplay: block;\r\n}\r\n}\r\n@media screen and (max-width: 767px) {\r\n.icnyd69efb4293de58 {\r\ndisplay: block;\r\n}\r\n}\r\n<\/style>\r\n<div class=\"iybot69efb4293de3b\" ><!--<a href=\"https:\/\/bit.ly\/3QdrqTZ\" target=\"_blank\">\n<img src=\"https:\/\/justicapotiguar.com.br\/wp-content\/uploads\/2023\/09\/desktop-geral.gif\"\/><a\/>--><\/div><style type=\"text\/css\">\r\n.iybot69efb4293de3b {\r\ntext-align: center;\nmargin-bottom: 1em;\r\n}\r\n@media screen and (min-width: 1201px) {\r\n.iybot69efb4293de3b {\r\ndisplay: block;\r\n}\r\n}\r\n@media screen and (min-width: 993px) and (max-width: 1200px) {\r\n.iybot69efb4293de3b {\r\ndisplay: block;\r\n}\r\n}\r\n@media screen and (min-width: 769px) and (max-width: 992px) {\r\n.iybot69efb4293de3b {\r\ndisplay: block;\r\n}\r\n}\r\n@media screen and (min-width: 768px) and (max-width: 768px) {\r\n.iybot69efb4293de3b {\r\ndisplay: none;\r\n}\r\n}\r\n@media screen and (max-width: 767px) {\r\n.iybot69efb4293de3b {\r\ndisplay: none;\r\n}\r\n}\r\n<\/style>\r\n\n\n\n\n<p>Ele chamou aten\u00e7\u00e3o que no hor\u00e1rio das 17h \u00e0s 18h o atendimento ser\u00e1 exclusivo nessa Central, que fica no t\u00e9rreo do pr\u00e9dio sede.<\/p>\n","protected":false},"excerpt":{"rendered":"<p>A mudan\u00e7a ser\u00e1 v\u00e1lida para a sede e todas as Subse\u00e7\u00f5es (Mossor\u00f3, Caic\u00f3, Assu, Pau dos Ferros e Cear\u00e1-Mirim).<br \/><a class=\"more-link\" href=\"https:\/\/justicapotiguar.com.br\/index.php\/2019\/12\/16\/justica-federal-do-rn-ampliara-horario-de-atendimento-ao-publico-em-2020\/\">Mais&#8230;<\/a><\/p>\n","protected":false},"author":5,"featured_media":787,"comment_status":"open","ping_status":"open","sticky":false,"template":"","format":"standard","meta":[],"categories":[3],"tags":[],"_links":{"self":[{"href":"https:\/\/justicapotiguar.com.br\/index.php\/wp-json\/wp\/v2\/posts\/4825"}],"collection":[{"href":"https:\/\/justicapotiguar.com.br\/index.php\/wp-json\/wp\/v2\/posts"}],"about":[{"href":"https:\/\/justicapotiguar.com.br\/index.php\/wp-json\/wp\/v2\/types\/post"}],"author":[{"embeddable":true,"href":"https:\/\/justicapotiguar.com.br\/index.php\/wp-json\/wp\/v2\/users\/5"}],"replies":[{"embeddable":true,"href":"https:\/\/justicapotiguar.com.br\/index.php\/wp-json\/wp\/v2\/comments?post=4825"}],"version-history":[{"count":1,"href":"https:\/\/justicapotiguar.com.br\/index.php\/wp-json\/wp\/v2\/posts\/4825\/revisions"}],"predecessor-version":[{"id":4826,"href":"https:\/\/justicapotiguar.com.br\/index.php\/wp-json\/wp\/v2\/posts\/4825\/revisions\/4826"}],"wp:featuredmedia":[{"embeddable":true,"href":"https:\/\/justicapotiguar.com.br\/index.php\/wp-json\/wp\/v2\/media\/787"}],"wp:attachment":[{"href":"https:\/\/justicapotiguar.com.br\/index.php\/wp-json\/wp\/v2\/media?parent=4825"}],"wp:term":[{"taxonomy":"category","embeddable":true,"href":"https:\/\/justicapotiguar.com.br\/index.php\/wp-json\/wp\/v2\/categories?post=4825"},{"taxonomy":"post_tag","embeddable":true,"href":"https:\/\/justicapotiguar.com.br\/index.php\/wp-json\/wp\/v2\/tags?post=4825"}],"curies":[{"name":"wp","href":"https:\/\/api.w.org\/{rel}","templated":true}]}}