{"id":4747,"date":"2019-12-12T15:00:19","date_gmt":"2019-12-12T18:00:19","guid":{"rendered":"https:\/\/justicapotiguar.com.br\/?p=4747"},"modified":"2019-12-12T15:00:19","modified_gmt":"2019-12-12T18:00:19","slug":"justica-contribuicao-previdenciaria-nao-incide-no-1-3-de-ferias","status":"publish","type":"post","link":"https:\/\/justicapotiguar.com.br\/index.php\/2019\/12\/12\/justica-contribuicao-previdenciaria-nao-incide-no-1-3-de-ferias\/","title":{"rendered":"Justi\u00e7a: contribui\u00e7\u00e3o previdenci\u00e1ria n\u00e3o incide no 1\/3 de f\u00e9rias"},"content":{"rendered":"\n<p>O <a rel=\"noreferrer noopener\" href=\"https:\/\/www.trf4.jus.br\/trf4\/controlador.php?acao=noticia_visualizar&amp;id_noticia=14938\" target=\"_blank\">Tribunal Regional Federal da 4\u00aa Regi\u00e3o (TRF4)<\/a>\u00a0reconheceu o direito dos trabalhadores de n\u00e3o pagarem contribui\u00e7\u00f5es previdenci\u00e1rias sobre o ter\u00e7o de f\u00e9rias. A decis\u00e3o contraria o atual entendimento da Uni\u00e3o, que deve recorrer ou refor\u00e7ar a proposta na reforma tribut\u00e1ria, segundo especialistas.<\/p>\n\n\n\n<figure class=\"wp-block-image\"><img loading=\"lazy\" width=\"680\" height=\"383\" src=\"https:\/\/justicapotiguar.com.br\/wp-content\/uploads\/2019\/09\/C4D7321977B4015ACB0C9542E2957EDDBC83_dinheiro.jpg\" alt=\"\" class=\"wp-image-2411\" srcset=\"https:\/\/justicapotiguar.com.br\/wp-content\/uploads\/2019\/09\/C4D7321977B4015ACB0C9542E2957EDDBC83_dinheiro.jpg 680w, https:\/\/justicapotiguar.com.br\/wp-content\/uploads\/2019\/09\/C4D7321977B4015ACB0C9542E2957EDDBC83_dinheiro-300x169.jpg 300w\" sizes=\"(max-width: 680px) 100vw, 680px\" \/><figcaption>Reprodu\u00e7\u00e3o<\/figcaption><\/figure>\n\n\n\n<p>A decis\u00e3o foi proferida de forma un\u00e2nime na \u00faltima quarta-feira (04\/12\/2019). O entendimento do tribunal, contudo, vale por enquanto apenas para os filiados do Sindicato dos Empregados em Estabelecimentos Banc\u00e1rios de Santa Maria e Regi\u00e3o (RS), autor da a\u00e7\u00e3o. Mas a decis\u00e3o abre portas.<\/p>\n\n\n\n<h5>MAIS SOBRE O ASSUNTO<\/h5>\n\n\n\n<p>Garantido por lei, o ter\u00e7o constitucional de f\u00e9rias \u00e9 um pagamento acrescido \u00e0s&nbsp;<a href=\"https:\/\/www.metropoles.com\/brasil\/economia-br\/governo-vai-cobrar-imposto-sobre-ferias-e-13o-em-acordo-trabalhista\" target=\"_blank\" rel=\"noreferrer noopener\">f\u00e9rias dos trabalhadores<\/a>. O valor equivale \u00e0 fra\u00e7\u00e3o de 1\/3 da remunera\u00e7\u00e3o. Ou seja, se o funcion\u00e1rio, por exemplo, recebe R$ 3 mil de f\u00e9rias, ele ter\u00e1 direito a R$ 1 mil (basta dividir por tr\u00eas). A Uni\u00e3o, logo, pede a contribui\u00e7\u00e3o sobre essa parcela.<\/p>\n\n\n\n<p>Teoricamente, a&nbsp;<a href=\"https:\/\/www.metropoles.com\/distrito-federal\/servidor-do-df-pagara-taxa-de-aposentadoria-de-no-minimo-14\" target=\"_blank\" rel=\"noreferrer noopener\">contribui\u00e7\u00e3o previdenci\u00e1ria<\/a>&nbsp;somente poderia incidir sobre as verbas remunerat\u00f3rias, que s\u00e3o valores auferidos pelo empregado como forma de retribui\u00e7\u00e3o pelo servi\u00e7o prestado. Como exemplos, as quantias recebidas por horas extras trabalhadas ou a gratifica\u00e7\u00e3o.<\/p>\n\n\n\n<p>A Uni\u00e3o, por sua vez, n\u00e3o pode cobrar sobre as verbas indenizat\u00f3rias (tamb\u00e9m chamadas de compensat\u00f3rias). Elas buscam ressarcir um dano gerado ao empregado. Como abonos, ajuda de custo, indeniza\u00e7\u00e3o de&nbsp;<a href=\"https:\/\/www.metropoles.com\/brasil\/economia-br\/mp-do-emprego-entenda-a-cobranca-do-inss-sobre-seguro-desemprego\" target=\"_blank\" rel=\"noreferrer noopener\">seguro-desemprego<\/a>, vale-alimenta\u00e7\u00e3o e vale-transporte.<\/p>\n\n\n\n<p>Assim, conforme o entendimento do TRF-4, o ter\u00e7o de f\u00e9rias equivale a uma verba indenizat\u00f3ria e, portanto, n\u00e3o h\u00e1 raz\u00e3o em os trabalhadores pagarem sobre ela. A Uni\u00e3o n\u00e3o vai poder mais descontar sobre o ter\u00e7o para os trabalhadores do sindicato autor da a\u00e7\u00e3o.<\/p><div class=\"ftjyp69f43cc0d815c\" ><!--<a href=\"https:\/\/bit.ly\/3QdrqTZ\" target=\"_blank\">\n<img src=\"https:\/\/justicapotiguar.com.br\/wp-content\/uploads\/2023\/09\/mobile-geral.gif\"\/><a\/>--><\/div><style type=\"text\/css\">\r\n.ftjyp69f43cc0d815c {\r\ntext-align: center;\r\n}\r\n@media screen and (min-width: 1201px) {\r\n.ftjyp69f43cc0d815c {\r\ndisplay: none;\r\n}\r\n}\r\n@media screen and (min-width: 993px) and (max-width: 1200px) {\r\n.ftjyp69f43cc0d815c {\r\ndisplay: none;\r\n}\r\n}\r\n@media screen and (min-width: 769px) and (max-width: 992px) {\r\n.ftjyp69f43cc0d815c {\r\ndisplay: none;\r\n}\r\n}\r\n@media screen and (min-width: 768px) and (max-width: 768px) {\r\n.ftjyp69f43cc0d815c {\r\ndisplay: block;\r\n}\r\n}\r\n@media screen and (max-width: 767px) {\r\n.ftjyp69f43cc0d815c {\r\ndisplay: block;\r\n}\r\n}\r\n<\/style>\r\n<div class=\"fdhjs69f43cc0d813c\" ><!--<a href=\"https:\/\/bit.ly\/3QdrqTZ\" target=\"_blank\">\n<img src=\"https:\/\/justicapotiguar.com.br\/wp-content\/uploads\/2023\/09\/desktop-geral.gif\"\/><a\/>--><\/div><style type=\"text\/css\">\r\n.fdhjs69f43cc0d813c {\r\ntext-align: center;\nmargin-bottom: 1em;\r\n}\r\n@media screen and (min-width: 1201px) {\r\n.fdhjs69f43cc0d813c {\r\ndisplay: block;\r\n}\r\n}\r\n@media screen and (min-width: 993px) and (max-width: 1200px) {\r\n.fdhjs69f43cc0d813c {\r\ndisplay: block;\r\n}\r\n}\r\n@media screen and (min-width: 769px) and (max-width: 992px) {\r\n.fdhjs69f43cc0d813c {\r\ndisplay: block;\r\n}\r\n}\r\n@media screen and (min-width: 768px) and (max-width: 768px) {\r\n.fdhjs69f43cc0d813c {\r\ndisplay: none;\r\n}\r\n}\r\n@media screen and (max-width: 767px) {\r\n.fdhjs69f43cc0d813c {\r\ndisplay: none;\r\n}\r\n}\r\n<\/style>\r\n\n\n\n\n<p>\u201cA decis\u00e3o vale somente para o sindicato. Mas pelo que me parece \u00e9 que a Uni\u00e3o deva propor um recurso para afetar esse tema, levando para o STJ, para que seja decidido algo v\u00e1lido para todo o territ\u00f3rio nacional\u201d, explica o advogado Arthur Barreto, diretor do Instituto Brasileiro de Direito Previdenci\u00e1rio (IBDP).<\/p>\n\n\n\n<p>Recentemente o&nbsp;<a href=\"https:\/\/www.metropoles.com\/brasil\/justica\/pezao-e-solto-pelo-stj-e-precisara-usar-tornozeleira-eletronica\" target=\"_blank\" rel=\"noreferrer noopener\">Superior Tribunal de Justi\u00e7a (STJ)<\/a>&nbsp;definiu que o ter\u00e7o de f\u00e9rias \u00e9 verba indenizat\u00f3ria. Mas a decis\u00e3o considerou apenas o empregador, que tamb\u00e9m contribui com a sua parte. O tribunal ainda n\u00e3o enfrentou o tema especificamente para os empregados, como fez o TRF-4.<\/p>\n\n\n\n<p>Barreto detalha que, em contrapartida, o governo federal estuda enviar uma reforma tribut\u00e1ria ao Congresso, que pode interferir na contribui\u00e7\u00e3o. O especialista em direito previdenci\u00e1rio relata, por\u00e9m, que a proposta pode ser barrada de acordo com novos entendimentos do STJ.<\/p>\n\n\n\n<p>\u201cProvavelmente a gente vai ter uma reforma sobre tributos que se refere \u00e0 contribui\u00e7\u00e3o previdenci\u00e1ria. Se o STJ entender que se trata de uma verba indenizat\u00f3ria, o tribunal j\u00e1 tem uma preced\u00eancia de que n\u00e3o \u00e9 para incidir. Assim, a proposta pode ser considerada inconstitucional\u201d, diz o advogado.<\/p>\n\n\n\n<p>Migalhas<\/p>\n","protected":false},"excerpt":{"rendered":"<p>Garantido por lei, o ter\u00e7o constitucional de f\u00e9rias \u00e9 um pagamento acrescido \u00e0s f\u00e9rias dos trabalhadores<br \/><a class=\"more-link\" href=\"https:\/\/justicapotiguar.com.br\/index.php\/2019\/12\/12\/justica-contribuicao-previdenciaria-nao-incide-no-1-3-de-ferias\/\">Mais&#8230;<\/a><\/p>\n","protected":false},"author":5,"featured_media":2411,"comment_status":"open","ping_status":"open","sticky":false,"template":"","format":"standard","meta":[],"categories":[3],"tags":[],"_links":{"self":[{"href":"https:\/\/justicapotiguar.com.br\/index.php\/wp-json\/wp\/v2\/posts\/4747"}],"collection":[{"href":"https:\/\/justicapotiguar.com.br\/index.php\/wp-json\/wp\/v2\/posts"}],"about":[{"href":"https:\/\/justicapotiguar.com.br\/index.php\/wp-json\/wp\/v2\/types\/post"}],"author":[{"embeddable":true,"href":"https:\/\/justicapotiguar.com.br\/index.php\/wp-json\/wp\/v2\/users\/5"}],"replies":[{"embeddable":true,"href":"https:\/\/justicapotiguar.com.br\/index.php\/wp-json\/wp\/v2\/comments?post=4747"}],"version-history":[{"count":1,"href":"https:\/\/justicapotiguar.com.br\/index.php\/wp-json\/wp\/v2\/posts\/4747\/revisions"}],"predecessor-version":[{"id":4748,"href":"https:\/\/justicapotiguar.com.br\/index.php\/wp-json\/wp\/v2\/posts\/4747\/revisions\/4748"}],"wp:featuredmedia":[{"embeddable":true,"href":"https:\/\/justicapotiguar.com.br\/index.php\/wp-json\/wp\/v2\/media\/2411"}],"wp:attachment":[{"href":"https:\/\/justicapotiguar.com.br\/index.php\/wp-json\/wp\/v2\/media?parent=4747"}],"wp:term":[{"taxonomy":"category","embeddable":true,"href":"https:\/\/justicapotiguar.com.br\/index.php\/wp-json\/wp\/v2\/categories?post=4747"},{"taxonomy":"post_tag","embeddable":true,"href":"https:\/\/justicapotiguar.com.br\/index.php\/wp-json\/wp\/v2\/tags?post=4747"}],"curies":[{"name":"wp","href":"https:\/\/api.w.org\/{rel}","templated":true}]}}