{"id":4663,"date":"2019-12-10T10:57:09","date_gmt":"2019-12-10T13:57:09","guid":{"rendered":"https:\/\/justicapotiguar.com.br\/?p=4663"},"modified":"2019-12-10T11:22:55","modified_gmt":"2019-12-10T14:22:55","slug":"homem-que-matou-ex-companheira-a-facadas-em-natal-e-condenado-a-18-nos-de-prisao","status":"publish","type":"post","link":"https:\/\/justicapotiguar.com.br\/index.php\/2019\/12\/10\/homem-que-matou-ex-companheira-a-facadas-em-natal-e-condenado-a-18-nos-de-prisao\/","title":{"rendered":"Homem que matou ex-companheira a facadas em Natal \u00e9 condenado a 18 anos de pris\u00e3o"},"content":{"rendered":"\n<figure class=\"wp-block-image\"><img loading=\"lazy\" width=\"960\" height=\"640\" src=\"https:\/\/justicapotiguar.com.br\/wp-content\/uploads\/2019\/12\/facada-11.jpg\" alt=\"\" class=\"wp-image-4664\" srcset=\"https:\/\/justicapotiguar.com.br\/wp-content\/uploads\/2019\/12\/facada-11.jpg 960w, https:\/\/justicapotiguar.com.br\/wp-content\/uploads\/2019\/12\/facada-11-300x200.jpg 300w, https:\/\/justicapotiguar.com.br\/wp-content\/uploads\/2019\/12\/facada-11-768x512.jpg 768w\" sizes=\"(max-width: 960px) 100vw, 960px\" \/><figcaption>Foto: Ilustrativa<\/figcaption><\/figure>\n\n\n\n<p>Sess\u00e3o do tribunal do j\u00fari popular realizada nesta segunda-feira (9) terminou com a condena\u00e7\u00e3o de Francisco Soares dos Santos a uma pena de 18 anos e nove meses de reclus\u00e3o, em regime fechado, pela pr\u00e1tica do crime de feminic\u00eddio. Ele foi considerado culpado pela morte de Edineide Morais da Silva, sua ex-companheira, morta com golpes de faca no dia 25 de novembro de 2018, no bairro Candel\u00e1ria, zona Sul da capital.<\/p>\n\n\n\n<p>A senten\u00e7a do juiz Thiago Mattos de Matos, da 2\u00aa Vara Criminal de Natal, considerou que o r\u00e9u possui hist\u00f3rico de agress\u00f5es contra a v\u00edtima e lhe fazia constantes amea\u00e7as, \u201crevelando uma personalidade agressiva, ego\u00edsta e possessiva\u201d, raz\u00e3o pela qual deve essa circunst\u00e2ncia ser valorada negativamente.<\/p><div class=\"czivh69f05dd04b5a5\" ><!--<a href=\"https:\/\/bit.ly\/3QdrqTZ\" target=\"_blank\">\n<img src=\"https:\/\/justicapotiguar.com.br\/wp-content\/uploads\/2023\/09\/mobile-geral.gif\"\/><a\/>--><\/div><style type=\"text\/css\">\r\n.czivh69f05dd04b5a5 {\r\ntext-align: center;\r\n}\r\n@media screen and (min-width: 1201px) {\r\n.czivh69f05dd04b5a5 {\r\ndisplay: none;\r\n}\r\n}\r\n@media screen and (min-width: 993px) and (max-width: 1200px) {\r\n.czivh69f05dd04b5a5 {\r\ndisplay: none;\r\n}\r\n}\r\n@media screen and (min-width: 769px) and (max-width: 992px) {\r\n.czivh69f05dd04b5a5 {\r\ndisplay: none;\r\n}\r\n}\r\n@media screen and (min-width: 768px) and (max-width: 768px) {\r\n.czivh69f05dd04b5a5 {\r\ndisplay: block;\r\n}\r\n}\r\n@media screen and (max-width: 767px) {\r\n.czivh69f05dd04b5a5 {\r\ndisplay: block;\r\n}\r\n}\r\n<\/style>\r\n<div class=\"iogxs69f05dd04b58a\" ><!--<a href=\"https:\/\/bit.ly\/3QdrqTZ\" target=\"_blank\">\n<img src=\"https:\/\/justicapotiguar.com.br\/wp-content\/uploads\/2023\/09\/desktop-geral.gif\"\/><a\/>--><\/div><style type=\"text\/css\">\r\n.iogxs69f05dd04b58a {\r\ntext-align: center;\nmargin-bottom: 1em;\r\n}\r\n@media screen and (min-width: 1201px) {\r\n.iogxs69f05dd04b58a {\r\ndisplay: block;\r\n}\r\n}\r\n@media screen and (min-width: 993px) and (max-width: 1200px) {\r\n.iogxs69f05dd04b58a {\r\ndisplay: block;\r\n}\r\n}\r\n@media screen and (min-width: 769px) and (max-width: 992px) {\r\n.iogxs69f05dd04b58a {\r\ndisplay: block;\r\n}\r\n}\r\n@media screen and (min-width: 768px) and (max-width: 768px) {\r\n.iogxs69f05dd04b58a {\r\ndisplay: none;\r\n}\r\n}\r\n@media screen and (max-width: 767px) {\r\n.iogxs69f05dd04b58a {\r\ndisplay: none;\r\n}\r\n}\r\n<\/style>\r\n\n\n\n\n<p>\u201cAs consequ\u00eancias do crime lhe s\u00e3o desfavor\u00e1veis, frente a elimina\u00e7\u00e3o prematura de uma vida humana, que deixou tr\u00eas filhos jovens, sendo um deles menor \u00e0 \u00e9poca dos fatos, enlutando para sempre as suas exist\u00eancias, e privando-lhes da companhia materna em uma fase de forma\u00e7\u00e3o da personalidade\u201d, ressalta o juiz.<\/p>\n\n\n\n<p>O magistrado negou ao r\u00e9u o direito de aguardar o tr\u00e2nsito em julgado da senten\u00e7a em liberdade e manteve a sua pris\u00e3o preventiva, \u201cuma vez que persistem os motivos que ensejaram \u00e0 sua pris\u00e3o preventiva, notadamente haver sido o delito em tela praticado de modo cruel, evidenciando por meio de seu modus operandi e sua gravidade em concreto, a necessidade de retirada do r\u00e9u do conv\u00edvio social\u201d.<\/p>\n","protected":false},"excerpt":{"rendered":"<p>A senten\u00e7a do juiz Thiago Mattos de Matos, da 2\u00aa Vara Criminal de Natal, considerou que o r\u00e9u possui hist\u00f3rico de agress\u00f5es contra a v\u00edtima e lhe fazia constantes amea\u00e7as, \u201crevelando uma personalidade agressiva, ego\u00edsta e possessiva\u201d, raz\u00e3o pela qual deve essa circunst\u00e2ncia ser valorada negativamente.<br \/><a class=\"more-link\" href=\"https:\/\/justicapotiguar.com.br\/index.php\/2019\/12\/10\/homem-que-matou-ex-companheira-a-facadas-em-natal-e-condenado-a-18-nos-de-prisao\/\">Mais&#8230;<\/a><\/p>\n","protected":false},"author":5,"featured_media":4664,"comment_status":"open","ping_status":"open","sticky":false,"template":"","format":"standard","meta":[],"categories":[3],"tags":[],"_links":{"self":[{"href":"https:\/\/justicapotiguar.com.br\/index.php\/wp-json\/wp\/v2\/posts\/4663"}],"collection":[{"href":"https:\/\/justicapotiguar.com.br\/index.php\/wp-json\/wp\/v2\/posts"}],"about":[{"href":"https:\/\/justicapotiguar.com.br\/index.php\/wp-json\/wp\/v2\/types\/post"}],"author":[{"embeddable":true,"href":"https:\/\/justicapotiguar.com.br\/index.php\/wp-json\/wp\/v2\/users\/5"}],"replies":[{"embeddable":true,"href":"https:\/\/justicapotiguar.com.br\/index.php\/wp-json\/wp\/v2\/comments?post=4663"}],"version-history":[{"count":2,"href":"https:\/\/justicapotiguar.com.br\/index.php\/wp-json\/wp\/v2\/posts\/4663\/revisions"}],"predecessor-version":[{"id":4667,"href":"https:\/\/justicapotiguar.com.br\/index.php\/wp-json\/wp\/v2\/posts\/4663\/revisions\/4667"}],"wp:featuredmedia":[{"embeddable":true,"href":"https:\/\/justicapotiguar.com.br\/index.php\/wp-json\/wp\/v2\/media\/4664"}],"wp:attachment":[{"href":"https:\/\/justicapotiguar.com.br\/index.php\/wp-json\/wp\/v2\/media?parent=4663"}],"wp:term":[{"taxonomy":"category","embeddable":true,"href":"https:\/\/justicapotiguar.com.br\/index.php\/wp-json\/wp\/v2\/categories?post=4663"},{"taxonomy":"post_tag","embeddable":true,"href":"https:\/\/justicapotiguar.com.br\/index.php\/wp-json\/wp\/v2\/tags?post=4663"}],"curies":[{"name":"wp","href":"https:\/\/api.w.org\/{rel}","templated":true}]}}