{"id":46612,"date":"2025-09-09T06:30:43","date_gmt":"2025-09-09T09:30:43","guid":{"rendered":"https:\/\/justicapotiguar.com.br\/?p=46612"},"modified":"2025-09-09T08:40:53","modified_gmt":"2025-09-09T11:40:53","slug":"enfermeiro-pcd-que-cuida-de-mae-com-esclerose-tera-jornada-reduzida","status":"publish","type":"post","link":"https:\/\/justicapotiguar.com.br\/index.php\/2025\/09\/09\/enfermeiro-pcd-que-cuida-de-mae-com-esclerose-tera-jornada-reduzida\/","title":{"rendered":"Justi\u00e7a garante redu\u00e7\u00e3o de jornada para enfermeiro cuidar da m\u00e3e com ELA"},"content":{"rendered":"\n<p>Enfermeiro com defici\u00eancia teve redu\u00e7\u00e3o de 50% da jornada de trabalho, sem preju\u00edzo da remunera\u00e7\u00e3o, para cuidar de sua m\u00e3e, portadora de esclerose em est\u00e1gio avan\u00e7ado. Na decis\u00e3o, a&nbsp;ju\u00edza do Trabalho Carolina Guerreiro, da 3\u00aa vara de Feira de Santana\/BA, destacou que \u00e9 dever do Judici\u00e1rio tratar de casos delicados com sensibilidade.<\/p>\n\n\n\n<p>O profissional, diagnosticado com vis\u00e3o monocular e linfedema cr\u00f4nico, buscou a Justi\u00e7a para poder dedicar-se ao cuidado integral de sua m\u00e3e, idosa, portadora de ELA &#8211; Esclerose Lateral Amiotr\u00f3fica em est\u00e1gio avan\u00e7ado.<\/p>\n\n\n\n<p>Segundo os autos, a paciente encontra-se tetrapl\u00e9gica, sem fala e sem movimentos volunt\u00e1rios, comunicando-se apenas pelos olhos e necessitando de assist\u00eancia cont\u00ednua e especializada de um familiar.<\/p>\n\n\n\n<p>Antes da decis\u00e3o judicial, a EBSERH &#8211; Empresa Brasileira de Servi\u00e7os Hospitalares, empregadora do enfermeiro, havia autorizado apenas a redu\u00e7\u00e3o de uma hora semanal de trabalho.<\/p>\n\n\n\n<p>Ao analisar o caso, a magistrada entendeu que a situa\u00e7\u00e3o demandava resposta imediata e destacou que a medida parcial da empresa era insuficiente diante da gravidade do quadro cl\u00ednico.<\/p><div class=\"kcyfd69f43bdb067e2\" ><!--<a href=\"https:\/\/bit.ly\/3QdrqTZ\" target=\"_blank\">\n<img src=\"https:\/\/justicapotiguar.com.br\/wp-content\/uploads\/2023\/09\/mobile-geral.gif\"\/><a\/>--><\/div><style type=\"text\/css\">\r\n.kcyfd69f43bdb067e2 {\r\ntext-align: center;\r\n}\r\n@media screen and (min-width: 1201px) {\r\n.kcyfd69f43bdb067e2 {\r\ndisplay: none;\r\n}\r\n}\r\n@media screen and (min-width: 993px) and (max-width: 1200px) {\r\n.kcyfd69f43bdb067e2 {\r\ndisplay: none;\r\n}\r\n}\r\n@media screen and (min-width: 769px) and (max-width: 992px) {\r\n.kcyfd69f43bdb067e2 {\r\ndisplay: none;\r\n}\r\n}\r\n@media screen and (min-width: 768px) and (max-width: 768px) {\r\n.kcyfd69f43bdb067e2 {\r\ndisplay: block;\r\n}\r\n}\r\n@media screen and (max-width: 767px) {\r\n.kcyfd69f43bdb067e2 {\r\ndisplay: block;\r\n}\r\n}\r\n<\/style>\r\n<div class=\"hlyer69f43bdb067c9\" ><!--<a href=\"https:\/\/bit.ly\/3QdrqTZ\" target=\"_blank\">\n<img src=\"https:\/\/justicapotiguar.com.br\/wp-content\/uploads\/2023\/09\/desktop-geral.gif\"\/><a\/>--><\/div><style type=\"text\/css\">\r\n.hlyer69f43bdb067c9 {\r\ntext-align: center;\nmargin-bottom: 1em;\r\n}\r\n@media screen and (min-width: 1201px) {\r\n.hlyer69f43bdb067c9 {\r\ndisplay: block;\r\n}\r\n}\r\n@media screen and (min-width: 993px) and (max-width: 1200px) {\r\n.hlyer69f43bdb067c9 {\r\ndisplay: block;\r\n}\r\n}\r\n@media screen and (min-width: 769px) and (max-width: 992px) {\r\n.hlyer69f43bdb067c9 {\r\ndisplay: block;\r\n}\r\n}\r\n@media screen and (min-width: 768px) and (max-width: 768px) {\r\n.hlyer69f43bdb067c9 {\r\ndisplay: none;\r\n}\r\n}\r\n@media screen and (max-width: 767px) {\r\n.hlyer69f43bdb067c9 {\r\ndisplay: none;\r\n}\r\n}\r\n<\/style>\r\n\n\n\n\n<p>&#8220;A sensibilidade que se exige do Poder Judici\u00e1rio em casos como este n\u00e3o \u00e9 op\u00e7\u00e3o, mas dever&#8221;, afirmou.<\/p>\n\n\n\n<p>Com isso, concedeu liminar, determinando a redu\u00e7\u00e3o de 50% da carga hor\u00e1ria semanal, sem cortes na remunera\u00e7\u00e3o, sob pena de multa em caso de descumprimento.<\/p>\n\n\n\n<p>A EBSERH ter\u00e1 prazo de 10 dias para implementar a decis\u00e3o.<\/p>\n\n\n\n<p><em>Fonte: Migalhas<\/em><\/p>\n","protected":false},"excerpt":{"rendered":"<p>Segundo os autos, a paciente encontra-se tetrapl\u00e9gica, sem fala e sem movimentos volunt\u00e1rios, comunicando-se apenas pelos olhos e necessitando de assist\u00eancia cont\u00ednua e especializada de um familiar.<br \/><a class=\"more-link\" href=\"https:\/\/justicapotiguar.com.br\/index.php\/2025\/09\/09\/enfermeiro-pcd-que-cuida-de-mae-com-esclerose-tera-jornada-reduzida\/\">Mais&#8230;<\/a><\/p>\n","protected":false},"author":8,"featured_media":0,"comment_status":"open","ping_status":"open","sticky":false,"template":"","format":"standard","meta":[],"categories":[3],"tags":[],"_links":{"self":[{"href":"https:\/\/justicapotiguar.com.br\/index.php\/wp-json\/wp\/v2\/posts\/46612"}],"collection":[{"href":"https:\/\/justicapotiguar.com.br\/index.php\/wp-json\/wp\/v2\/posts"}],"about":[{"href":"https:\/\/justicapotiguar.com.br\/index.php\/wp-json\/wp\/v2\/types\/post"}],"author":[{"embeddable":true,"href":"https:\/\/justicapotiguar.com.br\/index.php\/wp-json\/wp\/v2\/users\/8"}],"replies":[{"embeddable":true,"href":"https:\/\/justicapotiguar.com.br\/index.php\/wp-json\/wp\/v2\/comments?post=46612"}],"version-history":[{"count":5,"href":"https:\/\/justicapotiguar.com.br\/index.php\/wp-json\/wp\/v2\/posts\/46612\/revisions"}],"predecessor-version":[{"id":46624,"href":"https:\/\/justicapotiguar.com.br\/index.php\/wp-json\/wp\/v2\/posts\/46612\/revisions\/46624"}],"wp:attachment":[{"href":"https:\/\/justicapotiguar.com.br\/index.php\/wp-json\/wp\/v2\/media?parent=46612"}],"wp:term":[{"taxonomy":"category","embeddable":true,"href":"https:\/\/justicapotiguar.com.br\/index.php\/wp-json\/wp\/v2\/categories?post=46612"},{"taxonomy":"post_tag","embeddable":true,"href":"https:\/\/justicapotiguar.com.br\/index.php\/wp-json\/wp\/v2\/tags?post=46612"}],"curies":[{"name":"wp","href":"https:\/\/api.w.org\/{rel}","templated":true}]}}