{"id":4660,"date":"2019-12-10T11:59:21","date_gmt":"2019-12-10T14:59:21","guid":{"rendered":"https:\/\/justicapotiguar.com.br\/?p=4660"},"modified":"2019-12-10T10:54:13","modified_gmt":"2019-12-10T13:54:13","slug":"juiz-nao-pode-restringir-atendimento-a-advogados-determina-cnj","status":"publish","type":"post","link":"https:\/\/justicapotiguar.com.br\/index.php\/2019\/12\/10\/juiz-nao-pode-restringir-atendimento-a-advogados-determina-cnj\/","title":{"rendered":"Juiz n\u00e3o pode restringir atendimento a advogados, determina CNJ"},"content":{"rendered":"\n<p>O Conselho Nacional de Justi\u00e7a determinou que o juiz Marco Antonio Netto Teixeira, titular da 5\u00aa Vara da Fazenda P\u00fablica de S\u00e3o Lu\u00eds, atenda os advogados em seu gabinete sem restri\u00e7\u00e3o de hor\u00e1rios.&nbsp;<\/p>\n\n\n\n<figure class=\"wp-block-image\"><img loading=\"lazy\" width=\"650\" height=\"419\" src=\"https:\/\/justicapotiguar.com.br\/wp-content\/uploads\/2019\/12\/3BBDCB16E69DF70A4253B013E9B541D4AC08_juizadv.jpg\" alt=\"\" class=\"wp-image-4661\" srcset=\"https:\/\/justicapotiguar.com.br\/wp-content\/uploads\/2019\/12\/3BBDCB16E69DF70A4253B013E9B541D4AC08_juizadv.jpg 650w, https:\/\/justicapotiguar.com.br\/wp-content\/uploads\/2019\/12\/3BBDCB16E69DF70A4253B013E9B541D4AC08_juizadv-300x193.jpg 300w\" sizes=\"(max-width: 650px) 100vw, 650px\" \/><figcaption>Reprodu\u00e7\u00e3o<\/figcaption><\/figure>\n\n\n\n<p>O juiz estabeleceu que os advogados e as partes s\u00f3 seriam atendidos em seu gabinete das 11h \u00e0s 11h30.&nbsp;O conselheiro Luciano Frota&nbsp;entende que a atitude&nbsp;ofende o artigo&nbsp;7\u00ba, inciso VIII, da&nbsp;<a href=\"http:\/\/www.planalto.gov.br\/ccivil_03\/Leis\/L8906.htm\" target=\"_blank\" rel=\"noreferrer noopener\">Lei 8.906\/1994<\/a>, que disp\u00f5e sobre o Estatuto da Advocacia e da OAB.&nbsp;<\/p>\n\n\n\n<p>&#8220;A&nbsp;estipula\u00e7\u00e3o de estreita agenda para atendimento aos advogados restringe a autua\u00e7\u00e3o daquele profissional, o que afronta o Estatuto da OAB, o qual assegura o atendimento por ordem de chegada, independentemente de marca\u00e7\u00e3o pr\u00e9via ou urg\u00eancia&#8221;, afirma o conselheiro.<\/p><div class=\"kpblx69f077085d957\" ><!--<a href=\"https:\/\/bit.ly\/3QdrqTZ\" target=\"_blank\">\n<img src=\"https:\/\/justicapotiguar.com.br\/wp-content\/uploads\/2023\/09\/mobile-geral.gif\"\/><a\/>--><\/div><style type=\"text\/css\">\r\n.kpblx69f077085d957 {\r\ntext-align: center;\r\n}\r\n@media screen and (min-width: 1201px) {\r\n.kpblx69f077085d957 {\r\ndisplay: none;\r\n}\r\n}\r\n@media screen and (min-width: 993px) and (max-width: 1200px) {\r\n.kpblx69f077085d957 {\r\ndisplay: none;\r\n}\r\n}\r\n@media screen and (min-width: 769px) and (max-width: 992px) {\r\n.kpblx69f077085d957 {\r\ndisplay: none;\r\n}\r\n}\r\n@media screen and (min-width: 768px) and (max-width: 768px) {\r\n.kpblx69f077085d957 {\r\ndisplay: block;\r\n}\r\n}\r\n@media screen and (max-width: 767px) {\r\n.kpblx69f077085d957 {\r\ndisplay: block;\r\n}\r\n}\r\n<\/style>\r\n<div class=\"ozqjr69f077085d942\" ><!--<a href=\"https:\/\/bit.ly\/3QdrqTZ\" target=\"_blank\">\n<img src=\"https:\/\/justicapotiguar.com.br\/wp-content\/uploads\/2023\/09\/desktop-geral.gif\"\/><a\/>--><\/div><style type=\"text\/css\">\r\n.ozqjr69f077085d942 {\r\ntext-align: center;\nmargin-bottom: 1em;\r\n}\r\n@media screen and (min-width: 1201px) {\r\n.ozqjr69f077085d942 {\r\ndisplay: block;\r\n}\r\n}\r\n@media screen and (min-width: 993px) and (max-width: 1200px) {\r\n.ozqjr69f077085d942 {\r\ndisplay: block;\r\n}\r\n}\r\n@media screen and (min-width: 769px) and (max-width: 992px) {\r\n.ozqjr69f077085d942 {\r\ndisplay: block;\r\n}\r\n}\r\n@media screen and (min-width: 768px) and (max-width: 768px) {\r\n.ozqjr69f077085d942 {\r\ndisplay: none;\r\n}\r\n}\r\n@media screen and (max-width: 767px) {\r\n.ozqjr69f077085d942 {\r\ndisplay: none;\r\n}\r\n}\r\n<\/style>\r\n\n\n\n\n<p>A determina\u00e7\u00e3o refor\u00e7a a orienta\u00e7\u00e3o da Corregedoria Geral de Justi\u00e7a do Maranh\u00e3o, que j\u00e1 havia recomendado ao magistrado que \u201cs\u00f3 reduza o hor\u00e1rio de atendimento ao p\u00fablico quando houver motivo grav\u00edssimo a justific\u00e1-lo&#8221;.&nbsp;&nbsp;<\/p>\n\n\n\n<p>O pedido foi formulado pelos advogados&nbsp;<strong>Christian Barros Pinto<\/strong>,&nbsp;<strong>Rebeca Castro Cheskis<\/strong>&nbsp;e&nbsp;<strong>Amanda Ferreira Marques<\/strong>, integrantes do escrit\u00f3rio Barros &amp; Cheskis Advocacia e Consultoria Jur\u00eddica.<\/p>\n","protected":false},"excerpt":{"rendered":"<p>A determina\u00e7\u00e3o refor\u00e7a a orienta\u00e7\u00e3o da Corregedoria Geral de Justi\u00e7a do Maranh\u00e3o, que j\u00e1 havia recomendado ao magistrado que \u201cs\u00f3 reduza o hor\u00e1rio de atendimento ao p\u00fablico quando houver motivo grav\u00edssimo a justific\u00e1-lo&#8221;.  <br \/><a class=\"more-link\" href=\"https:\/\/justicapotiguar.com.br\/index.php\/2019\/12\/10\/juiz-nao-pode-restringir-atendimento-a-advogados-determina-cnj\/\">Mais&#8230;<\/a><\/p>\n","protected":false},"author":5,"featured_media":4661,"comment_status":"open","ping_status":"open","sticky":false,"template":"","format":"standard","meta":[],"categories":[3],"tags":[],"_links":{"self":[{"href":"https:\/\/justicapotiguar.com.br\/index.php\/wp-json\/wp\/v2\/posts\/4660"}],"collection":[{"href":"https:\/\/justicapotiguar.com.br\/index.php\/wp-json\/wp\/v2\/posts"}],"about":[{"href":"https:\/\/justicapotiguar.com.br\/index.php\/wp-json\/wp\/v2\/types\/post"}],"author":[{"embeddable":true,"href":"https:\/\/justicapotiguar.com.br\/index.php\/wp-json\/wp\/v2\/users\/5"}],"replies":[{"embeddable":true,"href":"https:\/\/justicapotiguar.com.br\/index.php\/wp-json\/wp\/v2\/comments?post=4660"}],"version-history":[{"count":1,"href":"https:\/\/justicapotiguar.com.br\/index.php\/wp-json\/wp\/v2\/posts\/4660\/revisions"}],"predecessor-version":[{"id":4662,"href":"https:\/\/justicapotiguar.com.br\/index.php\/wp-json\/wp\/v2\/posts\/4660\/revisions\/4662"}],"wp:featuredmedia":[{"embeddable":true,"href":"https:\/\/justicapotiguar.com.br\/index.php\/wp-json\/wp\/v2\/media\/4661"}],"wp:attachment":[{"href":"https:\/\/justicapotiguar.com.br\/index.php\/wp-json\/wp\/v2\/media?parent=4660"}],"wp:term":[{"taxonomy":"category","embeddable":true,"href":"https:\/\/justicapotiguar.com.br\/index.php\/wp-json\/wp\/v2\/categories?post=4660"},{"taxonomy":"post_tag","embeddable":true,"href":"https:\/\/justicapotiguar.com.br\/index.php\/wp-json\/wp\/v2\/tags?post=4660"}],"curies":[{"name":"wp","href":"https:\/\/api.w.org\/{rel}","templated":true}]}}