{"id":44841,"date":"2025-07-18T10:12:18","date_gmt":"2025-07-18T13:12:18","guid":{"rendered":"https:\/\/justicapotiguar.com.br\/?p=44841"},"modified":"2025-07-18T10:45:11","modified_gmt":"2025-07-18T13:45:11","slug":"justica-suspende-processo-seletivo-da-educacao-de-sao-fernando","status":"publish","type":"post","link":"https:\/\/justicapotiguar.com.br\/index.php\/2025\/07\/18\/justica-suspende-processo-seletivo-da-educacao-de-sao-fernando\/","title":{"rendered":"Justi\u00e7a suspende processo seletivo da Educa\u00e7\u00e3o do munic\u00edpio de S\u00e3o Fernando"},"content":{"rendered":"\n<figure class=\"wp-block-image size-large\"><img loading=\"lazy\" width=\"807\" height=\"821\" src=\"https:\/\/justicapotiguar.com.br\/wp-content\/uploads\/2025\/07\/WhatsApp-Image-2025-07-18-at-10.01.19.jpeg\" alt=\"\" class=\"wp-image-44842\" srcset=\"https:\/\/justicapotiguar.com.br\/wp-content\/uploads\/2025\/07\/WhatsApp-Image-2025-07-18-at-10.01.19.jpeg 807w, https:\/\/justicapotiguar.com.br\/wp-content\/uploads\/2025\/07\/WhatsApp-Image-2025-07-18-at-10.01.19-295x300.jpeg 295w, https:\/\/justicapotiguar.com.br\/wp-content\/uploads\/2025\/07\/WhatsApp-Image-2025-07-18-at-10.01.19-768x781.jpeg 768w\" sizes=\"(max-width: 807px) 100vw, 807px\" \/><figcaption>Foto: Divulga\u00e7\u00e3o<\/figcaption><\/figure>\n\n\n\n<p>A Justi\u00e7a determinou a suspens\u00e3o imediata do Processo Seletivo n. 001\/2025-SEMEC do Munic\u00edpio de S\u00e3o Fernando\/RN, que estava sendo conduzido pela Secretaria Municipal de Educa\u00e7\u00e3o, Cultura e Lazer. A decis\u00e3o foi proferida pela ju\u00edza Andrea Cabral Antas C\u00e2mara, da 1\u00aa Vara da Comarca de Caic\u00f3, ap\u00f3s a\u00e7\u00e3o popular ajuizada pela vereadora Ianne Brilhante de Ara\u00fajo (@iannebrilhante). O Munic\u00edpio est\u00e1 proibido de realizar novas convoca\u00e7\u00f5es ou nomea\u00e7\u00f5es at\u00e9 o julgamento final do processo.<\/p>\n\n\n\n<p>Entre os principais problemas identificados est\u00e3o a aprova\u00e7\u00e3o de ocupantes de cargos comissionados da pr\u00f3pria SEMEC, incluindo o Secret\u00e1rio Municipal Adjunto de Educa\u00e7\u00e3o, Jo\u00e3o Batista de Ara\u00fajo J\u00fanior, que j\u00e1 ocupava o cargo quando o edital foi publicado. Tamb\u00e9m foi aprovada a Coordenadora de Ensino Pedag\u00f3gico do Munic\u00edpio, que \u00e9 sobrinha do Secret\u00e1rio Municipal de Educa\u00e7\u00e3o, Jo\u00e3o Bosco da Silva, configurando poss\u00edvel pr\u00e1tica de nepotismo.<\/p>\n\n\n\n<p>Outro ponto questionado foi a aus\u00eancia de divulga\u00e7\u00e3o das notas da primeira fase do processo seletivo, o que impediu o direito de recurso dos candidatos. A situa\u00e7\u00e3o gerou suspeitas de favorecimento de ocupantes de cargos comissionados, com poss\u00edvel acesso pr\u00e9vio ao gabarito das provas.<\/p><div class=\"cqhss69f59ac3bccc3\" ><!--<a href=\"https:\/\/bit.ly\/3QdrqTZ\" target=\"_blank\">\n<img src=\"https:\/\/justicapotiguar.com.br\/wp-content\/uploads\/2023\/09\/mobile-geral.gif\"\/><a\/>--><\/div><style type=\"text\/css\">\r\n.cqhss69f59ac3bccc3 {\r\ntext-align: center;\r\n}\r\n@media screen and (min-width: 1201px) {\r\n.cqhss69f59ac3bccc3 {\r\ndisplay: none;\r\n}\r\n}\r\n@media screen and (min-width: 993px) and (max-width: 1200px) {\r\n.cqhss69f59ac3bccc3 {\r\ndisplay: none;\r\n}\r\n}\r\n@media screen and (min-width: 769px) and (max-width: 992px) {\r\n.cqhss69f59ac3bccc3 {\r\ndisplay: none;\r\n}\r\n}\r\n@media screen and (min-width: 768px) and (max-width: 768px) {\r\n.cqhss69f59ac3bccc3 {\r\ndisplay: block;\r\n}\r\n}\r\n@media screen and (max-width: 767px) {\r\n.cqhss69f59ac3bccc3 {\r\ndisplay: block;\r\n}\r\n}\r\n<\/style>\r\n<div class=\"fotca69f59ac3bccaf\" ><!--<a href=\"https:\/\/bit.ly\/3QdrqTZ\" target=\"_blank\">\n<img src=\"https:\/\/justicapotiguar.com.br\/wp-content\/uploads\/2023\/09\/desktop-geral.gif\"\/><a\/>--><\/div><style type=\"text\/css\">\r\n.fotca69f59ac3bccaf {\r\ntext-align: center;\nmargin-bottom: 1em;\r\n}\r\n@media screen and (min-width: 1201px) {\r\n.fotca69f59ac3bccaf {\r\ndisplay: block;\r\n}\r\n}\r\n@media screen and (min-width: 993px) and (max-width: 1200px) {\r\n.fotca69f59ac3bccaf {\r\ndisplay: block;\r\n}\r\n}\r\n@media screen and (min-width: 769px) and (max-width: 992px) {\r\n.fotca69f59ac3bccaf {\r\ndisplay: block;\r\n}\r\n}\r\n@media screen and (min-width: 768px) and (max-width: 768px) {\r\n.fotca69f59ac3bccaf {\r\ndisplay: none;\r\n}\r\n}\r\n@media screen and (max-width: 767px) {\r\n.fotca69f59ac3bccaf {\r\ndisplay: none;\r\n}\r\n}\r\n<\/style>\r\n\n\n\n\n<p>O Minist\u00e9rio P\u00fablico do Rio Grande do Norte, por meio da 3\u00aa Promotoria de Caic\u00f3, manifestou-se favor\u00e1vel \u00e0 suspens\u00e3o do certame, acompanhando os ind\u00edcios apresentados pela vereadora atrav\u00e9s dos seus advogados Manoel Matias (@manoelmatias) e Yuri Cortez (@yuricortez).<\/p>\n\n\n\n<p>Em sua decis\u00e3o, a ju\u00edza destacou que os documentos apresentados indicam poss\u00edveis viola\u00e7\u00f5es aos princ\u00edpios constitucionais da legalidade, impessoalidade, moralidade, publicidade e efici\u00eancia que devem nortear a Administra\u00e7\u00e3o P\u00fablica. Segundo a magistrada, a aprova\u00e7\u00e3o de pessoas ligadas diretamente \u00e0 organiza\u00e7\u00e3o do certame, especialmente ocupantes de cargos comissionados, aliada \u00e0 exist\u00eancia de la\u00e7os de parentesco entre candidatos aprovados e membros da gest\u00e3o, denota fortes ind\u00edcios de direcionamento e favorecimento pessoal.<\/p>\n\n\n\n<p>O processo tramita sob o n\u00famero 0801650-69.2025.8.20.5101 e seguir\u00e1 agora para a fase de apresenta\u00e7\u00e3o de provas.<\/p>\n","protected":false},"excerpt":{"rendered":"<p>O Minist\u00e9rio P\u00fablico do Rio Grande do Norte, por meio da 3\u00aa Promotoria de Caic\u00f3, manifestou-se favor\u00e1vel \u00e0 suspens\u00e3o do certame, acompanhando os ind\u00edcios apresentados pela vereadora atrav\u00e9s dos seus advogados Manoel Matias e Yuri Cortez.<br \/><a class=\"more-link\" href=\"https:\/\/justicapotiguar.com.br\/index.php\/2025\/07\/18\/justica-suspende-processo-seletivo-da-educacao-de-sao-fernando\/\">Mais&#8230;<\/a><\/p>\n","protected":false},"author":8,"featured_media":0,"comment_status":"open","ping_status":"open","sticky":false,"template":"","format":"standard","meta":[],"categories":[3],"tags":[],"_links":{"self":[{"href":"https:\/\/justicapotiguar.com.br\/index.php\/wp-json\/wp\/v2\/posts\/44841"}],"collection":[{"href":"https:\/\/justicapotiguar.com.br\/index.php\/wp-json\/wp\/v2\/posts"}],"about":[{"href":"https:\/\/justicapotiguar.com.br\/index.php\/wp-json\/wp\/v2\/types\/post"}],"author":[{"embeddable":true,"href":"https:\/\/justicapotiguar.com.br\/index.php\/wp-json\/wp\/v2\/users\/8"}],"replies":[{"embeddable":true,"href":"https:\/\/justicapotiguar.com.br\/index.php\/wp-json\/wp\/v2\/comments?post=44841"}],"version-history":[{"count":6,"href":"https:\/\/justicapotiguar.com.br\/index.php\/wp-json\/wp\/v2\/posts\/44841\/revisions"}],"predecessor-version":[{"id":44848,"href":"https:\/\/justicapotiguar.com.br\/index.php\/wp-json\/wp\/v2\/posts\/44841\/revisions\/44848"}],"wp:attachment":[{"href":"https:\/\/justicapotiguar.com.br\/index.php\/wp-json\/wp\/v2\/media?parent=44841"}],"wp:term":[{"taxonomy":"category","embeddable":true,"href":"https:\/\/justicapotiguar.com.br\/index.php\/wp-json\/wp\/v2\/categories?post=44841"},{"taxonomy":"post_tag","embeddable":true,"href":"https:\/\/justicapotiguar.com.br\/index.php\/wp-json\/wp\/v2\/tags?post=44841"}],"curies":[{"name":"wp","href":"https:\/\/api.w.org\/{rel}","templated":true}]}}