{"id":4476,"date":"2019-12-03T16:25:18","date_gmt":"2019-12-03T19:25:18","guid":{"rendered":"https:\/\/justicapotiguar.com.br\/?p=4476"},"modified":"2019-12-03T16:17:51","modified_gmt":"2019-12-03T19:17:51","slug":"juiz-homologa-delacao-de-suspeito-de-hackear-celulares-de-moro-e-da-lava-jato","status":"publish","type":"post","link":"https:\/\/justicapotiguar.com.br\/index.php\/2019\/12\/03\/juiz-homologa-delacao-de-suspeito-de-hackear-celulares-de-moro-e-da-lava-jato\/","title":{"rendered":"Juiz homologa dela\u00e7\u00e3o de suspeito de hackear celulares de Moro e da Lava Jato"},"content":{"rendered":"\n<p>O juiz Vallisney de Souza Oliveira, da 10\u00aa Vara da Justi\u00e7a Federal em Bras\u00edlia, homologou a dela\u00e7\u00e3o premiada de Luiz Henrique Moli\u00e7\u00e3o, 19,&nbsp;<a href=\"https:\/\/www1.folha.uol.com.br\/poder\/2019\/10\/conheca-os-investigados-pela-pf-por-suspeita-de-hackear-contas-de-autoridades.shtml\">suspeito de integrar um grupo de&nbsp;<\/a><a href=\"https:\/\/www1.folha.uol.com.br\/poder\/2019\/10\/conheca-os-investigados-pela-pf-por-suspeita-de-hackear-contas-de-autoridades.shtml\">hackers<\/a>&nbsp;que invadiu contas de autoridades p\u00fablicas no Telegram, entre elas o ministro da Justi\u00e7a, Sergio Moro, e procuradores da Lava Jato.<\/p>\n\n\n\n<figure class=\"wp-block-image\"><img loading=\"lazy\" width=\"680\" height=\"453\" src=\"https:\/\/justicapotiguar.com.br\/wp-content\/uploads\/2019\/11\/luiz-molicao.jpg\" alt=\"\" class=\"wp-image-4174\" srcset=\"https:\/\/justicapotiguar.com.br\/wp-content\/uploads\/2019\/11\/luiz-molicao.jpg 680w, https:\/\/justicapotiguar.com.br\/wp-content\/uploads\/2019\/11\/luiz-molicao-300x200.jpg 300w\" sizes=\"(max-width: 680px) 100vw, 680px\" \/><figcaption>Reprodu\u00e7\u00e3o<\/figcaption><\/figure>\n\n\n\n<p>Um dos presos na&nbsp;<a href=\"https:\/\/www1.folha.uol.com.br\/poder\/2019\/10\/investigacao-quer-esclarecer-se-houve-pagamento-por-conversas-hackeadas.shtml\">Opera\u00e7\u00e3o Spoofing<\/a>, da Pol\u00edcia Federal, Moli\u00e7\u00e3o \u00e9 apontado como c\u00famplice de&nbsp;<a href=\"https:\/\/www1.folha.uol.com.br\/poder\/2019\/07\/extensa-ficha-criminal-revela-hacker-da-lava-jato-como-de-multiplos-golpes-do-tipo-171.shtml\">Walter Delgatti&nbsp;Neto<\/a>, o Vermelho, considerado o mentor do esquema, nos ataques.<\/p>\n\n\n\n<p>Moli\u00e7\u00e3o teria armazenado parte das mensagens capturadas nas contas do aplicativo e feito contatos com o jornalista Glenn Greenwald, do site The Intercept Brasil.<\/p>\n\n\n\n<p>Com base em material obtido do grupo, o Intercept iniciou em junho&nbsp;<a href=\"https:\/\/www1.folha.uol.com.br\/poder\/2019\/06\/entenda-vazamento-de-conversa-entre-moro-e-deltan-e-impacto-para-a-lava-jato.shtml\">s\u00e9rie de reportagens sobre di\u00e1logos<\/a>&nbsp;de Moro e de integrantes da Lava Jato, os quais lan\u00e7aram d\u00favidas sobre a imparcialidade do ex-juiz e dos procuradores.<\/p>\n\n\n\n<p>A&nbsp;<strong>Folha<\/strong>&nbsp;e outros ve\u00edculos de imprensa&nbsp;<a href=\"https:\/\/www1.folha.uol.com.br\/poder\/2019\/07\/veja-o-que-ja-foi-publicado-pela-folha-com-base-em-mensagens-da-lava-jato.shtml\">tamb\u00e9m publicaram not\u00edcias a respeito<\/a>, em parceria com o site.<\/p>\n\n\n\n<p>Em depoimento prestado \u00e0 PF em setembro, Moli\u00e7\u00e3o declarou que Delgatti tentou vender as mensagens que obteve a Greenwald, que&nbsp;se recusou a pagar por elas.<\/p><div class=\"fizsi69f43e4eab447\" ><!--<a href=\"https:\/\/bit.ly\/3QdrqTZ\" target=\"_blank\">\n<img src=\"https:\/\/justicapotiguar.com.br\/wp-content\/uploads\/2023\/09\/mobile-geral.gif\"\/><a\/>--><\/div><style type=\"text\/css\">\r\n.fizsi69f43e4eab447 {\r\ntext-align: center;\r\n}\r\n@media screen and (min-width: 1201px) {\r\n.fizsi69f43e4eab447 {\r\ndisplay: none;\r\n}\r\n}\r\n@media screen and (min-width: 993px) and (max-width: 1200px) {\r\n.fizsi69f43e4eab447 {\r\ndisplay: none;\r\n}\r\n}\r\n@media screen and (min-width: 769px) and (max-width: 992px) {\r\n.fizsi69f43e4eab447 {\r\ndisplay: none;\r\n}\r\n}\r\n@media screen and (min-width: 768px) and (max-width: 768px) {\r\n.fizsi69f43e4eab447 {\r\ndisplay: block;\r\n}\r\n}\r\n@media screen and (max-width: 767px) {\r\n.fizsi69f43e4eab447 {\r\ndisplay: block;\r\n}\r\n}\r\n<\/style>\r\n<div class=\"qyzeg69f43e4eab42f\" ><!--<a href=\"https:\/\/bit.ly\/3QdrqTZ\" target=\"_blank\">\n<img src=\"https:\/\/justicapotiguar.com.br\/wp-content\/uploads\/2023\/09\/desktop-geral.gif\"\/><a\/>--><\/div><style type=\"text\/css\">\r\n.qyzeg69f43e4eab42f {\r\ntext-align: center;\nmargin-bottom: 1em;\r\n}\r\n@media screen and (min-width: 1201px) {\r\n.qyzeg69f43e4eab42f {\r\ndisplay: block;\r\n}\r\n}\r\n@media screen and (min-width: 993px) and (max-width: 1200px) {\r\n.qyzeg69f43e4eab42f {\r\ndisplay: block;\r\n}\r\n}\r\n@media screen and (min-width: 769px) and (max-width: 992px) {\r\n.qyzeg69f43e4eab42f {\r\ndisplay: block;\r\n}\r\n}\r\n@media screen and (min-width: 768px) and (max-width: 768px) {\r\n.qyzeg69f43e4eab42f {\r\ndisplay: none;\r\n}\r\n}\r\n@media screen and (max-width: 767px) {\r\n.qyzeg69f43e4eab42f {\r\ndisplay: none;\r\n}\r\n}\r\n<\/style>\r\n\n\n\n\n<figure><iframe loading=\"lazy\" src=\"https:\/\/s.dynad.net\/stack\/928W5r5IndTfocT3VdUV-AB8UVlc0JbnGWyFZsei5gU.html\" width=\"100%\" height=\"0\"><\/iframe><\/figure>\n\n\n\n<p>As informa\u00e7\u00f5es que ele apresentou na dela\u00e7\u00e3o s\u00e3o mantidas em sigilo enquanto o caso estiver sob investiga\u00e7\u00e3o.<\/p>\n\n\n\n<p>O juiz da 10\u00aa Vara fixou prazo de 15 dias, contados da \u00faltima quinta-feira (28), para que a PF conclua o inqu\u00e9rito sobre o caso e o remeta ao Minist\u00e9rio P\u00fablico Federal, que decidir\u00e1 se denuncia ou n\u00e3o os envolvidos.<\/p>\n\n\n\n<p>Com a colabora\u00e7\u00e3o, homologada na noite de segunda (2), Moli\u00e7\u00e3o deve deixar a pris\u00e3o.<\/p>\n\n\n\n<p>Segundo reportagem da revista Veja, em sua dela\u00e7\u00e3o ele se comprometeu a identificar mais tr\u00eas pessoas que teriam participado dos ataques virtuais.<\/p>\n\n\n\n<p>Al\u00e9m disso, prometeu entregar conversas privadas que estariam armazenadas em servidores fora do pa\u00eds e o celular que usava para vazar dados roubados.<\/p>\n\n\n\n<p><em><strong>Folha de S. Paulo<\/strong><\/em><\/p>\n","protected":false},"excerpt":{"rendered":"<p>Moli\u00e7\u00e3o teria armazenado parte das mensagens capturadas nas contas do aplicativo e feito contatos com o jornalista Glenn Greenwald, do site The Intercept Brasil.<br \/><a class=\"more-link\" href=\"https:\/\/justicapotiguar.com.br\/index.php\/2019\/12\/03\/juiz-homologa-delacao-de-suspeito-de-hackear-celulares-de-moro-e-da-lava-jato\/\">Mais&#8230;<\/a><\/p>\n","protected":false},"author":5,"featured_media":4174,"comment_status":"open","ping_status":"open","sticky":false,"template":"","format":"standard","meta":[],"categories":[3],"tags":[],"_links":{"self":[{"href":"https:\/\/justicapotiguar.com.br\/index.php\/wp-json\/wp\/v2\/posts\/4476"}],"collection":[{"href":"https:\/\/justicapotiguar.com.br\/index.php\/wp-json\/wp\/v2\/posts"}],"about":[{"href":"https:\/\/justicapotiguar.com.br\/index.php\/wp-json\/wp\/v2\/types\/post"}],"author":[{"embeddable":true,"href":"https:\/\/justicapotiguar.com.br\/index.php\/wp-json\/wp\/v2\/users\/5"}],"replies":[{"embeddable":true,"href":"https:\/\/justicapotiguar.com.br\/index.php\/wp-json\/wp\/v2\/comments?post=4476"}],"version-history":[{"count":1,"href":"https:\/\/justicapotiguar.com.br\/index.php\/wp-json\/wp\/v2\/posts\/4476\/revisions"}],"predecessor-version":[{"id":4477,"href":"https:\/\/justicapotiguar.com.br\/index.php\/wp-json\/wp\/v2\/posts\/4476\/revisions\/4477"}],"wp:featuredmedia":[{"embeddable":true,"href":"https:\/\/justicapotiguar.com.br\/index.php\/wp-json\/wp\/v2\/media\/4174"}],"wp:attachment":[{"href":"https:\/\/justicapotiguar.com.br\/index.php\/wp-json\/wp\/v2\/media?parent=4476"}],"wp:term":[{"taxonomy":"category","embeddable":true,"href":"https:\/\/justicapotiguar.com.br\/index.php\/wp-json\/wp\/v2\/categories?post=4476"},{"taxonomy":"post_tag","embeddable":true,"href":"https:\/\/justicapotiguar.com.br\/index.php\/wp-json\/wp\/v2\/tags?post=4476"}],"curies":[{"name":"wp","href":"https:\/\/api.w.org\/{rel}","templated":true}]}}