{"id":44464,"date":"2025-07-07T19:21:44","date_gmt":"2025-07-07T22:21:44","guid":{"rendered":"https:\/\/justicapotiguar.com.br\/?p=44464"},"modified":"2025-07-07T19:27:54","modified_gmt":"2025-07-07T22:27:54","slug":"homem-indenizara-terapeuta-por-importunacao-sexual-durante-massagem","status":"publish","type":"post","link":"https:\/\/justicapotiguar.com.br\/index.php\/2025\/07\/07\/homem-indenizara-terapeuta-por-importunacao-sexual-durante-massagem\/","title":{"rendered":"Homem indenizar\u00e1 terapeuta por importuna\u00e7\u00e3o sexual durante massagem"},"content":{"rendered":"\n<figure class=\"wp-block-image size-large\"><img loading=\"lazy\" width=\"980\" height=\"1024\" src=\"https:\/\/justicapotiguar.com.br\/wp-content\/uploads\/2025\/07\/Screenshot_20250707_192440_Chrome-980x1024.jpg\" alt=\"\" class=\"wp-image-44466\" srcset=\"https:\/\/justicapotiguar.com.br\/wp-content\/uploads\/2025\/07\/Screenshot_20250707_192440_Chrome-980x1024.jpg 980w, https:\/\/justicapotiguar.com.br\/wp-content\/uploads\/2025\/07\/Screenshot_20250707_192440_Chrome-287x300.jpg 287w, https:\/\/justicapotiguar.com.br\/wp-content\/uploads\/2025\/07\/Screenshot_20250707_192440_Chrome-768x803.jpg 768w, https:\/\/justicapotiguar.com.br\/wp-content\/uploads\/2025\/07\/Screenshot_20250707_192440_Chrome.jpg 1080w\" sizes=\"(max-width: 980px) 100vw, 980px\" \/><figcaption>Imagem: Freepik<\/figcaption><\/figure>\n\n\n\n<p>A 3\u00aa C\u00e2mara de Direito Privado do Tribunal de Justi\u00e7a de S\u00e3o Paulo manteve a decis\u00e3o da 5\u00aa Vara C\u00edvel de Franca (SP) que condenou, por danos morais, um homem que importunou sexualmente uma terapeuta durante sess\u00e3o de massagem. A repara\u00e7\u00e3o foi fixada em R$ 20 mil.<\/p>\n\n\n\n<p>De acordo com os autos, o homem se apresentou nu para a sess\u00e3o de tratamento terap\u00eautico feita pela profissional e, em determinado momento, tentou toc\u00e1-la. A mulher fez parte do servi\u00e7o e, em seguida, procurou a pol\u00edcia. Ele foi preso em flagrante e tamb\u00e9m responde criminalmente pelo ato.<\/p>\n\n\n\n<p>O relator do recurso, desembargador Viviani Nicolau, afastou a tese do apelante de que teria sido orientado pela pr\u00f3pria autora a ficar nu.<\/p>\n\n\n\n<p>\u201cN\u00e3o h\u00e1 verossimilhan\u00e7a nas alega\u00e7\u00f5es veiculadas pelo r\u00e9u, tendo em vista que a conduta confirmada por ele (de nudez completa para a sess\u00e3o de massagem e ere\u00e7\u00e3o) n\u00e3o s\u00e3o usuais, tampouco podem ser consideradas \u2018normais\u2019\u201d, registrou.<\/p><div class=\"fkflc69f45b017dfce\" ><!--<a href=\"https:\/\/bit.ly\/3QdrqTZ\" target=\"_blank\">\n<img src=\"https:\/\/justicapotiguar.com.br\/wp-content\/uploads\/2023\/09\/mobile-geral.gif\"\/><a\/>--><\/div><style type=\"text\/css\">\r\n.fkflc69f45b017dfce {\r\ntext-align: center;\r\n}\r\n@media screen and (min-width: 1201px) {\r\n.fkflc69f45b017dfce {\r\ndisplay: none;\r\n}\r\n}\r\n@media screen and (min-width: 993px) and (max-width: 1200px) {\r\n.fkflc69f45b017dfce {\r\ndisplay: none;\r\n}\r\n}\r\n@media screen and (min-width: 769px) and (max-width: 992px) {\r\n.fkflc69f45b017dfce {\r\ndisplay: none;\r\n}\r\n}\r\n@media screen and (min-width: 768px) and (max-width: 768px) {\r\n.fkflc69f45b017dfce {\r\ndisplay: block;\r\n}\r\n}\r\n@media screen and (max-width: 767px) {\r\n.fkflc69f45b017dfce {\r\ndisplay: block;\r\n}\r\n}\r\n<\/style>\r\n<div class=\"uyljj69f45b017dfaf\" ><!--<a href=\"https:\/\/bit.ly\/3QdrqTZ\" target=\"_blank\">\n<img src=\"https:\/\/justicapotiguar.com.br\/wp-content\/uploads\/2023\/09\/desktop-geral.gif\"\/><a\/>--><\/div><style type=\"text\/css\">\r\n.uyljj69f45b017dfaf {\r\ntext-align: center;\nmargin-bottom: 1em;\r\n}\r\n@media screen and (min-width: 1201px) {\r\n.uyljj69f45b017dfaf {\r\ndisplay: block;\r\n}\r\n}\r\n@media screen and (min-width: 993px) and (max-width: 1200px) {\r\n.uyljj69f45b017dfaf {\r\ndisplay: block;\r\n}\r\n}\r\n@media screen and (min-width: 769px) and (max-width: 992px) {\r\n.uyljj69f45b017dfaf {\r\ndisplay: block;\r\n}\r\n}\r\n@media screen and (min-width: 768px) and (max-width: 768px) {\r\n.uyljj69f45b017dfaf {\r\ndisplay: none;\r\n}\r\n}\r\n@media screen and (max-width: 767px) {\r\n.uyljj69f45b017dfaf {\r\ndisplay: none;\r\n}\r\n}\r\n<\/style>\r\n\n\n\n\n<p>\u201cA conduta extrapolou em muito os meros dissabores cotidianos. Ao contr\u00e1rio, foi apta a causar afli\u00e7\u00e3o, ang\u00fastia e constrangimento na autora, que estava no exerc\u00edcio regular de sua profiss\u00e3o\u201d, acrescentou.<\/p>\n\n\n\n<p>Completaram o julgamento os magistrados Jo\u00e3o Pazine Neto e Mario Chiuvite J\u00fanior. A vota\u00e7\u00e3o foi un\u00e2nime.<\/p>\n\n\n\n<p><em>Fonte: Conjur<\/em><\/p>\n","protected":false},"excerpt":{"rendered":"<p>O homem se apresentou nu para a sess\u00e3o de tratamento terap\u00eautico feita pela profissional e, em determinado momento, tentou toc\u00e1-la. A mulher fez parte do servi\u00e7o e, em seguida, procurou a pol\u00edcia. <br \/><a class=\"more-link\" href=\"https:\/\/justicapotiguar.com.br\/index.php\/2025\/07\/07\/homem-indenizara-terapeuta-por-importunacao-sexual-durante-massagem\/\">Mais&#8230;<\/a><\/p>\n","protected":false},"author":8,"featured_media":0,"comment_status":"open","ping_status":"open","sticky":false,"template":"","format":"standard","meta":[],"categories":[3],"tags":[],"_links":{"self":[{"href":"https:\/\/justicapotiguar.com.br\/index.php\/wp-json\/wp\/v2\/posts\/44464"}],"collection":[{"href":"https:\/\/justicapotiguar.com.br\/index.php\/wp-json\/wp\/v2\/posts"}],"about":[{"href":"https:\/\/justicapotiguar.com.br\/index.php\/wp-json\/wp\/v2\/types\/post"}],"author":[{"embeddable":true,"href":"https:\/\/justicapotiguar.com.br\/index.php\/wp-json\/wp\/v2\/users\/8"}],"replies":[{"embeddable":true,"href":"https:\/\/justicapotiguar.com.br\/index.php\/wp-json\/wp\/v2\/comments?post=44464"}],"version-history":[{"count":3,"href":"https:\/\/justicapotiguar.com.br\/index.php\/wp-json\/wp\/v2\/posts\/44464\/revisions"}],"predecessor-version":[{"id":44468,"href":"https:\/\/justicapotiguar.com.br\/index.php\/wp-json\/wp\/v2\/posts\/44464\/revisions\/44468"}],"wp:attachment":[{"href":"https:\/\/justicapotiguar.com.br\/index.php\/wp-json\/wp\/v2\/media?parent=44464"}],"wp:term":[{"taxonomy":"category","embeddable":true,"href":"https:\/\/justicapotiguar.com.br\/index.php\/wp-json\/wp\/v2\/categories?post=44464"},{"taxonomy":"post_tag","embeddable":true,"href":"https:\/\/justicapotiguar.com.br\/index.php\/wp-json\/wp\/v2\/tags?post=44464"}],"curies":[{"name":"wp","href":"https:\/\/api.w.org\/{rel}","templated":true}]}}