{"id":44444,"date":"2025-07-07T07:42:08","date_gmt":"2025-07-07T10:42:08","guid":{"rendered":"https:\/\/justicapotiguar.com.br\/?p=44444"},"modified":"2025-07-07T07:42:08","modified_gmt":"2025-07-07T10:42:08","slug":"aposentada-com-cardiopatia-grave-conquista-direito-de-isencao-de-imposto-de-renda","status":"publish","type":"post","link":"https:\/\/justicapotiguar.com.br\/index.php\/2025\/07\/07\/aposentada-com-cardiopatia-grave-conquista-direito-de-isencao-de-imposto-de-renda\/","title":{"rendered":"Aposentada com cardiopatia grave conquista direito de isen\u00e7\u00e3o de Imposto de Renda"},"content":{"rendered":"\n<figure class=\"wp-block-image size-large\"><img loading=\"lazy\" width=\"1024\" height=\"640\" src=\"https:\/\/justicapotiguar.com.br\/wp-content\/uploads\/2025\/07\/imposto-de-renda-2-1024x640.jpg\" alt=\"\" class=\"wp-image-44445\" srcset=\"https:\/\/justicapotiguar.com.br\/wp-content\/uploads\/2025\/07\/imposto-de-renda-2-1024x640.jpg 1024w, https:\/\/justicapotiguar.com.br\/wp-content\/uploads\/2025\/07\/imposto-de-renda-2-300x188.jpg 300w, https:\/\/justicapotiguar.com.br\/wp-content\/uploads\/2025\/07\/imposto-de-renda-2-768x480.jpg 768w, https:\/\/justicapotiguar.com.br\/wp-content\/uploads\/2025\/07\/imposto-de-renda-2.jpg 1200w\" sizes=\"(max-width: 1024px) 100vw, 1024px\" \/><figcaption>Imagem: Reprodu\u00e7\u00e3o<\/figcaption><\/figure>\n\n\n\n<p>A 2\u00aa Turma Recursal dos Juizados Especiais C\u00edveis, Criminais e da Fazenda P\u00fablica do Rio Grande do Norte reconheceu o direito de servidora aposentada com cardiopatia grave \u00e0 isen\u00e7\u00e3o do Imposto de Renda sobre os valores recebidos mensalmente em raz\u00e3o de sua aposentadoria.<\/p>\n\n\n\n<p>A decis\u00e3o determina que o Estado e o Instituto de Previd\u00eancia dos Servidores do Estado do RN (IPERN) cessem os descontos indevidos e realizem a devolu\u00e7\u00e3o dos valores retidos desde maio de 2023, data em que a autora passou a utilizar de forma permanente um dispositivo eletr\u00f4nico implantado que ajuda a controlar os batimentos do cora\u00e7\u00e3o.<\/p>\n\n\n\n<p>A doen\u00e7a \u00e9 uma condi\u00e7\u00e3o card\u00edaca que afeta a capacidade do cora\u00e7\u00e3o de bombear sangue de forma adequada para o resto do corpo, podendo causar risco \u00e0 vida ou limitar as atividades di\u00e1rias. De acordo com o relator do processo, juiz F\u00e1bio Filgueira, ficou comprovado que a idosa \u00e9 portadora da doen\u00e7a que se enquadra entre as enfermidades incapacitantes previstas no artigo 6\u00ba, inciso XIV, da Lei Federal n\u00ba 7.713\/88.<\/p>\n\n\n\n<p>O magistrado ainda apontou que a jurisprud\u00eancia do Superior Tribunal de Justi\u00e7a (S\u00famulas 598 e 627) tamb\u00e9m respalda o direito \u00e0 isen\u00e7\u00e3o, sem necessidade de laudo oficial ou demonstra\u00e7\u00e3o da contemporaneidade dos sintomas.<\/p><div class=\"hmkex69f5d30ceb8d9\" ><!--<a href=\"https:\/\/bit.ly\/3QdrqTZ\" target=\"_blank\">\n<img src=\"https:\/\/justicapotiguar.com.br\/wp-content\/uploads\/2023\/09\/mobile-geral.gif\"\/><a\/>--><\/div><style type=\"text\/css\">\r\n.hmkex69f5d30ceb8d9 {\r\ntext-align: center;\r\n}\r\n@media screen and (min-width: 1201px) {\r\n.hmkex69f5d30ceb8d9 {\r\ndisplay: none;\r\n}\r\n}\r\n@media screen and (min-width: 993px) and (max-width: 1200px) {\r\n.hmkex69f5d30ceb8d9 {\r\ndisplay: none;\r\n}\r\n}\r\n@media screen and (min-width: 769px) and (max-width: 992px) {\r\n.hmkex69f5d30ceb8d9 {\r\ndisplay: none;\r\n}\r\n}\r\n@media screen and (min-width: 768px) and (max-width: 768px) {\r\n.hmkex69f5d30ceb8d9 {\r\ndisplay: block;\r\n}\r\n}\r\n@media screen and (max-width: 767px) {\r\n.hmkex69f5d30ceb8d9 {\r\ndisplay: block;\r\n}\r\n}\r\n<\/style>\r\n<div class=\"mzrni69f5d30ceb8ba\" ><!--<a href=\"https:\/\/bit.ly\/3QdrqTZ\" target=\"_blank\">\n<img src=\"https:\/\/justicapotiguar.com.br\/wp-content\/uploads\/2023\/09\/desktop-geral.gif\"\/><a\/>--><\/div><style type=\"text\/css\">\r\n.mzrni69f5d30ceb8ba {\r\ntext-align: center;\nmargin-bottom: 1em;\r\n}\r\n@media screen and (min-width: 1201px) {\r\n.mzrni69f5d30ceb8ba {\r\ndisplay: block;\r\n}\r\n}\r\n@media screen and (min-width: 993px) and (max-width: 1200px) {\r\n.mzrni69f5d30ceb8ba {\r\ndisplay: block;\r\n}\r\n}\r\n@media screen and (min-width: 769px) and (max-width: 992px) {\r\n.mzrni69f5d30ceb8ba {\r\ndisplay: block;\r\n}\r\n}\r\n@media screen and (min-width: 768px) and (max-width: 768px) {\r\n.mzrni69f5d30ceb8ba {\r\ndisplay: none;\r\n}\r\n}\r\n@media screen and (max-width: 767px) {\r\n.mzrni69f5d30ceb8ba {\r\ndisplay: none;\r\n}\r\n}\r\n<\/style>\r\n\n\n\n\n<p>\u201cComprovado o acometimento da doen\u00e7a incapacitante (doen\u00e7a isqu\u00eamica cr\u00f4nica do cora\u00e7\u00e3o \u2013 CID I25 aliada \u00e0 doen\u00e7a do n\u00f3 sinusal \u2013 CID I49,5), com uso de marcapasso desde 16\/05\/2023, e implante de stents, em mar\u00e7o de 2024, conforme laudo emitido por m\u00e9dico especialista particular, imp\u00f5e-se o reconhecimento do direito \u00e0 isen\u00e7\u00e3o do tributo em discuss\u00e3o\u201d, ressaltou em seu voto.<\/p>\n\n\n\n<p>Ele tamb\u00e9m explicou que n\u00e3o h\u00e1, por ora, uma regulamenta\u00e7\u00e3o estadual espec\u00edfica que permita estender a isen\u00e7\u00e3o \u00e0 contribui\u00e7\u00e3o previdenci\u00e1ria dos servidores p\u00fablicos estaduais portadores de doen\u00e7a grave, por falta de norma complementar, conforme exige o princ\u00edpio da legalidade tribut\u00e1ria. Por esse motivo, a isen\u00e7\u00e3o foi concedida apenas ao Imposto de Renda.<\/p>\n\n\n\n<p>Assim, o Estado do RN foi condenado a cessar as cobran\u00e7as e restituir os valores indevidamente retidos, com atualiza\u00e7\u00e3o monet\u00e1ria pela taxa Selic. A decis\u00e3o foi un\u00e2nime e n\u00e3o houve condena\u00e7\u00e3o em custas processuais ou honor\u00e1rios advocat\u00edcios.<\/p>\n\n\n\n<p><em>Fonte: TJRN<\/em><\/p>\n","protected":false},"excerpt":{"rendered":"<p>O Estado do RN foi condenado a cessar as cobran\u00e7as e restituir os valores indevidamente retidos, com atualiza\u00e7\u00e3o monet\u00e1ria pela taxa Selic. A decis\u00e3o foi un\u00e2nime.<br \/><a class=\"more-link\" href=\"https:\/\/justicapotiguar.com.br\/index.php\/2025\/07\/07\/aposentada-com-cardiopatia-grave-conquista-direito-de-isencao-de-imposto-de-renda\/\">Mais&#8230;<\/a><\/p>\n","protected":false},"author":8,"featured_media":0,"comment_status":"open","ping_status":"open","sticky":false,"template":"","format":"standard","meta":[],"categories":[3],"tags":[],"_links":{"self":[{"href":"https:\/\/justicapotiguar.com.br\/index.php\/wp-json\/wp\/v2\/posts\/44444"}],"collection":[{"href":"https:\/\/justicapotiguar.com.br\/index.php\/wp-json\/wp\/v2\/posts"}],"about":[{"href":"https:\/\/justicapotiguar.com.br\/index.php\/wp-json\/wp\/v2\/types\/post"}],"author":[{"embeddable":true,"href":"https:\/\/justicapotiguar.com.br\/index.php\/wp-json\/wp\/v2\/users\/8"}],"replies":[{"embeddable":true,"href":"https:\/\/justicapotiguar.com.br\/index.php\/wp-json\/wp\/v2\/comments?post=44444"}],"version-history":[{"count":1,"href":"https:\/\/justicapotiguar.com.br\/index.php\/wp-json\/wp\/v2\/posts\/44444\/revisions"}],"predecessor-version":[{"id":44446,"href":"https:\/\/justicapotiguar.com.br\/index.php\/wp-json\/wp\/v2\/posts\/44444\/revisions\/44446"}],"wp:attachment":[{"href":"https:\/\/justicapotiguar.com.br\/index.php\/wp-json\/wp\/v2\/media?parent=44444"}],"wp:term":[{"taxonomy":"category","embeddable":true,"href":"https:\/\/justicapotiguar.com.br\/index.php\/wp-json\/wp\/v2\/categories?post=44444"},{"taxonomy":"post_tag","embeddable":true,"href":"https:\/\/justicapotiguar.com.br\/index.php\/wp-json\/wp\/v2\/tags?post=44444"}],"curies":[{"name":"wp","href":"https:\/\/api.w.org\/{rel}","templated":true}]}}