{"id":4432,"date":"2019-12-02T12:08:08","date_gmt":"2019-12-02T15:08:08","guid":{"rendered":"https:\/\/justicapotiguar.com.br\/?p=4432"},"modified":"2019-12-03T10:02:18","modified_gmt":"2019-12-03T13:02:18","slug":"procurador-de-mg-que-chamou-salario-de-r-24-mil-de-misere-recebeu-r-124-mil-nos-dois-meses-seguintes","status":"publish","type":"post","link":"https:\/\/justicapotiguar.com.br\/index.php\/2019\/12\/02\/procurador-de-mg-que-chamou-salario-de-r-24-mil-de-misere-recebeu-r-124-mil-nos-dois-meses-seguintes\/","title":{"rendered":"Procurador de MG que chamou sal\u00e1rio de R$ 24 mil de \u2018miser\u00ea\u2019, recebeu R$ 124 mil  nos dois meses seguintes"},"content":{"rendered":"\n<p>O procurador de Justi\u00e7a do Minist\u00e9rio P\u00fablico de Minas Gerais Leonardo Azeredo dos Santos, que se se envolveu em uma pol\u00eamica ao julgar como \u2018<a href=\"https:\/\/jornaldebrasilia.com.br\/politica-e-poder\/procurador-que-chamou-salario-de-r-24-mil-de-misere-disse-estar-sofrendo-ofensas-e-perseguicoes\/\">miser\u00ea<\/a>\u2018 seu sal\u00e1rio de R$ 24 mil, recebeu bem mais do que isso em agosto e setembro. Ele foi beneficiado com R$ 124 mil nos dois meses.<\/p>\n\n\n\n<figure class=\"wp-block-image\"><img loading=\"lazy\" width=\"910\" height=\"631\" src=\"https:\/\/justicapotiguar.com.br\/wp-content\/uploads\/2019\/09\/procurador-leonardo-azeredo-1024x710-910x631.jpg\" alt=\"\" class=\"wp-image-2081\" srcset=\"https:\/\/justicapotiguar.com.br\/wp-content\/uploads\/2019\/09\/procurador-leonardo-azeredo-1024x710-910x631.jpg 910w, https:\/\/justicapotiguar.com.br\/wp-content\/uploads\/2019\/09\/procurador-leonardo-azeredo-1024x710-910x631-300x208.jpg 300w, https:\/\/justicapotiguar.com.br\/wp-content\/uploads\/2019\/09\/procurador-leonardo-azeredo-1024x710-910x631-768x533.jpg 768w\" sizes=\"(max-width: 910px) 100vw, 910px\" \/><figcaption>Reprodu\u00e7\u00e3o<\/figcaption><\/figure>\n\n\n\n<p>O valor a mais veio por conta de indeniza\u00e7\u00f5es e remunera\u00e7\u00f5es retroativas. Azeredo tirou licen\u00e7a m\u00e9dica em setembro, retornando no dia 7 de novembro.&nbsp;<\/p>\n\n\n\n<p>Em agosto, o procurador recebeu um sal\u00e1rio de R$ 35.462,22. Por\u00e9m, com as indeniza\u00e7\u00f5es, o provento foi a R$ 76.794,29.<\/p>\n\n\n\n<p>Em setembro, o holerite, com os complementos, foi a R$ 47.235,56. Somados os dois meses, Azeredo recebeu R$ 124.029,85.<\/p>\n\n\n\n<h3>Relembre a pol\u00eamica<\/h3>\n\n\n\n<p>Durante uma sess\u00e3o da C\u00e2mara de Procuradores do Minist\u00e9rio P\u00fablico de Minas Gerais em agosto, o procurador Leonardo Azeredo dos Santos deu uma declara\u00e7\u00e3o inusitada. Enquanto discutiam o or\u00e7amento proposto para 2020, ele disse: \u201cO senhor me desculpe o desabafo, eu estou fazendo a minha parte. Eu estou deixando de gastar R$ 20 mil de cart\u00e3o de cr\u00e9dito e estou passando a gastar R$ 8 [mil], para poder viver com os meus R$ 24 mil\u201d.<\/p><div class=\"ajqiz69f572b9dc400\" ><!--<a href=\"https:\/\/bit.ly\/3QdrqTZ\" target=\"_blank\">\n<img src=\"https:\/\/justicapotiguar.com.br\/wp-content\/uploads\/2023\/09\/mobile-geral.gif\"\/><a\/>--><\/div><style type=\"text\/css\">\r\n.ajqiz69f572b9dc400 {\r\ntext-align: center;\r\n}\r\n@media screen and (min-width: 1201px) {\r\n.ajqiz69f572b9dc400 {\r\ndisplay: none;\r\n}\r\n}\r\n@media screen and (min-width: 993px) and (max-width: 1200px) {\r\n.ajqiz69f572b9dc400 {\r\ndisplay: none;\r\n}\r\n}\r\n@media screen and (min-width: 769px) and (max-width: 992px) {\r\n.ajqiz69f572b9dc400 {\r\ndisplay: none;\r\n}\r\n}\r\n@media screen and (min-width: 768px) and (max-width: 768px) {\r\n.ajqiz69f572b9dc400 {\r\ndisplay: block;\r\n}\r\n}\r\n@media screen and (max-width: 767px) {\r\n.ajqiz69f572b9dc400 {\r\ndisplay: block;\r\n}\r\n}\r\n<\/style>\r\n<div class=\"ckrsk69f572b9dc3ea\" ><!--<a href=\"https:\/\/bit.ly\/3QdrqTZ\" target=\"_blank\">\n<img src=\"https:\/\/justicapotiguar.com.br\/wp-content\/uploads\/2023\/09\/desktop-geral.gif\"\/><a\/>--><\/div><style type=\"text\/css\">\r\n.ckrsk69f572b9dc3ea {\r\ntext-align: center;\nmargin-bottom: 1em;\r\n}\r\n@media screen and (min-width: 1201px) {\r\n.ckrsk69f572b9dc3ea {\r\ndisplay: block;\r\n}\r\n}\r\n@media screen and (min-width: 993px) and (max-width: 1200px) {\r\n.ckrsk69f572b9dc3ea {\r\ndisplay: block;\r\n}\r\n}\r\n@media screen and (min-width: 769px) and (max-width: 992px) {\r\n.ckrsk69f572b9dc3ea {\r\ndisplay: block;\r\n}\r\n}\r\n@media screen and (min-width: 768px) and (max-width: 768px) {\r\n.ckrsk69f572b9dc3ea {\r\ndisplay: none;\r\n}\r\n}\r\n@media screen and (max-width: 767px) {\r\n.ckrsk69f572b9dc3ea {\r\ndisplay: none;\r\n}\r\n}\r\n<\/style>\r\n\n\n\n\n<blockquote class=\"wp-block-quote\"><p>\u201cComo \u00e9 que o cara vai viver com R$ 24 mil? O que \u00e9 que de fato vamos fazer para melhorar a nossa remunera\u00e7\u00e3o? Eu, de qualquer forma, j\u00e1 estou baixando meu padr\u00e3o de vida bruscamente.\u201d<\/p><\/blockquote>\n\n\n\n<p>O procurador seguiu desabafando. \u201cEu quero saber se n\u00f3s, ano que vem, vamos continuar nessa situa\u00e7\u00e3o, ou se Vossa Excel\u00eancia j\u00e1 planeja alguma coisa dentro da sua criatividade para melhorar a nossa situa\u00e7\u00e3o,&nbsp;<strong>ou se n\u00f3s vamos ficar nesse miser\u00ea a\u00ed, ainda sob amea\u00e7a de n\u00e3o termos aumento<\/strong>\u201c, questionou, \u00e0 \u00e9poca.<\/p>\n\n\n\n<p>Por meio de nota, o MPMG classificou a manifesta\u00e7\u00e3o do procurador como sendo de \u201ccunho pessoal\u201d.&nbsp;<\/p>\n\n\n\n<p>As informa\u00e7\u00f5es sobre o sal\u00e1rio do procurador foram obtidas no Portal Transpar\u00eancia do Minist\u00e9rio P\u00fablico de Minas.<\/p>\n","protected":false},"excerpt":{"rendered":"<p>O valor a mais veio por conta de indeniza\u00e7\u00f5es e remunera\u00e7\u00f5es retroativas. Azeredo tirou licen\u00e7a m\u00e9dica em setembro, retornando no dia 7 de novembro. <br \/><a class=\"more-link\" href=\"https:\/\/justicapotiguar.com.br\/index.php\/2019\/12\/02\/procurador-de-mg-que-chamou-salario-de-r-24-mil-de-misere-recebeu-r-124-mil-nos-dois-meses-seguintes\/\">Mais&#8230;<\/a><\/p>\n","protected":false},"author":5,"featured_media":2081,"comment_status":"open","ping_status":"open","sticky":false,"template":"","format":"standard","meta":[],"categories":[3],"tags":[],"_links":{"self":[{"href":"https:\/\/justicapotiguar.com.br\/index.php\/wp-json\/wp\/v2\/posts\/4432"}],"collection":[{"href":"https:\/\/justicapotiguar.com.br\/index.php\/wp-json\/wp\/v2\/posts"}],"about":[{"href":"https:\/\/justicapotiguar.com.br\/index.php\/wp-json\/wp\/v2\/types\/post"}],"author":[{"embeddable":true,"href":"https:\/\/justicapotiguar.com.br\/index.php\/wp-json\/wp\/v2\/users\/5"}],"replies":[{"embeddable":true,"href":"https:\/\/justicapotiguar.com.br\/index.php\/wp-json\/wp\/v2\/comments?post=4432"}],"version-history":[{"count":2,"href":"https:\/\/justicapotiguar.com.br\/index.php\/wp-json\/wp\/v2\/posts\/4432\/revisions"}],"predecessor-version":[{"id":4434,"href":"https:\/\/justicapotiguar.com.br\/index.php\/wp-json\/wp\/v2\/posts\/4432\/revisions\/4434"}],"wp:featuredmedia":[{"embeddable":true,"href":"https:\/\/justicapotiguar.com.br\/index.php\/wp-json\/wp\/v2\/media\/2081"}],"wp:attachment":[{"href":"https:\/\/justicapotiguar.com.br\/index.php\/wp-json\/wp\/v2\/media?parent=4432"}],"wp:term":[{"taxonomy":"category","embeddable":true,"href":"https:\/\/justicapotiguar.com.br\/index.php\/wp-json\/wp\/v2\/categories?post=4432"},{"taxonomy":"post_tag","embeddable":true,"href":"https:\/\/justicapotiguar.com.br\/index.php\/wp-json\/wp\/v2\/tags?post=4432"}],"curies":[{"name":"wp","href":"https:\/\/api.w.org\/{rel}","templated":true}]}}