{"id":4427,"date":"2019-12-02T11:45:40","date_gmt":"2019-12-02T14:45:40","guid":{"rendered":"https:\/\/justicapotiguar.com.br\/?p=4427"},"modified":"2019-12-02T11:45:40","modified_gmt":"2019-12-02T14:45:40","slug":"stf-vai-decidir-se-e-obrigatoria-audiencia-de-custodia-em-todas-as-modalidades-de-prisao","status":"publish","type":"post","link":"https:\/\/justicapotiguar.com.br\/index.php\/2019\/12\/02\/stf-vai-decidir-se-e-obrigatoria-audiencia-de-custodia-em-todas-as-modalidades-de-prisao\/","title":{"rendered":"STF vai decidir se \u00e9 obrigat\u00f3ria audi\u00eancia de cust\u00f3dia em todas as modalidades de pris\u00e3o"},"content":{"rendered":"\n<p>Nesta semana, o plen\u00e1rio do STF tem sess\u00f5es ordin\u00e1rias na quarta e quinta-feira pela tarde. Al\u00e9m de processos em lista, os ministros t\u00eam tr\u00eas mat\u00e9rias principais para julgamento:<\/p>\n\n\n\n<ul><li>Fixa\u00e7\u00e3o de tese no caso de compartilhamento de dados com o MP sem ordem judicial;<\/li><li>Reclama\u00e7\u00e3o sobre audi\u00eancias de cust\u00f3dia em casos de pris\u00f5es cautelares;<\/li><li>A\u00e7\u00e3o sobre taxa para explora\u00e7\u00e3o de recursos h\u00eddricos no Amap\u00e1.<\/li><\/ul>\n\n\n\n<figure class=\"wp-block-image\"><img src=\"https:\/\/www.globalframe.com.br\/gf_base\/empresas\/MIGA\/imagens\/7BE59AE5165BED0FAE6A6B514E5A47530454_stf.jpg\" alt=\"t\"\/><figcaption>Foto: Divulga\u00e7\u00e3o\/STF<\/figcaption><\/figure>\n\n\n\n<p><strong>Audi\u00eancia de cust\u00f3dia<\/strong><\/p>\n\n\n\n<p>Em fevereiro de 2019, a 2\u00aa turma do STF decidiu remeter ao plen\u00e1rio do STF o julgamento do agravo regimental apresentado em reclama\u00e7\u00e3o, na qual a Defensoria P\u00fablica do Rio afirma que o TJ\/RJ limita a realiza\u00e7\u00e3o de audi\u00eancias de cust\u00f3dia aos casos de pris\u00e3o em flagrante.<\/p><div class=\"nxhmp69f2b29979dbf\" ><!--<a href=\"https:\/\/bit.ly\/3QdrqTZ\" target=\"_blank\">\n<img src=\"https:\/\/justicapotiguar.com.br\/wp-content\/uploads\/2023\/09\/mobile-geral.gif\"\/><a\/>--><\/div><style type=\"text\/css\">\r\n.nxhmp69f2b29979dbf {\r\ntext-align: center;\r\n}\r\n@media screen and (min-width: 1201px) {\r\n.nxhmp69f2b29979dbf {\r\ndisplay: none;\r\n}\r\n}\r\n@media screen and (min-width: 993px) and (max-width: 1200px) {\r\n.nxhmp69f2b29979dbf {\r\ndisplay: none;\r\n}\r\n}\r\n@media screen and (min-width: 769px) and (max-width: 992px) {\r\n.nxhmp69f2b29979dbf {\r\ndisplay: none;\r\n}\r\n}\r\n@media screen and (min-width: 768px) and (max-width: 768px) {\r\n.nxhmp69f2b29979dbf {\r\ndisplay: block;\r\n}\r\n}\r\n@media screen and (max-width: 767px) {\r\n.nxhmp69f2b29979dbf {\r\ndisplay: block;\r\n}\r\n}\r\n<\/style>\r\n<div class=\"xiobr69f2b29979dab\" ><!--<a href=\"https:\/\/bit.ly\/3QdrqTZ\" target=\"_blank\">\n<img src=\"https:\/\/justicapotiguar.com.br\/wp-content\/uploads\/2023\/09\/desktop-geral.gif\"\/><a\/>--><\/div><style type=\"text\/css\">\r\n.xiobr69f2b29979dab {\r\ntext-align: center;\nmargin-bottom: 1em;\r\n}\r\n@media screen and (min-width: 1201px) {\r\n.xiobr69f2b29979dab {\r\ndisplay: block;\r\n}\r\n}\r\n@media screen and (min-width: 993px) and (max-width: 1200px) {\r\n.xiobr69f2b29979dab {\r\ndisplay: block;\r\n}\r\n}\r\n@media screen and (min-width: 769px) and (max-width: 992px) {\r\n.xiobr69f2b29979dab {\r\ndisplay: block;\r\n}\r\n}\r\n@media screen and (min-width: 768px) and (max-width: 768px) {\r\n.xiobr69f2b29979dab {\r\ndisplay: none;\r\n}\r\n}\r\n@media screen and (max-width: 767px) {\r\n.xiobr69f2b29979dab {\r\ndisplay: none;\r\n}\r\n}\r\n<\/style>\r\n\n\n\n\n<p>Para a Defensoria, a interpreta\u00e7\u00e3o est\u00e1 equivocada em rela\u00e7\u00e3o ao que decidiu o STF no julgamento de liminar na ADPF&nbsp;<a href=\"http:\/\/portal.stf.jus.br\/processos\/detalhe.asp?incidente=4783560\" target=\"_blank\" rel=\"noreferrer noopener\">347<\/a>, e tais audi\u00eancias tamb\u00e9m devem ser feitas em caso de pris\u00f5es cautelares.<\/p>\n\n\n\n<p>Em 2015, na referida ADPF, o STF deferiu liminar a fim de determinar aos ju\u00edzes e tribunais que passem a realizar audi\u00eancias de cust\u00f3dia, no prazo m\u00e1ximo de 90 dias, de modo a viabilizar o comparecimento do preso perante a autoridade judici\u00e1ria em at\u00e9 24 horas contadas do momento da pris\u00e3o.<\/p>\n\n\n\n<p>Para a DP\/RJ, no julgado&nbsp;n\u00e3o ocorreu qualquer restri\u00e7\u00e3o da audi\u00eancia de cust\u00f3dia aos casos relacionados exclusivamente com a pris\u00e3o em flagrante.<br><\/p>\n","protected":false},"excerpt":{"rendered":"<p>Em fevereiro de 2019, a 2\u00aa turma do STF decidiu remeter ao plen\u00e1rio do STF o julgamento do agravo regimental apresentado em reclama\u00e7\u00e3o, na qual a Defensoria P\u00fablica do Rio afirma que o TJ\/RJ limita a realiza\u00e7\u00e3o de audi\u00eancias de cust\u00f3dia aos casos de pris\u00e3o em flagrante.<br \/><a class=\"more-link\" href=\"https:\/\/justicapotiguar.com.br\/index.php\/2019\/12\/02\/stf-vai-decidir-se-e-obrigatoria-audiencia-de-custodia-em-todas-as-modalidades-de-prisao\/\">Mais&#8230;<\/a><\/p>\n","protected":false},"author":5,"featured_media":4193,"comment_status":"open","ping_status":"open","sticky":false,"template":"","format":"standard","meta":[],"categories":[3],"tags":[],"_links":{"self":[{"href":"https:\/\/justicapotiguar.com.br\/index.php\/wp-json\/wp\/v2\/posts\/4427"}],"collection":[{"href":"https:\/\/justicapotiguar.com.br\/index.php\/wp-json\/wp\/v2\/posts"}],"about":[{"href":"https:\/\/justicapotiguar.com.br\/index.php\/wp-json\/wp\/v2\/types\/post"}],"author":[{"embeddable":true,"href":"https:\/\/justicapotiguar.com.br\/index.php\/wp-json\/wp\/v2\/users\/5"}],"replies":[{"embeddable":true,"href":"https:\/\/justicapotiguar.com.br\/index.php\/wp-json\/wp\/v2\/comments?post=4427"}],"version-history":[{"count":1,"href":"https:\/\/justicapotiguar.com.br\/index.php\/wp-json\/wp\/v2\/posts\/4427\/revisions"}],"predecessor-version":[{"id":4428,"href":"https:\/\/justicapotiguar.com.br\/index.php\/wp-json\/wp\/v2\/posts\/4427\/revisions\/4428"}],"wp:featuredmedia":[{"embeddable":true,"href":"https:\/\/justicapotiguar.com.br\/index.php\/wp-json\/wp\/v2\/media\/4193"}],"wp:attachment":[{"href":"https:\/\/justicapotiguar.com.br\/index.php\/wp-json\/wp\/v2\/media?parent=4427"}],"wp:term":[{"taxonomy":"category","embeddable":true,"href":"https:\/\/justicapotiguar.com.br\/index.php\/wp-json\/wp\/v2\/categories?post=4427"},{"taxonomy":"post_tag","embeddable":true,"href":"https:\/\/justicapotiguar.com.br\/index.php\/wp-json\/wp\/v2\/tags?post=4427"}],"curies":[{"name":"wp","href":"https:\/\/api.w.org\/{rel}","templated":true}]}}