{"id":44181,"date":"2025-07-01T07:03:51","date_gmt":"2025-07-01T10:03:51","guid":{"rendered":"https:\/\/justicapotiguar.com.br\/?p=44181"},"modified":"2025-07-01T07:04:26","modified_gmt":"2025-07-01T10:04:26","slug":"leilao-do-trt-rn-movimenta-mais-de-r-27-milhoes-para-pagamento-de-dividas-trabalhistas","status":"publish","type":"post","link":"https:\/\/justicapotiguar.com.br\/index.php\/2025\/07\/01\/leilao-do-trt-rn-movimenta-mais-de-r-27-milhoes-para-pagamento-de-dividas-trabalhistas\/","title":{"rendered":"Leil\u00e3o do TRT-RN movimenta mais de R$ 2,7 milh\u00f5es para pagamento de d\u00edvidas"},"content":{"rendered":"\n<figure class=\"wp-block-image size-large\"><img loading=\"lazy\" width=\"800\" height=\"526\" src=\"https:\/\/justicapotiguar.com.br\/wp-content\/uploads\/2025\/07\/03-Site-Leilao-do-TRT-RN-movimenta-mais-de-R-27-milhoes.jpg\" alt=\"\" class=\"wp-image-44182\" srcset=\"https:\/\/justicapotiguar.com.br\/wp-content\/uploads\/2025\/07\/03-Site-Leilao-do-TRT-RN-movimenta-mais-de-R-27-milhoes.jpg 800w, https:\/\/justicapotiguar.com.br\/wp-content\/uploads\/2025\/07\/03-Site-Leilao-do-TRT-RN-movimenta-mais-de-R-27-milhoes-300x197.jpg 300w, https:\/\/justicapotiguar.com.br\/wp-content\/uploads\/2025\/07\/03-Site-Leilao-do-TRT-RN-movimenta-mais-de-R-27-milhoes-768x505.jpg 768w\" sizes=\"(max-width: 800px) 100vw, 800px\" \/><figcaption>Foto: Divulga\u00e7\u00e3o<\/figcaption><\/figure>\n\n\n\n<p>O leil\u00e3o promovido pela Justi\u00e7a do Trabalho para venda de bens penhorados pelas Varas de Natal e do interior movimentou R$ 2.758.108,80.<\/p>\n\n\n\n<p>Foram R$ 1.995.706,00 com a arremata\u00e7\u00e3o de im\u00f3veis e mais R$ 713.497,30 com lances para ve\u00edculos. Esse valor agora ser\u00e1 destinado ao pagamento de d\u00edvidas trabalhistas.<\/p>\n\n\n\n<p>A ju\u00edza Stella Paiva de Autran Nunes, coordenadora da Central de Apoio \u00e0 Execu\u00e7\u00e3o do TRT-RN, comemorou o resultado positivo do leil\u00e3o, \u201cseja pelo interesse de mais de 300 pessoas, um recorde de participa\u00e7\u00e3o, como pela venda de praticamente todos os ve\u00edculos que estavam em nosso dep\u00f3sito\u201d.<\/p><div class=\"ixtbq69f317330a631\" ><!--<a href=\"https:\/\/bit.ly\/3QdrqTZ\" target=\"_blank\">\n<img src=\"https:\/\/justicapotiguar.com.br\/wp-content\/uploads\/2023\/09\/mobile-geral.gif\"\/><a\/>--><\/div><style type=\"text\/css\">\r\n.ixtbq69f317330a631 {\r\ntext-align: center;\r\n}\r\n@media screen and (min-width: 1201px) {\r\n.ixtbq69f317330a631 {\r\ndisplay: none;\r\n}\r\n}\r\n@media screen and (min-width: 993px) and (max-width: 1200px) {\r\n.ixtbq69f317330a631 {\r\ndisplay: none;\r\n}\r\n}\r\n@media screen and (min-width: 769px) and (max-width: 992px) {\r\n.ixtbq69f317330a631 {\r\ndisplay: none;\r\n}\r\n}\r\n@media screen and (min-width: 768px) and (max-width: 768px) {\r\n.ixtbq69f317330a631 {\r\ndisplay: block;\r\n}\r\n}\r\n@media screen and (max-width: 767px) {\r\n.ixtbq69f317330a631 {\r\ndisplay: block;\r\n}\r\n}\r\n<\/style>\r\n<div class=\"owvjt69f317330a61c\" ><!--<a href=\"https:\/\/bit.ly\/3QdrqTZ\" target=\"_blank\">\n<img src=\"https:\/\/justicapotiguar.com.br\/wp-content\/uploads\/2023\/09\/desktop-geral.gif\"\/><a\/>--><\/div><style type=\"text\/css\">\r\n.owvjt69f317330a61c {\r\ntext-align: center;\nmargin-bottom: 1em;\r\n}\r\n@media screen and (min-width: 1201px) {\r\n.owvjt69f317330a61c {\r\ndisplay: block;\r\n}\r\n}\r\n@media screen and (min-width: 993px) and (max-width: 1200px) {\r\n.owvjt69f317330a61c {\r\ndisplay: block;\r\n}\r\n}\r\n@media screen and (min-width: 769px) and (max-width: 992px) {\r\n.owvjt69f317330a61c {\r\ndisplay: block;\r\n}\r\n}\r\n@media screen and (min-width: 768px) and (max-width: 768px) {\r\n.owvjt69f317330a61c {\r\ndisplay: none;\r\n}\r\n}\r\n@media screen and (max-width: 767px) {\r\n.owvjt69f317330a61c {\r\ndisplay: none;\r\n}\r\n}\r\n<\/style>\r\n\n\n\n\n<p>Alguns lotes foram retirados do leil\u00e3o antes do in\u00edcio do preg\u00e3o mediante quita\u00e7\u00e3o das d\u00edvidas, como foi o caso de um apartamento no bairro do Tirol, em Natal.<\/p>\n\n\n\n<p>Fonte: TRT21<\/p>\n","protected":false},"excerpt":{"rendered":"<p>Alguns lotes foram retirados do leil\u00e3o antes do in\u00edcio do preg\u00e3o mediante quita\u00e7\u00e3o das d\u00edvidas, como foi o caso de um apartamento no bairro do Tirol, em Natal.<br \/><a class=\"more-link\" href=\"https:\/\/justicapotiguar.com.br\/index.php\/2025\/07\/01\/leilao-do-trt-rn-movimenta-mais-de-r-27-milhoes-para-pagamento-de-dividas-trabalhistas\/\">Mais&#8230;<\/a><\/p>\n","protected":false},"author":8,"featured_media":0,"comment_status":"open","ping_status":"open","sticky":false,"template":"","format":"standard","meta":[],"categories":[3],"tags":[],"_links":{"self":[{"href":"https:\/\/justicapotiguar.com.br\/index.php\/wp-json\/wp\/v2\/posts\/44181"}],"collection":[{"href":"https:\/\/justicapotiguar.com.br\/index.php\/wp-json\/wp\/v2\/posts"}],"about":[{"href":"https:\/\/justicapotiguar.com.br\/index.php\/wp-json\/wp\/v2\/types\/post"}],"author":[{"embeddable":true,"href":"https:\/\/justicapotiguar.com.br\/index.php\/wp-json\/wp\/v2\/users\/8"}],"replies":[{"embeddable":true,"href":"https:\/\/justicapotiguar.com.br\/index.php\/wp-json\/wp\/v2\/comments?post=44181"}],"version-history":[{"count":5,"href":"https:\/\/justicapotiguar.com.br\/index.php\/wp-json\/wp\/v2\/posts\/44181\/revisions"}],"predecessor-version":[{"id":44187,"href":"https:\/\/justicapotiguar.com.br\/index.php\/wp-json\/wp\/v2\/posts\/44181\/revisions\/44187"}],"wp:attachment":[{"href":"https:\/\/justicapotiguar.com.br\/index.php\/wp-json\/wp\/v2\/media?parent=44181"}],"wp:term":[{"taxonomy":"category","embeddable":true,"href":"https:\/\/justicapotiguar.com.br\/index.php\/wp-json\/wp\/v2\/categories?post=44181"},{"taxonomy":"post_tag","embeddable":true,"href":"https:\/\/justicapotiguar.com.br\/index.php\/wp-json\/wp\/v2\/tags?post=44181"}],"curies":[{"name":"wp","href":"https:\/\/api.w.org\/{rel}","templated":true}]}}