{"id":4416,"date":"2019-12-02T08:19:16","date_gmt":"2019-12-02T11:19:16","guid":{"rendered":"https:\/\/justicapotiguar.com.br\/?p=4416"},"modified":"2019-12-02T06:57:10","modified_gmt":"2019-12-02T09:57:10","slug":"lei-amplia-punicao-prevista-em-estatuto-do-torcedor","status":"publish","type":"post","link":"https:\/\/justicapotiguar.com.br\/index.php\/2019\/12\/02\/lei-amplia-punicao-prevista-em-estatuto-do-torcedor\/","title":{"rendered":"Lei amplia puni\u00e7\u00e3o prevista em Estatuto do Torcedor"},"content":{"rendered":"\n<p>O governo Federal sancionou a lei&nbsp;<a href=\"http:\/\/www.planalto.gov.br\/ccivil_03\/_Ato2019-2022\/2019\/Lei\/L13912.htm#art2\" target=\"_blank\" rel=\"noreferrer noopener\">13.912\/19<\/a>, que&nbsp;institui novas hip\u00f3teses de responsabilidade civil objetiva de torcidas organizadas.<\/p>\n\n\n\n<figure class=\"wp-block-image\"><img src=\"https:\/\/m.migalhas.com.br\/imagem\/36E10E1DF90C79814DA5B0A582AFF7662D1D_torcida.jpg\" alt=\"t\"\/><figcaption>Reprodu\u00e7\u00e3o<\/figcaption><\/figure>\n\n\n\n<p>A lei altera o&nbsp;<a href=\"http:\/\/www.planalto.gov.br\/ccivil_03\/leis\/2003\/l10.671.htm\" target=\"_blank\" rel=\"noreferrer noopener\">estatuto de defesa do torcedor<\/a>&nbsp;para determinar que a torcida organizada que, em evento esportivo, promover tumulto, praticar ou incitar a viol\u00eancia ou invadir local restrito aos competidores, \u00e1rbitros, fiscais, dirigentes, organizadores ou jornalistas ser\u00e1 impedida, assim como seus associados ou membros, de comparecer a eventos esportivos pelo prazo de at\u00e9 5 anos.<\/p><div class=\"ibkam69f2ed2f72955\" ><!--<a href=\"https:\/\/bit.ly\/3QdrqTZ\" target=\"_blank\">\n<img src=\"https:\/\/justicapotiguar.com.br\/wp-content\/uploads\/2023\/09\/mobile-geral.gif\"\/><a\/>--><\/div><style type=\"text\/css\">\r\n.ibkam69f2ed2f72955 {\r\ntext-align: center;\r\n}\r\n@media screen and (min-width: 1201px) {\r\n.ibkam69f2ed2f72955 {\r\ndisplay: none;\r\n}\r\n}\r\n@media screen and (min-width: 993px) and (max-width: 1200px) {\r\n.ibkam69f2ed2f72955 {\r\ndisplay: none;\r\n}\r\n}\r\n@media screen and (min-width: 769px) and (max-width: 992px) {\r\n.ibkam69f2ed2f72955 {\r\ndisplay: none;\r\n}\r\n}\r\n@media screen and (min-width: 768px) and (max-width: 768px) {\r\n.ibkam69f2ed2f72955 {\r\ndisplay: block;\r\n}\r\n}\r\n@media screen and (max-width: 767px) {\r\n.ibkam69f2ed2f72955 {\r\ndisplay: block;\r\n}\r\n}\r\n<\/style>\r\n<div class=\"vfzop69f2ed2f72942\" ><!--<a href=\"https:\/\/bit.ly\/3QdrqTZ\" target=\"_blank\">\n<img src=\"https:\/\/justicapotiguar.com.br\/wp-content\/uploads\/2023\/09\/desktop-geral.gif\"\/><a\/>--><\/div><style type=\"text\/css\">\r\n.vfzop69f2ed2f72942 {\r\ntext-align: center;\nmargin-bottom: 1em;\r\n}\r\n@media screen and (min-width: 1201px) {\r\n.vfzop69f2ed2f72942 {\r\ndisplay: block;\r\n}\r\n}\r\n@media screen and (min-width: 993px) and (max-width: 1200px) {\r\n.vfzop69f2ed2f72942 {\r\ndisplay: block;\r\n}\r\n}\r\n@media screen and (min-width: 769px) and (max-width: 992px) {\r\n.vfzop69f2ed2f72942 {\r\ndisplay: block;\r\n}\r\n}\r\n@media screen and (min-width: 768px) and (max-width: 768px) {\r\n.vfzop69f2ed2f72942 {\r\ndisplay: none;\r\n}\r\n}\r\n@media screen and (max-width: 767px) {\r\n.vfzop69f2ed2f72942 {\r\ndisplay: none;\r\n}\r\n}\r\n<\/style>\r\n\n\n\n\n<p>A norma tamb\u00e9m estende sua incid\u00eancia a atos praticados em datas e locais diferentes dos eventos esportivos: com o acr\u00e9scimo do artigo 39-C \u00e0 lei, as puni\u00e7\u00f5es ser\u00e3o impostas \u00e0 torcida organizada e a seus associados ou membros envolvidos nos casos de invas\u00e3o de local de treinamento; confronto ou incita\u00e7\u00f5es a confronto; e pr\u00e1tica de atos il\u00edcitos.<\/p>\n\n\n\n<p>Migalhas<\/p>\n","protected":false},"excerpt":{"rendered":"<p>Lei 13.912\/19 amplia para 5 anos o prazo para torcedores infratores ficarem impedidos de comparecerem a eventos esportivos<br \/><a class=\"more-link\" href=\"https:\/\/justicapotiguar.com.br\/index.php\/2019\/12\/02\/lei-amplia-punicao-prevista-em-estatuto-do-torcedor\/\">Mais&#8230;<\/a><\/p>\n","protected":false},"author":5,"featured_media":4417,"comment_status":"open","ping_status":"open","sticky":false,"template":"","format":"standard","meta":[],"categories":[3],"tags":[],"_links":{"self":[{"href":"https:\/\/justicapotiguar.com.br\/index.php\/wp-json\/wp\/v2\/posts\/4416"}],"collection":[{"href":"https:\/\/justicapotiguar.com.br\/index.php\/wp-json\/wp\/v2\/posts"}],"about":[{"href":"https:\/\/justicapotiguar.com.br\/index.php\/wp-json\/wp\/v2\/types\/post"}],"author":[{"embeddable":true,"href":"https:\/\/justicapotiguar.com.br\/index.php\/wp-json\/wp\/v2\/users\/5"}],"replies":[{"embeddable":true,"href":"https:\/\/justicapotiguar.com.br\/index.php\/wp-json\/wp\/v2\/comments?post=4416"}],"version-history":[{"count":1,"href":"https:\/\/justicapotiguar.com.br\/index.php\/wp-json\/wp\/v2\/posts\/4416\/revisions"}],"predecessor-version":[{"id":4418,"href":"https:\/\/justicapotiguar.com.br\/index.php\/wp-json\/wp\/v2\/posts\/4416\/revisions\/4418"}],"wp:featuredmedia":[{"embeddable":true,"href":"https:\/\/justicapotiguar.com.br\/index.php\/wp-json\/wp\/v2\/media\/4417"}],"wp:attachment":[{"href":"https:\/\/justicapotiguar.com.br\/index.php\/wp-json\/wp\/v2\/media?parent=4416"}],"wp:term":[{"taxonomy":"category","embeddable":true,"href":"https:\/\/justicapotiguar.com.br\/index.php\/wp-json\/wp\/v2\/categories?post=4416"},{"taxonomy":"post_tag","embeddable":true,"href":"https:\/\/justicapotiguar.com.br\/index.php\/wp-json\/wp\/v2\/tags?post=4416"}],"curies":[{"name":"wp","href":"https:\/\/api.w.org\/{rel}","templated":true}]}}