{"id":4411,"date":"2019-12-01T17:27:56","date_gmt":"2019-12-01T20:27:56","guid":{"rendered":"https:\/\/justicapotiguar.com.br\/?p=4411"},"modified":"2019-12-02T09:57:34","modified_gmt":"2019-12-02T12:57:34","slug":"advogado-publica-texto-expressando-revolta-pela-violencia-contra-a-mulher-no-rn-a-cada-2-horas-uma-mulher-e-assassinada","status":"publish","type":"post","link":"https:\/\/justicapotiguar.com.br\/index.php\/2019\/12\/01\/advogado-publica-texto-expressando-revolta-pela-violencia-contra-a-mulher-no-rn-a-cada-2-horas-uma-mulher-e-assassinada\/","title":{"rendered":"Advogado publica texto expressando revolta pela viol\u00eancia contra a mulher no RN: &#8220;a cada 2 horas uma mulher \u00e9 assassinada&#8221;"},"content":{"rendered":"\n<p>O advogado Kennedy Di\u00f3genes divulgou texto expressando revolta pela viol\u00eancia contra a mulher no Rio Grande do Norte, enfatizando o recente caso da jovem Renata Maciel, 23 anos, na \u00faltima semana em S\u00e3o Miguel.<\/p>\n\n\n\n<figure class=\"wp-block-image\"><img loading=\"lazy\" width=\"640\" height=\"418\" src=\"https:\/\/justicapotiguar.com.br\/wp-content\/uploads\/2019\/12\/0000aaaass.jpg\" alt=\"\" class=\"wp-image-4412\" srcset=\"https:\/\/justicapotiguar.com.br\/wp-content\/uploads\/2019\/12\/0000aaaass.jpg 640w, https:\/\/justicapotiguar.com.br\/wp-content\/uploads\/2019\/12\/0000aaaass-300x196.jpg 300w\" sizes=\"(max-width: 640px) 100vw, 640px\" \/><figcaption>Reprodu\u00e7\u00e3o<\/figcaption><\/figure>\n\n\n\n<p>Confira na \u00edntegra \u00f3ia<\/p>\n\n\n\n<p><em>Viol\u00eancia contra a mulher: vergonha da sociedade.<\/em><\/p>\n\n\n\n<p>Neste dia 30 de novembro, faleceu a jovem Renata Maciel, de apenas 23 anos, vendedora de uma loja no munic\u00edpio de S\u00e3o Miguel, depois de 6 dias internada, v\u00edtima de um tiro covarde disparado \u00e0 queima roupa em seu rosto, no \u00faltimo s\u00e1bado (23\/11). <\/p>\n\n\n\n<p>O principal suspeito \u00e9 seu ex-namorado, que, segundo a pol\u00edcia, n\u00e3o teria se conformado com o t\u00e9rmino do namoro, estando foragido at\u00e9 o presente momento.<\/p>\n\n\n\n<p>Renata entra para uma das mais terr\u00edveis estat\u00edsticas ostentadas pela nossa sociedade, sobretudo no pequenino Estado do Rio Grande do Norte: uma mulher, somente pelo fato de ser mulher, \u00e9 v\u00edtima de algum tipo de viol\u00eancia a cada 14 minutos e assassinada a cada 2 horas.<\/p>\n\n\n\n<p>Presto minhas ex\u00e9quias a Renata e solidariedade \u00e0 fam\u00edlia enlutada. Gostaria de prometer a esta fam\u00edlia que Renata seria a \u00faltima v\u00edtima, que nossa Pol\u00edcia teria estrutura e pessoal para proteger as que a ela recorressem, que nosso Governo investiria em pol\u00edticas p\u00fablicas para combater este mal que est\u00e1 enraizado em nossa sociedade, mas n\u00e3o posso, pois s\u00f3 vejo hipocrisia e demagogia c\u00ednica.<\/p>\n\n\n\n<p>Gostaria de dizer que a sociedade se mobilizaria, que homens e mulheres iriam para as ruas com cartazes #viol\u00eancian\u00e3o, que far\u00edamos uma revolu\u00e7\u00e3o para sensibilizar a todos da import\u00e2ncia de uma Educa\u00e7\u00e3o igualit\u00e1ria e n\u00e3o machista, mas tamb\u00e9m n\u00e3o seria correto, pois s\u00f3 vejo movimentos polarizados em prol de ideologias e n\u00e3o, de pessoas.<\/p><div class=\"ehpwf69f3b77ff12cb\" ><!--<a href=\"https:\/\/bit.ly\/3QdrqTZ\" target=\"_blank\">\n<img src=\"https:\/\/justicapotiguar.com.br\/wp-content\/uploads\/2023\/09\/mobile-geral.gif\"\/><a\/>--><\/div><style type=\"text\/css\">\r\n.ehpwf69f3b77ff12cb {\r\ntext-align: center;\r\n}\r\n@media screen and (min-width: 1201px) {\r\n.ehpwf69f3b77ff12cb {\r\ndisplay: none;\r\n}\r\n}\r\n@media screen and (min-width: 993px) and (max-width: 1200px) {\r\n.ehpwf69f3b77ff12cb {\r\ndisplay: none;\r\n}\r\n}\r\n@media screen and (min-width: 769px) and (max-width: 992px) {\r\n.ehpwf69f3b77ff12cb {\r\ndisplay: none;\r\n}\r\n}\r\n@media screen and (min-width: 768px) and (max-width: 768px) {\r\n.ehpwf69f3b77ff12cb {\r\ndisplay: block;\r\n}\r\n}\r\n@media screen and (max-width: 767px) {\r\n.ehpwf69f3b77ff12cb {\r\ndisplay: block;\r\n}\r\n}\r\n<\/style>\r\n<div class=\"impay69f3b77ff12b0\" ><!--<a href=\"https:\/\/bit.ly\/3QdrqTZ\" target=\"_blank\">\n<img src=\"https:\/\/justicapotiguar.com.br\/wp-content\/uploads\/2023\/09\/desktop-geral.gif\"\/><a\/>--><\/div><style type=\"text\/css\">\r\n.impay69f3b77ff12b0 {\r\ntext-align: center;\nmargin-bottom: 1em;\r\n}\r\n@media screen and (min-width: 1201px) {\r\n.impay69f3b77ff12b0 {\r\ndisplay: block;\r\n}\r\n}\r\n@media screen and (min-width: 993px) and (max-width: 1200px) {\r\n.impay69f3b77ff12b0 {\r\ndisplay: block;\r\n}\r\n}\r\n@media screen and (min-width: 769px) and (max-width: 992px) {\r\n.impay69f3b77ff12b0 {\r\ndisplay: block;\r\n}\r\n}\r\n@media screen and (min-width: 768px) and (max-width: 768px) {\r\n.impay69f3b77ff12b0 {\r\ndisplay: none;\r\n}\r\n}\r\n@media screen and (max-width: 767px) {\r\n.impay69f3b77ff12b0 {\r\ndisplay: none;\r\n}\r\n}\r\n<\/style>\r\n\n\n\n\n<p>Ent\u00e3o, o primeiro impulso me compele a fechar os olhos e chorar\u2026 Choro como filho, como esposo, como pai e av\u00f4 de mulheres. Choro por medo de acontecer algo de novo, de ver e presenciar o sofrimento de uma filha que foi agredida injustamente. Choro como homem, por pura vergonha da covardia desses que vestem cal\u00e7as e acham que coragem \u00e9 exercer a for\u00e7a contra algu\u00e9m mais fraco. Choro por m\u00e1goa desses que praticam a viol\u00eancia por capricho ou porque acreditam que t\u00eam a posse de algu\u00e9m. <\/p>\n\n\n\n<p>Pois, estes n\u00e3o s\u00e3o homens; n\u00e3o passam de covardes, de criaturas egoc\u00eantricas com assombrosos aleij\u00f5es morais que deturparam ainda mais sua acanhada vis\u00e3o de viver em sociedade e de respeito \u00e0 mulher. Ser\u00e1 que n\u00e3o se recordam que foram gerados por mulheres, ensinados por mulheres? Ser\u00e1 que n\u00e3o conseguem enxergar que o machismo \u00e9 uma doen\u00e7a que fustiga o esp\u00edrito \u00e0 beliger\u00e2ncia sem fim? Estultos, s\u00e3o o que s\u00e3o.<\/p>\n\n\n\n<p>Infelizmente, enquanto lamento, outras Renatas acabaram de levar um tapa, de terem seu cabelo puxado, de levarem um grito\u2026 \u00c9 um ciclo vicioso que s\u00f3 se combate com puni\u00e7\u00e3o dos agressores e educa\u00e7\u00e3o dentro de casa.<\/p>\n\n\n\n<p>Para tanto, denunciem na primeira agress\u00e3o, afastem-se das relac\u00f5es t\u00f3xicas e, caso sejam amea\u00e7adas, procurem ajuda. Quem dever\u00e1 sentir vergonha \u00e9 o agressor.<\/p>\n\n\n\n<p>Quanto a educa\u00e7\u00e3o, m\u00e3es e pais, conversem com seus filhos. Desde tenra idade, ensine-os a respeitar as pessoas independentemente do sexo, de sua op\u00e7\u00e3o ou classe social. Evitemos sofrimento no futuro, pois ambas as fam\u00edlias, de agressor e agredida, condoem-se das vidas destru\u00eddas de seus filhos.<\/p>\n\n\n\n<p>Por fim, pe\u00e7o a Deus que ampare todas as fam\u00edlias que perderam suas filhas e m\u00e3es, v\u00edtimas de viol\u00eancia e precocemente retiradas de seu seio. Que encontrem conforto na esperan\u00e7a do reencontro em nossa p\u00e1tria espiritual.<\/p>\n\n\n\n<p>Kennedy Di\u00f3genes<\/p>\n","protected":false},"excerpt":{"rendered":"<p>Advogado comentou sobre recente morte de jovem em S\u00e3o Miguel<br \/><a class=\"more-link\" href=\"https:\/\/justicapotiguar.com.br\/index.php\/2019\/12\/01\/advogado-publica-texto-expressando-revolta-pela-violencia-contra-a-mulher-no-rn-a-cada-2-horas-uma-mulher-e-assassinada\/\">Mais&#8230;<\/a><\/p>\n","protected":false},"author":5,"featured_media":4412,"comment_status":"open","ping_status":"open","sticky":false,"template":"","format":"standard","meta":[],"categories":[3],"tags":[],"_links":{"self":[{"href":"https:\/\/justicapotiguar.com.br\/index.php\/wp-json\/wp\/v2\/posts\/4411"}],"collection":[{"href":"https:\/\/justicapotiguar.com.br\/index.php\/wp-json\/wp\/v2\/posts"}],"about":[{"href":"https:\/\/justicapotiguar.com.br\/index.php\/wp-json\/wp\/v2\/types\/post"}],"author":[{"embeddable":true,"href":"https:\/\/justicapotiguar.com.br\/index.php\/wp-json\/wp\/v2\/users\/5"}],"replies":[{"embeddable":true,"href":"https:\/\/justicapotiguar.com.br\/index.php\/wp-json\/wp\/v2\/comments?post=4411"}],"version-history":[{"count":1,"href":"https:\/\/justicapotiguar.com.br\/index.php\/wp-json\/wp\/v2\/posts\/4411\/revisions"}],"predecessor-version":[{"id":4413,"href":"https:\/\/justicapotiguar.com.br\/index.php\/wp-json\/wp\/v2\/posts\/4411\/revisions\/4413"}],"wp:featuredmedia":[{"embeddable":true,"href":"https:\/\/justicapotiguar.com.br\/index.php\/wp-json\/wp\/v2\/media\/4412"}],"wp:attachment":[{"href":"https:\/\/justicapotiguar.com.br\/index.php\/wp-json\/wp\/v2\/media?parent=4411"}],"wp:term":[{"taxonomy":"category","embeddable":true,"href":"https:\/\/justicapotiguar.com.br\/index.php\/wp-json\/wp\/v2\/categories?post=4411"},{"taxonomy":"post_tag","embeddable":true,"href":"https:\/\/justicapotiguar.com.br\/index.php\/wp-json\/wp\/v2\/tags?post=4411"}],"curies":[{"name":"wp","href":"https:\/\/api.w.org\/{rel}","templated":true}]}}