{"id":4407,"date":"2019-12-01T07:00:48","date_gmt":"2019-12-01T10:00:48","guid":{"rendered":"https:\/\/justicapotiguar.com.br\/?p=4407"},"modified":"2019-11-30T19:46:06","modified_gmt":"2019-11-30T22:46:06","slug":"para-pgr-bolsonaro-nao-obstruiu-justica-ao-acessar-audios-de-portaria","status":"publish","type":"post","link":"https:\/\/justicapotiguar.com.br\/index.php\/2019\/12\/01\/para-pgr-bolsonaro-nao-obstruiu-justica-ao-acessar-audios-de-portaria\/","title":{"rendered":"Para PGR, Bolsonaro n\u00e3o obstruiu Justi\u00e7a ao acessar \u00e1udios de portaria"},"content":{"rendered":"\n<p>O procurador-geral da Rep\u00fablica, Augusto Aras, se posicionou contra a abertura de inqu\u00e9rito no Supremo Tribunal Federal para apurar se o presidente da Rep\u00fablica, Jair Bolsonaro, e o vereador carioca Carlos Bolsonaro (PSC-RJ) cometeram crime de obstru\u00e7\u00e3o de Justi\u00e7a no \u00e2mbito das investiga\u00e7\u00f5es sobre a morte da vereadora carioca Marielle Franco (PSOL) e de seu motorista, Anderson Gomes.<\/p>\n\n\n\n<p>O pedido de investiga\u00e7\u00e3o partiu da Associa\u00e7\u00e3o Brasileira de Imprensa, ap\u00f3s Bolsonaro ter dito publicamente que obteve grava\u00e7\u00f5es de chamadas feitas no dia da morte de Marielle entre a portaria e as casas do condom\u00ednio Vivendas da Barra &#8211; onde mant\u00e9m resid\u00eancia no Rio de Janeiro &#8211; antes que elas tivessem sido &#8220;adulteradas&#8221;.<\/p><div class=\"bxwhy69f38de5b0b0e\" ><!--<a href=\"https:\/\/bit.ly\/3QdrqTZ\" target=\"_blank\">\n<img src=\"https:\/\/justicapotiguar.com.br\/wp-content\/uploads\/2023\/09\/mobile-geral.gif\"\/><a\/>--><\/div><style type=\"text\/css\">\r\n.bxwhy69f38de5b0b0e {\r\ntext-align: center;\r\n}\r\n@media screen and (min-width: 1201px) {\r\n.bxwhy69f38de5b0b0e {\r\ndisplay: none;\r\n}\r\n}\r\n@media screen and (min-width: 993px) and (max-width: 1200px) {\r\n.bxwhy69f38de5b0b0e {\r\ndisplay: none;\r\n}\r\n}\r\n@media screen and (min-width: 769px) and (max-width: 992px) {\r\n.bxwhy69f38de5b0b0e {\r\ndisplay: none;\r\n}\r\n}\r\n@media screen and (min-width: 768px) and (max-width: 768px) {\r\n.bxwhy69f38de5b0b0e {\r\ndisplay: block;\r\n}\r\n}\r\n@media screen and (max-width: 767px) {\r\n.bxwhy69f38de5b0b0e {\r\ndisplay: block;\r\n}\r\n}\r\n<\/style>\r\n<div class=\"nagnt69f38de5b0aec\" ><!--<a href=\"https:\/\/bit.ly\/3QdrqTZ\" target=\"_blank\">\n<img src=\"https:\/\/justicapotiguar.com.br\/wp-content\/uploads\/2023\/09\/desktop-geral.gif\"\/><a\/>--><\/div><style type=\"text\/css\">\r\n.nagnt69f38de5b0aec {\r\ntext-align: center;\nmargin-bottom: 1em;\r\n}\r\n@media screen and (min-width: 1201px) {\r\n.nagnt69f38de5b0aec {\r\ndisplay: block;\r\n}\r\n}\r\n@media screen and (min-width: 993px) and (max-width: 1200px) {\r\n.nagnt69f38de5b0aec {\r\ndisplay: block;\r\n}\r\n}\r\n@media screen and (min-width: 769px) and (max-width: 992px) {\r\n.nagnt69f38de5b0aec {\r\ndisplay: block;\r\n}\r\n}\r\n@media screen and (min-width: 768px) and (max-width: 768px) {\r\n.nagnt69f38de5b0aec {\r\ndisplay: none;\r\n}\r\n}\r\n@media screen and (max-width: 767px) {\r\n.nagnt69f38de5b0aec {\r\ndisplay: none;\r\n}\r\n}\r\n<\/style>\r\n\n\n\n\n<p>UOL<\/p>\n\n\n\n<figure class=\"wp-block-image\"><img loading=\"lazy\" width=\"1024\" height=\"492\" src=\"https:\/\/justicapotiguar.com.br\/wp-content\/uploads\/2019\/09\/aras-1024x492.jpeg\" alt=\"\" class=\"wp-image-1861\" srcset=\"https:\/\/justicapotiguar.com.br\/wp-content\/uploads\/2019\/09\/aras-1024x492.jpeg 1024w, https:\/\/justicapotiguar.com.br\/wp-content\/uploads\/2019\/09\/aras-300x144.jpeg 300w, https:\/\/justicapotiguar.com.br\/wp-content\/uploads\/2019\/09\/aras-768x369.jpeg 768w, https:\/\/justicapotiguar.com.br\/wp-content\/uploads\/2019\/09\/aras.jpeg 1250w\" sizes=\"(max-width: 1024px) 100vw, 1024px\" \/><figcaption>Foto: Reprodu\u00e7\u00e3o<\/figcaption><\/figure>\n","protected":false},"excerpt":{"rendered":"<p>O procurador-geral da Rep\u00fablica, Augusto Aras, se posicionou contra a abertura de inqu\u00e9rito <br \/><a class=\"more-link\" href=\"https:\/\/justicapotiguar.com.br\/index.php\/2019\/12\/01\/para-pgr-bolsonaro-nao-obstruiu-justica-ao-acessar-audios-de-portaria\/\">Mais&#8230;<\/a><\/p>\n","protected":false},"author":5,"featured_media":1922,"comment_status":"open","ping_status":"open","sticky":false,"template":"","format":"standard","meta":[],"categories":[3],"tags":[],"_links":{"self":[{"href":"https:\/\/justicapotiguar.com.br\/index.php\/wp-json\/wp\/v2\/posts\/4407"}],"collection":[{"href":"https:\/\/justicapotiguar.com.br\/index.php\/wp-json\/wp\/v2\/posts"}],"about":[{"href":"https:\/\/justicapotiguar.com.br\/index.php\/wp-json\/wp\/v2\/types\/post"}],"author":[{"embeddable":true,"href":"https:\/\/justicapotiguar.com.br\/index.php\/wp-json\/wp\/v2\/users\/5"}],"replies":[{"embeddable":true,"href":"https:\/\/justicapotiguar.com.br\/index.php\/wp-json\/wp\/v2\/comments?post=4407"}],"version-history":[{"count":1,"href":"https:\/\/justicapotiguar.com.br\/index.php\/wp-json\/wp\/v2\/posts\/4407\/revisions"}],"predecessor-version":[{"id":4408,"href":"https:\/\/justicapotiguar.com.br\/index.php\/wp-json\/wp\/v2\/posts\/4407\/revisions\/4408"}],"wp:featuredmedia":[{"embeddable":true,"href":"https:\/\/justicapotiguar.com.br\/index.php\/wp-json\/wp\/v2\/media\/1922"}],"wp:attachment":[{"href":"https:\/\/justicapotiguar.com.br\/index.php\/wp-json\/wp\/v2\/media?parent=4407"}],"wp:term":[{"taxonomy":"category","embeddable":true,"href":"https:\/\/justicapotiguar.com.br\/index.php\/wp-json\/wp\/v2\/categories?post=4407"},{"taxonomy":"post_tag","embeddable":true,"href":"https:\/\/justicapotiguar.com.br\/index.php\/wp-json\/wp\/v2\/tags?post=4407"}],"curies":[{"name":"wp","href":"https:\/\/api.w.org\/{rel}","templated":true}]}}