{"id":4401,"date":"2019-11-30T12:36:19","date_gmt":"2019-11-30T15:36:19","guid":{"rendered":"https:\/\/justicapotiguar.com.br\/?p=4401"},"modified":"2019-11-30T12:36:19","modified_gmt":"2019-11-30T15:36:19","slug":"doleiro-dos-doleiros-diz-que-pagou-propina-a-procurador-da-lava-jato-januario-paludo","status":"publish","type":"post","link":"https:\/\/justicapotiguar.com.br\/index.php\/2019\/11\/30\/doleiro-dos-doleiros-diz-que-pagou-propina-a-procurador-da-lava-jato-januario-paludo\/","title":{"rendered":"&#8220;Doleiro dos doleiros&#8221; diz que pagou propina a procurador da Lava Jato, Janu\u00e1rio Paludo"},"content":{"rendered":"\n<p>Conhecido como o &#8220;doleiro dos doleiros&#8221;, Dario Messer disse a sua namorada, em uma conversa interceptada pela Pol\u00edcia Federal, que pagou propina mensal ao procurador Janu\u00e1rio Paludo, integrante da for\u00e7a-tarefa da &#8220;lava jato&#8221; no Minist\u00e9rio P\u00fablico Federal do Paran\u00e1. A propina, segundo o doleiro, seria para evitar que ele fosse investigado.<\/p>\n\n\n\n<figure class=\"wp-block-image\"><img src=\"https:\/\/www.conjur.com.br\/img\/b\/procurador-januario-paludo.jpeg\" alt=\"\"\/><figcaption><sup>Reprodu\u00e7\u00e3o\/Facebook<\/sup>Doleiro disse que pagava propina mensal ao procurador Janu\u00e1rio Paludo<\/figcaption><\/figure>\n\n\n\n<p>Os di\u00e1logos entre Messer e a&nbsp;namorada foram revelados neste s\u00e1bado (30\/11) pelo&nbsp;<em>UOL<\/em>. Segundo a reportagem, a conversa ocorreu em agosto de 2018 e foi obtida pela Pol\u00edcia Federal do Rio de Janeiro. Em um relat\u00f3rio produzido em outubro, a PF classificou o fato como &#8220;grave&#8221; e cobrou provid\u00eancias. O&nbsp;documento j\u00e1 foi enviado \u00e0 Procuradoria-Geral da Rep\u00fablica.<\/p>\n\n\n\n<p>Na conversa,&nbsp;Messer diz \u00e0 namorada que uma testemunha de acusa\u00e7\u00e3o de um dos processos&nbsp;contra ele teria uma reuni\u00e3o com Paludo. &#8220;Sendo que esse Paludo \u00e9 destinat\u00e1rio de pelo menos parte da propina paga pelos meninos todo m\u00eas&#8221;, afirmou o doleiro. Os meninos citados por Messer, segundo o&nbsp;<em>UOL<\/em>, seriam seus auxiliares em opera\u00e7\u00f5es de lavagem de dinheiro e que, hoje, se tornaram delatores da &#8220;lava jato&#8221;.<\/p>\n\n\n\n<p>Janu\u00e1rio Paludo \u00e9 um dos mais antigos integrantes da for\u00e7a-tarefa da &#8220;lava jato&#8221; e tamb\u00e9m um dos mais experientes. Atuou no caso Banestado nos anos 90.&nbsp;O nome dele apareceu algumas vezes na &#8220;vaza jato&#8221;, s\u00e9rie de reportagens com conversas privadas de procuradores que atuam na opera\u00e7\u00e3o. Em uma delas, Paludo desdenhou do pedido do ex-presidente Lula para deixar a pris\u00e3o e acompanhar o vel\u00f3rio do irm\u00e3o. &#8220;O safado s\u00f3 queria viajar&#8221;, disse.<\/p><div class=\"hajjl69f38fae17fd3\" ><!--<a href=\"https:\/\/bit.ly\/3QdrqTZ\" target=\"_blank\">\n<img src=\"https:\/\/justicapotiguar.com.br\/wp-content\/uploads\/2023\/09\/mobile-geral.gif\"\/><a\/>--><\/div><style type=\"text\/css\">\r\n.hajjl69f38fae17fd3 {\r\ntext-align: center;\r\n}\r\n@media screen and (min-width: 1201px) {\r\n.hajjl69f38fae17fd3 {\r\ndisplay: none;\r\n}\r\n}\r\n@media screen and (min-width: 993px) and (max-width: 1200px) {\r\n.hajjl69f38fae17fd3 {\r\ndisplay: none;\r\n}\r\n}\r\n@media screen and (min-width: 769px) and (max-width: 992px) {\r\n.hajjl69f38fae17fd3 {\r\ndisplay: none;\r\n}\r\n}\r\n@media screen and (min-width: 768px) and (max-width: 768px) {\r\n.hajjl69f38fae17fd3 {\r\ndisplay: block;\r\n}\r\n}\r\n@media screen and (max-width: 767px) {\r\n.hajjl69f38fae17fd3 {\r\ndisplay: block;\r\n}\r\n}\r\n<\/style>\r\n<div class=\"cxjhq69f38fae17fb5\" ><!--<a href=\"https:\/\/bit.ly\/3QdrqTZ\" target=\"_blank\">\n<img src=\"https:\/\/justicapotiguar.com.br\/wp-content\/uploads\/2023\/09\/desktop-geral.gif\"\/><a\/>--><\/div><style type=\"text\/css\">\r\n.cxjhq69f38fae17fb5 {\r\ntext-align: center;\nmargin-bottom: 1em;\r\n}\r\n@media screen and (min-width: 1201px) {\r\n.cxjhq69f38fae17fb5 {\r\ndisplay: block;\r\n}\r\n}\r\n@media screen and (min-width: 993px) and (max-width: 1200px) {\r\n.cxjhq69f38fae17fb5 {\r\ndisplay: block;\r\n}\r\n}\r\n@media screen and (min-width: 769px) and (max-width: 992px) {\r\n.cxjhq69f38fae17fb5 {\r\ndisplay: block;\r\n}\r\n}\r\n@media screen and (min-width: 768px) and (max-width: 768px) {\r\n.cxjhq69f38fae17fb5 {\r\ndisplay: none;\r\n}\r\n}\r\n@media screen and (max-width: 767px) {\r\n.cxjhq69f38fae17fb5 {\r\ndisplay: none;\r\n}\r\n}\r\n<\/style>\r\n\n\n\n\n<p>Em nota, o MPF-PR repudiou &#8220;suposi\u00e7\u00f5es infundadas contra o procurador&#8221;. &#8220;A&nbsp;a\u00e7\u00e3o penal que tramitou contra Dario Messer em Curitiba foi de responsabilidade de outro procurador que atua na procuradoria da Rep\u00fablica no Paran\u00e1, o qual trabalhou no caso com completa independ\u00eancia. Nem o procurador Janu\u00e1rio Paludo, nem a for\u00e7a-tarefa atuaram nesse processo&#8221;, diz a nota.<\/p>\n\n\n\n<p>Ainda segundo o MPF,\u00a0Messer \u00e9 alvo de investiga\u00e7\u00e3o na &#8220;lava jato&#8221; do Rio de Janeiro, &#8220;raz\u00e3o pela qual n\u00e3o faz sequer sentido a suposi\u00e7\u00e3o de que um procurador da for\u00e7a-tarefa do Paran\u00e1 poderia oferecer qualquer tipo de prote\u00e7\u00e3o&#8221;. Por fim,\u00a0os integrantes da for\u00e7a-tarefa afirmam ter\u00a0plena confian\u00e7a no trabalho de Paludo, &#8220;pessoa com extenso rol de servi\u00e7os prestados \u00e0 sociedade e respeitada no Minist\u00e9rio P\u00fablico pela seriedade, profissionalismo e experi\u00eancia&#8221;.<\/p>\n\n\n\n<p>Conjur<\/p>\n","protected":false},"excerpt":{"rendered":"<p>Dario Messer disse a sua namorada, em uma conversa interceptada pela Pol\u00edcia Federal, que pagou propina mensal ao procurador Janu\u00e1rio Paludo<br \/><a class=\"more-link\" href=\"https:\/\/justicapotiguar.com.br\/index.php\/2019\/11\/30\/doleiro-dos-doleiros-diz-que-pagou-propina-a-procurador-da-lava-jato-januario-paludo\/\">Mais&#8230;<\/a><\/p>\n","protected":false},"author":5,"featured_media":2031,"comment_status":"open","ping_status":"open","sticky":false,"template":"","format":"standard","meta":[],"categories":[3],"tags":[],"_links":{"self":[{"href":"https:\/\/justicapotiguar.com.br\/index.php\/wp-json\/wp\/v2\/posts\/4401"}],"collection":[{"href":"https:\/\/justicapotiguar.com.br\/index.php\/wp-json\/wp\/v2\/posts"}],"about":[{"href":"https:\/\/justicapotiguar.com.br\/index.php\/wp-json\/wp\/v2\/types\/post"}],"author":[{"embeddable":true,"href":"https:\/\/justicapotiguar.com.br\/index.php\/wp-json\/wp\/v2\/users\/5"}],"replies":[{"embeddable":true,"href":"https:\/\/justicapotiguar.com.br\/index.php\/wp-json\/wp\/v2\/comments?post=4401"}],"version-history":[{"count":1,"href":"https:\/\/justicapotiguar.com.br\/index.php\/wp-json\/wp\/v2\/posts\/4401\/revisions"}],"predecessor-version":[{"id":4402,"href":"https:\/\/justicapotiguar.com.br\/index.php\/wp-json\/wp\/v2\/posts\/4401\/revisions\/4402"}],"wp:featuredmedia":[{"embeddable":true,"href":"https:\/\/justicapotiguar.com.br\/index.php\/wp-json\/wp\/v2\/media\/2031"}],"wp:attachment":[{"href":"https:\/\/justicapotiguar.com.br\/index.php\/wp-json\/wp\/v2\/media?parent=4401"}],"wp:term":[{"taxonomy":"category","embeddable":true,"href":"https:\/\/justicapotiguar.com.br\/index.php\/wp-json\/wp\/v2\/categories?post=4401"},{"taxonomy":"post_tag","embeddable":true,"href":"https:\/\/justicapotiguar.com.br\/index.php\/wp-json\/wp\/v2\/tags?post=4401"}],"curies":[{"name":"wp","href":"https:\/\/api.w.org\/{rel}","templated":true}]}}