{"id":427,"date":"2019-08-07T07:23:42","date_gmt":"2019-08-07T10:23:42","guid":{"rendered":"https:\/\/justicapotiguar.com.br\/?p=427"},"modified":"2019-08-07T07:23:42","modified_gmt":"2019-08-07T10:23:42","slug":"176-anos-do-iab-solucao-para-a-crise-do-judiciario-e-cumprir-a-lei-nao-populismo-diz-batochio","status":"publish","type":"post","link":"https:\/\/justicapotiguar.com.br\/index.php\/2019\/08\/07\/176-anos-do-iab-solucao-para-a-crise-do-judiciario-e-cumprir-a-lei-nao-populismo-diz-batochio\/","title":{"rendered":"176 anos do IAB: &#8220;Solu\u00e7\u00e3o para a crise do judici\u00e1rio \u00e9 cumprir a lei, n\u00e3o populismo&#8221;, diz Batochio"},"content":{"rendered":"\n<figure class=\"wp-block-image\"><img loading=\"lazy\" width=\"620\" height=\"366\" src=\"https:\/\/justicapotiguar.com.br\/wp-content\/uploads\/2019\/08\/IAB-Barochio.jpeg\" alt=\"\" class=\"wp-image-428\" srcset=\"https:\/\/justicapotiguar.com.br\/wp-content\/uploads\/2019\/08\/IAB-Barochio.jpeg 620w, https:\/\/justicapotiguar.com.br\/wp-content\/uploads\/2019\/08\/IAB-Barochio-300x177.jpeg 300w\" sizes=\"(max-width: 620px) 100vw, 620px\" \/><figcaption>Foto: Divulga\u00e7\u00e3o<\/figcaption><\/figure>\n\n\n\n<p>O populismo judici\u00e1rio n\u00e3o ser\u00e1 capaz de oferecer solu\u00e7\u00f5es para a crise institucional que o Brasil atravessa. Pelo contr\u00e1rio, o movimento s\u00f3 tende a agravar um quadro por si s\u00f3 j\u00e1 sombrio. \u00c9 o que afirma o advogado Jos\u00e9 Roberto Batochio, orador oficial do Instituto dos Advogados Brasileiros, em opini\u00e3o defendida no discurso de comemora\u00e7\u00e3o dos 176 anos da institui\u00e7\u00e3o.<\/p>\n\n\n\n<p>Batochio analisa que, pela primeira vez, a &#8220;crise do Judici\u00e1rio&#8221; amea\u00e7a a institui\u00e7\u00e3o como um todo, transferiu-se de uma cr\u00edtica \u00e0 lentid\u00e3o da Justi\u00e7a para a nega\u00e7\u00e3o dos pr\u00f3prios princ\u00edpios fundadores da Justi\u00e7a. &#8220;E como conseguiria a cidadania defend\u00ea-la, quando as ofensas \u00e0 Carta Magna promanam das cortes, que deveriam observ\u00e1-la e guard\u00e1-la? Se a autoridade se volta contra a fonte, de onde prov\u00e9m o seu poder?&#8221;, questionou Batochio.<\/p>\n\n\n\n<p>A \u00fanica solu\u00e7\u00e3o, aponta o advogado, \u00e9 um retorno \u00e0 &#8220;legalidade estrita&#8221;, \u00e0 fundamenta\u00e7\u00e3o das decis\u00f5es. &#8220;Ningu\u00e9m bate \u00e0 porta do Judici\u00e1rio para ouvir o que o juiz pensa, antes para ver cumpridas as promessas contidas na lei&#8221;, explicou.<\/p><div class=\"ngkzq69f5af1c58c36\" ><!--<a href=\"https:\/\/bit.ly\/3QdrqTZ\" target=\"_blank\">\n<img src=\"https:\/\/justicapotiguar.com.br\/wp-content\/uploads\/2023\/09\/mobile-geral.gif\"\/><a\/>--><\/div><style type=\"text\/css\">\r\n.ngkzq69f5af1c58c36 {\r\ntext-align: center;\r\n}\r\n@media screen and (min-width: 1201px) {\r\n.ngkzq69f5af1c58c36 {\r\ndisplay: none;\r\n}\r\n}\r\n@media screen and (min-width: 993px) and (max-width: 1200px) {\r\n.ngkzq69f5af1c58c36 {\r\ndisplay: none;\r\n}\r\n}\r\n@media screen and (min-width: 769px) and (max-width: 992px) {\r\n.ngkzq69f5af1c58c36 {\r\ndisplay: none;\r\n}\r\n}\r\n@media screen and (min-width: 768px) and (max-width: 768px) {\r\n.ngkzq69f5af1c58c36 {\r\ndisplay: block;\r\n}\r\n}\r\n@media screen and (max-width: 767px) {\r\n.ngkzq69f5af1c58c36 {\r\ndisplay: block;\r\n}\r\n}\r\n<\/style>\r\n<div class=\"edahk69f5af1c58c21\" ><!--<a href=\"https:\/\/bit.ly\/3QdrqTZ\" target=\"_blank\">\n<img src=\"https:\/\/justicapotiguar.com.br\/wp-content\/uploads\/2023\/09\/desktop-geral.gif\"\/><a\/>--><\/div><style type=\"text\/css\">\r\n.edahk69f5af1c58c21 {\r\ntext-align: center;\nmargin-bottom: 1em;\r\n}\r\n@media screen and (min-width: 1201px) {\r\n.edahk69f5af1c58c21 {\r\ndisplay: block;\r\n}\r\n}\r\n@media screen and (min-width: 993px) and (max-width: 1200px) {\r\n.edahk69f5af1c58c21 {\r\ndisplay: block;\r\n}\r\n}\r\n@media screen and (min-width: 769px) and (max-width: 992px) {\r\n.edahk69f5af1c58c21 {\r\ndisplay: block;\r\n}\r\n}\r\n@media screen and (min-width: 768px) and (max-width: 768px) {\r\n.edahk69f5af1c58c21 {\r\ndisplay: none;\r\n}\r\n}\r\n@media screen and (max-width: 767px) {\r\n.edahk69f5af1c58c21 {\r\ndisplay: none;\r\n}\r\n}\r\n<\/style>\r\n\n\n\n\n<p>O primeiro passo \u00e9 reafirmar a &#8220;primazia do poder pol\u00edtico&#8221;, nas palavras de Batochio. &#8220;Essa primazia, proclamada no art. 1\u00ba da Constitui\u00e7\u00e3o da Rep\u00fablica, se v\u00ea usurpada, por exemplo, quando o Supremo Tribunal Federal deixa de enviar ao Senado suas decis\u00f5es de declara\u00e7\u00e3o de inconstitucionalidade, tal como determina o art. 52, X, da Lei M\u00e1xima. Cabe ao Senado, portanto, revigorar essa disposi\u00e7\u00e3o, segundo a qual de seu placet depende a efic\u00e1cia plena de toda e qualquer decis\u00e3o de inconstitucionalidade.&#8221;<\/p>\n\n\n\n<p>Em seu discurso, Batochio tamb\u00e9m elogiou a atua\u00e7\u00e3o de Sep\u00falveda Pertence, que foi contemplado com a medalha Teixeira de Freitas; de Rita Cortez, que preside o IAB; e de Francisco Gomes Brand\u00e3o, fundador da entidade.<\/p>\n\n\n\n<p>Revista Consultor Jur\u00eddico<\/p>\n","protected":false},"excerpt":{"rendered":"<p>Advogado e ex-deputado federal lembrou que &#8220;ningu\u00e9m bate \u00e0 porta do judici\u00e1rio para saber o que o juiz pensa, mas para ver cumpridas as promessas cumpridas na lei&#8221;<\/p>\n<p><a class=\"more-link\" href=\"https:\/\/justicapotiguar.com.br\/index.php\/2019\/08\/07\/176-anos-do-iab-solucao-para-a-crise-do-judiciario-e-cumprir-a-lei-nao-populismo-diz-batochio\/\">Mais&#8230;<\/a><\/p>\n","protected":false},"author":3,"featured_media":428,"comment_status":"open","ping_status":"open","sticky":false,"template":"","format":"standard","meta":[],"categories":[3],"tags":[339,338,336,337,335,71],"_links":{"self":[{"href":"https:\/\/justicapotiguar.com.br\/index.php\/wp-json\/wp\/v2\/posts\/427"}],"collection":[{"href":"https:\/\/justicapotiguar.com.br\/index.php\/wp-json\/wp\/v2\/posts"}],"about":[{"href":"https:\/\/justicapotiguar.com.br\/index.php\/wp-json\/wp\/v2\/types\/post"}],"author":[{"embeddable":true,"href":"https:\/\/justicapotiguar.com.br\/index.php\/wp-json\/wp\/v2\/users\/3"}],"replies":[{"embeddable":true,"href":"https:\/\/justicapotiguar.com.br\/index.php\/wp-json\/wp\/v2\/comments?post=427"}],"version-history":[{"count":1,"href":"https:\/\/justicapotiguar.com.br\/index.php\/wp-json\/wp\/v2\/posts\/427\/revisions"}],"predecessor-version":[{"id":429,"href":"https:\/\/justicapotiguar.com.br\/index.php\/wp-json\/wp\/v2\/posts\/427\/revisions\/429"}],"wp:featuredmedia":[{"embeddable":true,"href":"https:\/\/justicapotiguar.com.br\/index.php\/wp-json\/wp\/v2\/media\/428"}],"wp:attachment":[{"href":"https:\/\/justicapotiguar.com.br\/index.php\/wp-json\/wp\/v2\/media?parent=427"}],"wp:term":[{"taxonomy":"category","embeddable":true,"href":"https:\/\/justicapotiguar.com.br\/index.php\/wp-json\/wp\/v2\/categories?post=427"},{"taxonomy":"post_tag","embeddable":true,"href":"https:\/\/justicapotiguar.com.br\/index.php\/wp-json\/wp\/v2\/tags?post=427"}],"curies":[{"name":"wp","href":"https:\/\/api.w.org\/{rel}","templated":true}]}}