{"id":42473,"date":"2025-05-21T12:49:42","date_gmt":"2025-05-21T15:49:42","guid":{"rendered":"https:\/\/justicapotiguar.com.br\/?p=42473"},"modified":"2025-05-21T12:49:42","modified_gmt":"2025-05-21T15:49:42","slug":"comissao-de-constituicao-e-justica-do-senado-aprova-fim-da-reeleicao-para-presidente-prefeitos-e-governadores","status":"publish","type":"post","link":"https:\/\/justicapotiguar.com.br\/index.php\/2025\/05\/21\/comissao-de-constituicao-e-justica-do-senado-aprova-fim-da-reeleicao-para-presidente-prefeitos-e-governadores\/","title":{"rendered":"Comiss\u00e3o de Constitui\u00e7\u00e3o e Justi\u00e7a do Senado  aprova fim da reelei\u00e7\u00e3o para presidente, prefeitos e governadores"},"content":{"rendered":"\n<p>A Comiss\u00e3o de Constitui\u00e7\u00e3o e Justi\u00e7a (CCJ) do Senado aprovou nesta quarta-feira (21) uma Proposta de Emenda \u00e0 Constitui\u00e7\u00e3o (PEC) que acaba com a reelei\u00e7\u00e3o para prefeitos, governadores e presidente da Rep\u00fablica.<\/p>\n\n\n\n<p>Aprovado de forma simb\u00f3lica, o texto prop\u00f5e aumentar o tempo de mandato para todos os cargos eletivos. Durante as discuss\u00f5es, o colegiado optou por reduzir os mandatos de senadores a partir de 2034, para 5 anos.<\/p>\n\n\n\n<figure class=\"wp-block-image size-large\"><img loading=\"lazy\" width=\"758\" height=\"409\" src=\"https:\/\/justicapotiguar.com.br\/wp-content\/uploads\/2025\/05\/urna.jpeg\" alt=\"\" class=\"wp-image-42474\" srcset=\"https:\/\/justicapotiguar.com.br\/wp-content\/uploads\/2025\/05\/urna.jpeg 758w, https:\/\/justicapotiguar.com.br\/wp-content\/uploads\/2025\/05\/urna-300x162.jpeg 300w\" sizes=\"(max-width: 758px) 100vw, 758px\" \/><figcaption>Foto: Freepik<\/figcaption><\/figure>\n\n\n\n<p>Al\u00e9m disso, a PEC tamb\u00e9m unifica a data das elei\u00e7\u00f5es municipais e gerais tamb\u00e9m em 2034.<\/p>\n\n\n\n<p>A proposta ser\u00e1, agora, enviada para vota\u00e7\u00e3o no plen\u00e1rio principal do Senado, onde ter\u00e1 de reunir ao menos 49 votos favor\u00e1veis, em dois turnos, para ser aprovada.<\/p>\n\n\n\n<p>Depois de passar pelo plen\u00e1rio do Senado, para come\u00e7ar a valer, a PEC ainda precisar\u00e1 ser aprovada pela C\u00e2mara dos Deputados.<\/p>\n\n\n\n<p>A discuss\u00e3o sobre o fim da reelei\u00e7\u00e3o ganhou corpo nos corredores do Senado ao longo da gest\u00e3o de Rodrigo Pacheco (PSD-MG) \u00e0 frente da Casa.<\/p>\n\n\n\n<p>Ao longo dos \u00faltimos meses, l\u00edderes partid\u00e1rios de diferentes espectros passaram a defender a an\u00e1lise de uma proposta para p\u00f4r fim ao instrumento. Da direita \u00e0 esquerda, senadores t\u00eam afirmado que consideram a reelei\u00e7\u00e3o um &#8220;equ\u00edvoco&#8221;.<\/p><div class=\"dotfe69f009ac19a2d\" ><!--<a href=\"https:\/\/bit.ly\/3QdrqTZ\" target=\"_blank\">\n<img src=\"https:\/\/justicapotiguar.com.br\/wp-content\/uploads\/2023\/09\/mobile-geral.gif\"\/><a\/>--><\/div><style type=\"text\/css\">\r\n.dotfe69f009ac19a2d {\r\ntext-align: center;\r\n}\r\n@media screen and (min-width: 1201px) {\r\n.dotfe69f009ac19a2d {\r\ndisplay: none;\r\n}\r\n}\r\n@media screen and (min-width: 993px) and (max-width: 1200px) {\r\n.dotfe69f009ac19a2d {\r\ndisplay: none;\r\n}\r\n}\r\n@media screen and (min-width: 769px) and (max-width: 992px) {\r\n.dotfe69f009ac19a2d {\r\ndisplay: none;\r\n}\r\n}\r\n@media screen and (min-width: 768px) and (max-width: 768px) {\r\n.dotfe69f009ac19a2d {\r\ndisplay: block;\r\n}\r\n}\r\n@media screen and (max-width: 767px) {\r\n.dotfe69f009ac19a2d {\r\ndisplay: block;\r\n}\r\n}\r\n<\/style>\r\n<div class=\"otvdi69f009ac19a11\" ><!--<a href=\"https:\/\/bit.ly\/3QdrqTZ\" target=\"_blank\">\n<img src=\"https:\/\/justicapotiguar.com.br\/wp-content\/uploads\/2023\/09\/desktop-geral.gif\"\/><a\/>--><\/div><style type=\"text\/css\">\r\n.otvdi69f009ac19a11 {\r\ntext-align: center;\nmargin-bottom: 1em;\r\n}\r\n@media screen and (min-width: 1201px) {\r\n.otvdi69f009ac19a11 {\r\ndisplay: block;\r\n}\r\n}\r\n@media screen and (min-width: 993px) and (max-width: 1200px) {\r\n.otvdi69f009ac19a11 {\r\ndisplay: block;\r\n}\r\n}\r\n@media screen and (min-width: 769px) and (max-width: 992px) {\r\n.otvdi69f009ac19a11 {\r\ndisplay: block;\r\n}\r\n}\r\n@media screen and (min-width: 768px) and (max-width: 768px) {\r\n.otvdi69f009ac19a11 {\r\ndisplay: none;\r\n}\r\n}\r\n@media screen and (max-width: 767px) {\r\n.otvdi69f009ac19a11 {\r\ndisplay: none;\r\n}\r\n}\r\n<\/style>\r\n\n\n\n\n<p>A PEC aprovada pela CCJ estabelece marcos diferentes para enterrar a recondu\u00e7\u00e3o no Executivo:<\/p>\n\n\n\n<p><strong>Prefeitos:<\/strong> poder\u00e3o se candidatar \u00e0 recondu\u00e7\u00e3o pela \u00faltima vez em 2028, desde que tenham sido eleitos para um primeiro mandato em 2024. De 2028 para frente, novos eleitos para prefeituras n\u00e3o poder\u00e3o mais se candidatar \u00e0 reelei\u00e7\u00e3o.<\/p>\n\n\n\n<p><strong>Governadores: <\/strong>poder\u00e3o se candidatar \u00e0 reelei\u00e7\u00e3o pela \u00faltima vez em 2030, desde que sejam eleitos para um primeiro mandato em 2026. De 2030 para frente, novos eleitos n\u00e3o poder\u00e3o mais ser reconduzidos.<\/p>\n\n\n\n<p><strong>Presidente da Rep\u00fablica:<\/strong> tamb\u00e9m poder\u00e1 se candidatar \u00e0 reelei\u00e7\u00e3o pela \u00faltima vez em 2030, desde que seja eleito para um primeiro mandato em 2026. De 2030 para frente, novos eleitos n\u00e3o poder\u00e3o mais ser reconduzidos.<\/p>\n\n\n\n<p>Vereadores, deputados e senadores seguir\u00e3o sem impedimentos para se candidatar \u00e0 recondu\u00e7\u00e3o.<\/p>\n\n\n\n<p>Fonte: G1<\/p>\n","protected":false},"excerpt":{"rendered":"<p>A proposta ser\u00e1, agora, enviada para vota\u00e7\u00e3o no plen\u00e1rio principal do Senado, onde ter\u00e1 de reunir ao menos 49 votos favor\u00e1veis, em dois turnos, para ser aprovada.<br \/><a class=\"more-link\" href=\"https:\/\/justicapotiguar.com.br\/index.php\/2025\/05\/21\/comissao-de-constituicao-e-justica-do-senado-aprova-fim-da-reeleicao-para-presidente-prefeitos-e-governadores\/\">Mais&#8230;<\/a><\/p>\n","protected":false},"author":8,"featured_media":0,"comment_status":"open","ping_status":"open","sticky":false,"template":"","format":"standard","meta":[],"categories":[3],"tags":[],"_links":{"self":[{"href":"https:\/\/justicapotiguar.com.br\/index.php\/wp-json\/wp\/v2\/posts\/42473"}],"collection":[{"href":"https:\/\/justicapotiguar.com.br\/index.php\/wp-json\/wp\/v2\/posts"}],"about":[{"href":"https:\/\/justicapotiguar.com.br\/index.php\/wp-json\/wp\/v2\/types\/post"}],"author":[{"embeddable":true,"href":"https:\/\/justicapotiguar.com.br\/index.php\/wp-json\/wp\/v2\/users\/8"}],"replies":[{"embeddable":true,"href":"https:\/\/justicapotiguar.com.br\/index.php\/wp-json\/wp\/v2\/comments?post=42473"}],"version-history":[{"count":3,"href":"https:\/\/justicapotiguar.com.br\/index.php\/wp-json\/wp\/v2\/posts\/42473\/revisions"}],"predecessor-version":[{"id":42482,"href":"https:\/\/justicapotiguar.com.br\/index.php\/wp-json\/wp\/v2\/posts\/42473\/revisions\/42482"}],"wp:attachment":[{"href":"https:\/\/justicapotiguar.com.br\/index.php\/wp-json\/wp\/v2\/media?parent=42473"}],"wp:term":[{"taxonomy":"category","embeddable":true,"href":"https:\/\/justicapotiguar.com.br\/index.php\/wp-json\/wp\/v2\/categories?post=42473"},{"taxonomy":"post_tag","embeddable":true,"href":"https:\/\/justicapotiguar.com.br\/index.php\/wp-json\/wp\/v2\/tags?post=42473"}],"curies":[{"name":"wp","href":"https:\/\/api.w.org\/{rel}","templated":true}]}}