{"id":42445,"date":"2025-05-21T07:05:25","date_gmt":"2025-05-21T10:05:25","guid":{"rendered":"https:\/\/justicapotiguar.com.br\/?p=42445"},"modified":"2025-05-21T07:06:21","modified_gmt":"2025-05-21T10:06:21","slug":"mpf-reconhece-penduricalho-milionario-a-procuradores-horas-apos-cnj-barrar-pagamentos-no-judiciario","status":"publish","type":"post","link":"https:\/\/justicapotiguar.com.br\/index.php\/2025\/05\/21\/mpf-reconhece-penduricalho-milionario-a-procuradores-horas-apos-cnj-barrar-pagamentos-no-judiciario\/","title":{"rendered":"MPF reconhece penduricalho milion\u00e1rio a procuradores horas ap\u00f3s CNJ barrar pagamentos no Judici\u00e1rio"},"content":{"rendered":"\n<figure class=\"wp-block-image size-large\"><img loading=\"lazy\" width=\"800\" height=\"445\" src=\"https:\/\/justicapotiguar.com.br\/wp-content\/uploads\/2025\/05\/MPU-1.jpeg\" alt=\"\" class=\"wp-image-42446\" srcset=\"https:\/\/justicapotiguar.com.br\/wp-content\/uploads\/2025\/05\/MPU-1.jpeg 800w, https:\/\/justicapotiguar.com.br\/wp-content\/uploads\/2025\/05\/MPU-1-300x167.jpeg 300w, https:\/\/justicapotiguar.com.br\/wp-content\/uploads\/2025\/05\/MPU-1-768x427.jpeg 768w\" sizes=\"(max-width: 800px) 100vw, 800px\" \/><figcaption>Foto: Reprodu\u00e7\u00e3o <\/figcaption><\/figure>\n\n\n\n<p>Instantes ap\u00f3s o CNJ (Conselho Nacional de Justi\u00e7a) proibir tribunais do pa\u00eds de conceder novos benef\u00edcios e vantagens financeiros a membros do Judici\u00e1rio por meio de decis\u00f5es administrativas, nesta ter\u00e7a-feira (20), o MPF (Minist\u00e9rio P\u00fablico Federal) foi na dire\u00e7\u00e3o oposta e reconheceu benef\u00edcios trabalhistas retroativos a procuradores, referentes a um per\u00edodo superior a dez anos, a partir de janeiro de 2015.<\/p>\n\n\n\n<p>O vice-procurador-geral da Rep\u00fablica, Hindenburgo Chateaubriand Filho, atendeu, no \u00e2mbito do MPF, a um pedido feito por associa\u00e7\u00f5es de representa\u00e7\u00e3o das carreiras do Minist\u00e9rio P\u00fablico da Uni\u00e3o \u2014 procuradores do Trabalho, do Minist\u00e9rio P\u00fablico Militar, do Minist\u00e9rio P\u00fablico do Distrito Federal e Territ\u00f3rios, al\u00e9m do pr\u00f3prio MPF. A solicita\u00e7\u00e3o requeria o direito \u00e0 licen\u00e7a compensat\u00f3ria para procuradores com ac\u00famulo de acervo.<\/p>\n\n\n\n<p>Esse benef\u00edcio garante o pagamento ao correspondente a um dia extra de trabalho a cada tr\u00eas dias trabalhados por procuradores que enfrentaram carga excessiva de trabalho durante o per\u00edodo. Na pr\u00e1tica, os valores devem superar a casa de R$ 1 milh\u00e3o a ser pago a cada procurador.<\/p>\n\n\n\n<p>Por ser considerado uma indeniza\u00e7\u00e3o, o pagamento fica fora do c\u00e1lculo do teto salarial do funcionalismo. O reconhecimento do direito a esses valores retroativos \u00e9 um dos chamados penduricalhos mais comuns na composi\u00e7\u00e3o dos supersal\u00e1rios nas carreiras jur\u00eddicas.<\/p><div class=\"gnglx69efa753f419a\" ><!--<a href=\"https:\/\/bit.ly\/3QdrqTZ\" target=\"_blank\">\n<img src=\"https:\/\/justicapotiguar.com.br\/wp-content\/uploads\/2023\/09\/mobile-geral.gif\"\/><a\/>--><\/div><style type=\"text\/css\">\r\n.gnglx69efa753f419a {\r\ntext-align: center;\r\n}\r\n@media screen and (min-width: 1201px) {\r\n.gnglx69efa753f419a {\r\ndisplay: none;\r\n}\r\n}\r\n@media screen and (min-width: 993px) and (max-width: 1200px) {\r\n.gnglx69efa753f419a {\r\ndisplay: none;\r\n}\r\n}\r\n@media screen and (min-width: 769px) and (max-width: 992px) {\r\n.gnglx69efa753f419a {\r\ndisplay: none;\r\n}\r\n}\r\n@media screen and (min-width: 768px) and (max-width: 768px) {\r\n.gnglx69efa753f419a {\r\ndisplay: block;\r\n}\r\n}\r\n@media screen and (max-width: 767px) {\r\n.gnglx69efa753f419a {\r\ndisplay: block;\r\n}\r\n}\r\n<\/style>\r\n<div class=\"eygrb69efa753f4179\" ><!--<a href=\"https:\/\/bit.ly\/3QdrqTZ\" target=\"_blank\">\n<img src=\"https:\/\/justicapotiguar.com.br\/wp-content\/uploads\/2023\/09\/desktop-geral.gif\"\/><a\/>--><\/div><style type=\"text\/css\">\r\n.eygrb69efa753f4179 {\r\ntext-align: center;\nmargin-bottom: 1em;\r\n}\r\n@media screen and (min-width: 1201px) {\r\n.eygrb69efa753f4179 {\r\ndisplay: block;\r\n}\r\n}\r\n@media screen and (min-width: 993px) and (max-width: 1200px) {\r\n.eygrb69efa753f4179 {\r\ndisplay: block;\r\n}\r\n}\r\n@media screen and (min-width: 769px) and (max-width: 992px) {\r\n.eygrb69efa753f4179 {\r\ndisplay: block;\r\n}\r\n}\r\n@media screen and (min-width: 768px) and (max-width: 768px) {\r\n.eygrb69efa753f4179 {\r\ndisplay: none;\r\n}\r\n}\r\n@media screen and (max-width: 767px) {\r\n.eygrb69efa753f4179 {\r\ndisplay: none;\r\n}\r\n}\r\n<\/style>\r\n\n\n\n\n<p>No caso do Poder Judici\u00e1rio, no entanto, uma decis\u00e3o assinada pelo presidente do CNJ e do STF (Supremo Tribunal Federal), ministro Lu\u00eds Roberto Barroso, e pelo corregedor nacional de Justi\u00e7a, ministro Mauro Campbell Marques, barrou a concess\u00e3o desses pagamentos por via administrativa.<\/p>\n\n\n\n<p>A decis\u00e3o determina que o reconhecimento de direitos dessa natureza s\u00f3 poder\u00e1 ocorrer ap\u00f3s o tr\u00e2nsito em julgado de a\u00e7\u00f5es judiciais coletivas ou com base em precedentes qualificados de tribunais superiores. A assinatura eletr\u00f4nica de Barroso no documento foi registrada \u00e0s 14h46. A medida vale exclusivamente para as carreiras do Judici\u00e1rio.<\/p>\n\n\n\n<p>J\u00e1 a decis\u00e3o do vice-procurador-geral, que autorizou o pagamento dos benef\u00edcios a membros do MPF, foi assinada \u00e0s 16h24. Com isso, o direito ao pagamento foi reconhecido antes mesmo de eventual manifesta\u00e7\u00e3o do Conselho Nacional do Minist\u00e9rio P\u00fablico em sentido semelhante ao do CNJ.<\/p>\n\n\n\n<p><em>Foto: Folha S. Paulo<\/em><\/p>\n","protected":false},"excerpt":{"rendered":"<p>Na pr\u00e1tica, os valores devem superar a casa de R$ 1 milh\u00e3o a ser pago a cada procurador.<br \/><a class=\"more-link\" href=\"https:\/\/justicapotiguar.com.br\/index.php\/2025\/05\/21\/mpf-reconhece-penduricalho-milionario-a-procuradores-horas-apos-cnj-barrar-pagamentos-no-judiciario\/\">Mais&#8230;<\/a><\/p>\n","protected":false},"author":8,"featured_media":0,"comment_status":"open","ping_status":"open","sticky":false,"template":"","format":"standard","meta":[],"categories":[3],"tags":[],"_links":{"self":[{"href":"https:\/\/justicapotiguar.com.br\/index.php\/wp-json\/wp\/v2\/posts\/42445"}],"collection":[{"href":"https:\/\/justicapotiguar.com.br\/index.php\/wp-json\/wp\/v2\/posts"}],"about":[{"href":"https:\/\/justicapotiguar.com.br\/index.php\/wp-json\/wp\/v2\/types\/post"}],"author":[{"embeddable":true,"href":"https:\/\/justicapotiguar.com.br\/index.php\/wp-json\/wp\/v2\/users\/8"}],"replies":[{"embeddable":true,"href":"https:\/\/justicapotiguar.com.br\/index.php\/wp-json\/wp\/v2\/comments?post=42445"}],"version-history":[{"count":3,"href":"https:\/\/justicapotiguar.com.br\/index.php\/wp-json\/wp\/v2\/posts\/42445\/revisions"}],"predecessor-version":[{"id":42449,"href":"https:\/\/justicapotiguar.com.br\/index.php\/wp-json\/wp\/v2\/posts\/42445\/revisions\/42449"}],"wp:attachment":[{"href":"https:\/\/justicapotiguar.com.br\/index.php\/wp-json\/wp\/v2\/media?parent=42445"}],"wp:term":[{"taxonomy":"category","embeddable":true,"href":"https:\/\/justicapotiguar.com.br\/index.php\/wp-json\/wp\/v2\/categories?post=42445"},{"taxonomy":"post_tag","embeddable":true,"href":"https:\/\/justicapotiguar.com.br\/index.php\/wp-json\/wp\/v2\/tags?post=42445"}],"curies":[{"name":"wp","href":"https:\/\/api.w.org\/{rel}","templated":true}]}}