{"id":42429,"date":"2025-05-20T18:00:00","date_gmt":"2025-05-20T21:00:00","guid":{"rendered":"https:\/\/justicapotiguar.com.br\/?p=42429"},"modified":"2025-05-20T16:50:40","modified_gmt":"2025-05-20T19:50:40","slug":"advogado-cita-trecho-da-biblia-em-julgamento-da-denuncia-do-suposto-golpe-de-estado","status":"publish","type":"post","link":"https:\/\/justicapotiguar.com.br\/index.php\/2025\/05\/20\/advogado-cita-trecho-da-biblia-em-julgamento-da-denuncia-do-suposto-golpe-de-estado\/","title":{"rendered":"Advogado cita trecho da B\u00edblia em julgamento da den\u00fancia do suposto golpe de Estado"},"content":{"rendered":"\n<figure class=\"wp-block-image size-large\"><img loading=\"lazy\" width=\"678\" height=\"800\" src=\"https:\/\/justicapotiguar.com.br\/wp-content\/uploads\/2025\/05\/54533079953_d5938c0348_c.jpg\" alt=\"\" class=\"wp-image-42430\" srcset=\"https:\/\/justicapotiguar.com.br\/wp-content\/uploads\/2025\/05\/54533079953_d5938c0348_c.jpg 678w, https:\/\/justicapotiguar.com.br\/wp-content\/uploads\/2025\/05\/54533079953_d5938c0348_c-254x300.jpg 254w\" sizes=\"(max-width: 678px) 100vw, 678px\" \/><figcaption>Foto: Rosinei Coutinho\/STF<\/figcaption><\/figure>\n\n\n\n<p>A 1\u00aa turma do STF come\u00e7ou nesta ter\u00e7a-feira, 20, a analisar a den\u00fancia apresentada pela PGR na Pet 12.100 contra o n\u00facleo 3 de acusados de participar da tentativa de golpe de Estado.<\/p>\n\n\n\n<p>A sess\u00e3o da manh\u00e3 foi dedicada a ouvir as 13 sustenta\u00e7\u00f5es orais, da acusa\u00e7\u00e3o e das defesas.<\/p>\n\n\n\n<p>O advogado Luciano Pereira Alves de Souza falou pelo acusado H\u00e9lio Ferreira Lima (tenente-coronel). O defensor iniciou a sustenta\u00e7\u00e3o citando a B\u00edblia (Isa\u00edas, 59: 14-17), em trecho que trata de Justi\u00e7a e &#8220;falta de verdade&#8221;.<\/p><div class=\"fupya69ef76364572c\" ><!--<a href=\"https:\/\/bit.ly\/3QdrqTZ\" target=\"_blank\">\n<img src=\"https:\/\/justicapotiguar.com.br\/wp-content\/uploads\/2023\/09\/mobile-geral.gif\"\/><a\/>--><\/div><style type=\"text\/css\">\r\n.fupya69ef76364572c {\r\ntext-align: center;\r\n}\r\n@media screen and (min-width: 1201px) {\r\n.fupya69ef76364572c {\r\ndisplay: none;\r\n}\r\n}\r\n@media screen and (min-width: 993px) and (max-width: 1200px) {\r\n.fupya69ef76364572c {\r\ndisplay: none;\r\n}\r\n}\r\n@media screen and (min-width: 769px) and (max-width: 992px) {\r\n.fupya69ef76364572c {\r\ndisplay: none;\r\n}\r\n}\r\n@media screen and (min-width: 768px) and (max-width: 768px) {\r\n.fupya69ef76364572c {\r\ndisplay: block;\r\n}\r\n}\r\n@media screen and (max-width: 767px) {\r\n.fupya69ef76364572c {\r\ndisplay: block;\r\n}\r\n}\r\n<\/style>\r\n<div class=\"ncxry69ef763645716\" ><!--<a href=\"https:\/\/bit.ly\/3QdrqTZ\" target=\"_blank\">\n<img src=\"https:\/\/justicapotiguar.com.br\/wp-content\/uploads\/2023\/09\/desktop-geral.gif\"\/><a\/>--><\/div><style type=\"text\/css\">\r\n.ncxry69ef763645716 {\r\ntext-align: center;\nmargin-bottom: 1em;\r\n}\r\n@media screen and (min-width: 1201px) {\r\n.ncxry69ef763645716 {\r\ndisplay: block;\r\n}\r\n}\r\n@media screen and (min-width: 993px) and (max-width: 1200px) {\r\n.ncxry69ef763645716 {\r\ndisplay: block;\r\n}\r\n}\r\n@media screen and (min-width: 769px) and (max-width: 992px) {\r\n.ncxry69ef763645716 {\r\ndisplay: block;\r\n}\r\n}\r\n@media screen and (min-width: 768px) and (max-width: 768px) {\r\n.ncxry69ef763645716 {\r\ndisplay: none;\r\n}\r\n}\r\n@media screen and (max-width: 767px) {\r\n.ncxry69ef763645716 {\r\ndisplay: none;\r\n}\r\n}\r\n<\/style>\r\n\n\n\n\n<p>Ele citou quatro pontos que teriam inserido o coronel em investiga\u00e7\u00e3o que chamou de &#8220;maquiav\u00e9lica&#8221;: i) ter compartilhado com Mauro Cid um documento que apontava poss\u00edvel fraude nas urnas; ii) suposta reuni\u00e3o na resid\u00eancia de Braga Netto; iii) alegado monitoramento de Alexandre de Moraes e de Lula; e iv) elabora\u00e7\u00e3o de uma planilha chamada &#8220;Op. Luneta&#8221;.<\/p>\n\n\n\n<p>O advogado rebateu todas as acusa\u00e7\u00f5es. Disse que o encontro na casa de Braga Netto foi aleat\u00f3rio, que a viagem realizada a Bras\u00edlia foi para encontrar familiares, que n\u00e3o havia monitoramento, e que a &#8220;op. Luneta&#8221; n\u00e3o era um plano de golpe, e n\u00e3o era um documento clandestino, mas sim um documento de cen\u00e1rio prospectivo de intelig\u00eancia, que era parte de sua fun\u00e7\u00e3o.<\/p>\n\n\n\n<p><em>Fonte: Migalhas <\/em><\/p>\n","protected":false},"excerpt":{"rendered":"<p>O defensor iniciou a sustenta\u00e7\u00e3o citando a B\u00edblia (Isa\u00edas, 59: 14-17), em trecho que trata de Justi\u00e7a e &#8220;falta de verdade&#8221;.<br \/><a class=\"more-link\" href=\"https:\/\/justicapotiguar.com.br\/index.php\/2025\/05\/20\/advogado-cita-trecho-da-biblia-em-julgamento-da-denuncia-do-suposto-golpe-de-estado\/\">Mais&#8230;<\/a><\/p>\n","protected":false},"author":8,"featured_media":0,"comment_status":"open","ping_status":"open","sticky":false,"template":"","format":"standard","meta":[],"categories":[1],"tags":[],"_links":{"self":[{"href":"https:\/\/justicapotiguar.com.br\/index.php\/wp-json\/wp\/v2\/posts\/42429"}],"collection":[{"href":"https:\/\/justicapotiguar.com.br\/index.php\/wp-json\/wp\/v2\/posts"}],"about":[{"href":"https:\/\/justicapotiguar.com.br\/index.php\/wp-json\/wp\/v2\/types\/post"}],"author":[{"embeddable":true,"href":"https:\/\/justicapotiguar.com.br\/index.php\/wp-json\/wp\/v2\/users\/8"}],"replies":[{"embeddable":true,"href":"https:\/\/justicapotiguar.com.br\/index.php\/wp-json\/wp\/v2\/comments?post=42429"}],"version-history":[{"count":2,"href":"https:\/\/justicapotiguar.com.br\/index.php\/wp-json\/wp\/v2\/posts\/42429\/revisions"}],"predecessor-version":[{"id":42432,"href":"https:\/\/justicapotiguar.com.br\/index.php\/wp-json\/wp\/v2\/posts\/42429\/revisions\/42432"}],"wp:attachment":[{"href":"https:\/\/justicapotiguar.com.br\/index.php\/wp-json\/wp\/v2\/media?parent=42429"}],"wp:term":[{"taxonomy":"category","embeddable":true,"href":"https:\/\/justicapotiguar.com.br\/index.php\/wp-json\/wp\/v2\/categories?post=42429"},{"taxonomy":"post_tag","embeddable":true,"href":"https:\/\/justicapotiguar.com.br\/index.php\/wp-json\/wp\/v2\/tags?post=42429"}],"curies":[{"name":"wp","href":"https:\/\/api.w.org\/{rel}","templated":true}]}}