{"id":42422,"date":"2025-05-20T15:23:04","date_gmt":"2025-05-20T18:23:04","guid":{"rendered":"https:\/\/justicapotiguar.com.br\/?p=42422"},"modified":"2025-05-20T15:25:37","modified_gmt":"2025-05-20T18:25:37","slug":"mprn-recomenda-que-der-retire-de-circulacao-veiculos-inacessiveis-no-transporte-intermunicipal","status":"publish","type":"post","link":"https:\/\/justicapotiguar.com.br\/index.php\/2025\/05\/20\/mprn-recomenda-que-der-retire-de-circulacao-veiculos-inacessiveis-no-transporte-intermunicipal\/","title":{"rendered":"MPRN recomenda que DER retire de circula\u00e7\u00e3o ve\u00edculos inacess\u00edveis no transporte intermunicipal"},"content":{"rendered":"\n<p>O Minist\u00e9rio P\u00fablico do Rio Grande do Norte (MPRN) recomendou ao Departamento de Estradas de Rodagem (DER\/RN) a fiscaliza\u00e7\u00e3o e a ado\u00e7\u00e3o de medidas para retirar de circula\u00e7\u00e3o ve\u00edculos inacess\u00edveis e com vida \u00fatil excedida no sistema de transporte p\u00fablico intermunicipal do Estado. <\/p>\n\n\n\n<p>Na recomenda\u00e7\u00e3o, a 9\u00aa Promotoria de Justi\u00e7a de Natal aponta que foram constatados ve\u00edculos com vida \u00fatil superior a 18 anos e dificuldades na adapta\u00e7\u00e3o de chassis para a instala\u00e7\u00e3o de plataformas elevat\u00f3rias, essenciais para a acessibilidade de usu\u00e1rios com defici\u00eancia e\/ou mobilidade reduzida. <\/p>\n\n\n\n<p>Al\u00e9m disso, dos 503 \u00f4nibus que comp\u00f5em a frota das empresas de transporte intermunicipal, apenas 327 possuem plataforma elevat\u00f3ria.<\/p>\n\n\n\n<figure class=\"wp-block-image size-large\"><img loading=\"lazy\" width=\"1024\" height=\"683\" src=\"https:\/\/justicapotiguar.com.br\/wp-content\/uploads\/2025\/05\/vista-lateral-mulher-trabalhando-como-motorista-1024x683.jpg\" alt=\"\" class=\"wp-image-42423\" srcset=\"https:\/\/justicapotiguar.com.br\/wp-content\/uploads\/2025\/05\/vista-lateral-mulher-trabalhando-como-motorista-1024x683.jpg 1024w, https:\/\/justicapotiguar.com.br\/wp-content\/uploads\/2025\/05\/vista-lateral-mulher-trabalhando-como-motorista-300x200.jpg 300w, https:\/\/justicapotiguar.com.br\/wp-content\/uploads\/2025\/05\/vista-lateral-mulher-trabalhando-como-motorista-768x512.jpg 768w, https:\/\/justicapotiguar.com.br\/wp-content\/uploads\/2025\/05\/vista-lateral-mulher-trabalhando-como-motorista-1536x1024.jpg 1536w, https:\/\/justicapotiguar.com.br\/wp-content\/uploads\/2025\/05\/vista-lateral-mulher-trabalhando-como-motorista-2048x1365.jpg 2048w\" sizes=\"(max-width: 1024px) 100vw, 1024px\" \/><figcaption>Foto: Freepik<\/figcaption><\/figure>\n\n\n\n<p>Diante dessas constata\u00e7\u00f5es, e considerando a legisla\u00e7\u00e3o vigente que estabelece a obrigatoriedade de acessibilidade e o limite de idade dos ve\u00edculos, o MPRN recomenda ao DER\/RN que realize a fiscaliza\u00e7\u00e3o dos ve\u00edculos em opera\u00e7\u00e3o, adote medidas para retirar de circula\u00e7\u00e3o e\/ou apreender os ve\u00edculos inacess\u00edveis ou com vida \u00fatil excedida, e considere a aplica\u00e7\u00e3o de san\u00e7\u00f5es administrativas, como o processo de caducidade, \u00e0s empresas que descumprirem as normas.<\/p><div class=\"ynvyx69ef5f50d154b\" ><!--<a href=\"https:\/\/bit.ly\/3QdrqTZ\" target=\"_blank\">\n<img src=\"https:\/\/justicapotiguar.com.br\/wp-content\/uploads\/2023\/09\/mobile-geral.gif\"\/><a\/>--><\/div><style type=\"text\/css\">\r\n.ynvyx69ef5f50d154b {\r\ntext-align: center;\r\n}\r\n@media screen and (min-width: 1201px) {\r\n.ynvyx69ef5f50d154b {\r\ndisplay: none;\r\n}\r\n}\r\n@media screen and (min-width: 993px) and (max-width: 1200px) {\r\n.ynvyx69ef5f50d154b {\r\ndisplay: none;\r\n}\r\n}\r\n@media screen and (min-width: 769px) and (max-width: 992px) {\r\n.ynvyx69ef5f50d154b {\r\ndisplay: none;\r\n}\r\n}\r\n@media screen and (min-width: 768px) and (max-width: 768px) {\r\n.ynvyx69ef5f50d154b {\r\ndisplay: block;\r\n}\r\n}\r\n@media screen and (max-width: 767px) {\r\n.ynvyx69ef5f50d154b {\r\ndisplay: block;\r\n}\r\n}\r\n<\/style>\r\n<div class=\"mhfcc69ef5f50d1532\" ><!--<a href=\"https:\/\/bit.ly\/3QdrqTZ\" target=\"_blank\">\n<img src=\"https:\/\/justicapotiguar.com.br\/wp-content\/uploads\/2023\/09\/desktop-geral.gif\"\/><a\/>--><\/div><style type=\"text\/css\">\r\n.mhfcc69ef5f50d1532 {\r\ntext-align: center;\nmargin-bottom: 1em;\r\n}\r\n@media screen and (min-width: 1201px) {\r\n.mhfcc69ef5f50d1532 {\r\ndisplay: block;\r\n}\r\n}\r\n@media screen and (min-width: 993px) and (max-width: 1200px) {\r\n.mhfcc69ef5f50d1532 {\r\ndisplay: block;\r\n}\r\n}\r\n@media screen and (min-width: 769px) and (max-width: 992px) {\r\n.mhfcc69ef5f50d1532 {\r\ndisplay: block;\r\n}\r\n}\r\n@media screen and (min-width: 768px) and (max-width: 768px) {\r\n.mhfcc69ef5f50d1532 {\r\ndisplay: none;\r\n}\r\n}\r\n@media screen and (max-width: 767px) {\r\n.mhfcc69ef5f50d1532 {\r\ndisplay: none;\r\n}\r\n}\r\n<\/style>\r\n\n\n\n\n<p>A recomenda\u00e7\u00e3o tamb\u00e9m orienta que o DER\/RN somente permita o cadastramento de \u00f4nibus e a renova\u00e7\u00e3o de concess\u00f5es ou permiss\u00f5es para empresas que utilizem ve\u00edculos devidamente acess\u00edveis e dentro do limite de vida \u00fatil estabelecido por Decreto Estadual.<\/p>\n\n\n\n<p>O MPRN estabeleceu o prazo de 30 dias para que o DER\/RN apresente a documenta\u00e7\u00e3o comprobat\u00f3ria das medidas adotadas em cumprimento \u00e0 recomenda\u00e7\u00e3o, alertando que o n\u00e3o acatamento poder\u00e1 ensejar a utiliza\u00e7\u00e3o das medidas legais cab\u00edveis para assegurar sua implementa\u00e7\u00e3o.<\/p>\n\n\n\n<p><em>Fonte: MPRN<\/em><\/p>\n","protected":false},"excerpt":{"rendered":"<p>O Minist\u00e9rio P\u00fablico estabeleceu o prazo de 30 dias para que o DER\/RN apresente a documenta\u00e7\u00e3o comprobat\u00f3ria das medidas adotadas em cumprimento \u00e0 recomenda\u00e7\u00e3o.<br \/><a class=\"more-link\" href=\"https:\/\/justicapotiguar.com.br\/index.php\/2025\/05\/20\/mprn-recomenda-que-der-retire-de-circulacao-veiculos-inacessiveis-no-transporte-intermunicipal\/\">Mais&#8230;<\/a><\/p>\n","protected":false},"author":8,"featured_media":0,"comment_status":"open","ping_status":"open","sticky":false,"template":"","format":"standard","meta":[],"categories":[1],"tags":[],"_links":{"self":[{"href":"https:\/\/justicapotiguar.com.br\/index.php\/wp-json\/wp\/v2\/posts\/42422"}],"collection":[{"href":"https:\/\/justicapotiguar.com.br\/index.php\/wp-json\/wp\/v2\/posts"}],"about":[{"href":"https:\/\/justicapotiguar.com.br\/index.php\/wp-json\/wp\/v2\/types\/post"}],"author":[{"embeddable":true,"href":"https:\/\/justicapotiguar.com.br\/index.php\/wp-json\/wp\/v2\/users\/8"}],"replies":[{"embeddable":true,"href":"https:\/\/justicapotiguar.com.br\/index.php\/wp-json\/wp\/v2\/comments?post=42422"}],"version-history":[{"count":4,"href":"https:\/\/justicapotiguar.com.br\/index.php\/wp-json\/wp\/v2\/posts\/42422\/revisions"}],"predecessor-version":[{"id":42428,"href":"https:\/\/justicapotiguar.com.br\/index.php\/wp-json\/wp\/v2\/posts\/42422\/revisions\/42428"}],"wp:attachment":[{"href":"https:\/\/justicapotiguar.com.br\/index.php\/wp-json\/wp\/v2\/media?parent=42422"}],"wp:term":[{"taxonomy":"category","embeddable":true,"href":"https:\/\/justicapotiguar.com.br\/index.php\/wp-json\/wp\/v2\/categories?post=42422"},{"taxonomy":"post_tag","embeddable":true,"href":"https:\/\/justicapotiguar.com.br\/index.php\/wp-json\/wp\/v2\/tags?post=42422"}],"curies":[{"name":"wp","href":"https:\/\/api.w.org\/{rel}","templated":true}]}}