{"id":42415,"date":"2025-05-20T12:20:43","date_gmt":"2025-05-20T15:20:43","guid":{"rendered":"https:\/\/justicapotiguar.com.br\/?p=42415"},"modified":"2025-05-20T12:20:43","modified_gmt":"2025-05-20T15:20:43","slug":"justica-da-20-dias-para-governo-lula-se-manifestar-sobre-viagens-de-janja","status":"publish","type":"post","link":"https:\/\/justicapotiguar.com.br\/index.php\/2025\/05\/20\/justica-da-20-dias-para-governo-lula-se-manifestar-sobre-viagens-de-janja\/","title":{"rendered":"Justi\u00e7a d\u00e1 20 dias para governo Lula se manifestar sobre viagens de Janja"},"content":{"rendered":"\n<p>A Justi\u00e7a do Distrito Federal deu 20 dias para que o governo de Luiz In\u00e1cio Lula da Silva (PT) se manifeste sobre uma a\u00e7\u00e3o que pede explica\u00e7\u00f5es dos gastos da primeira-dama Ros\u00e2ngela Lula da Silva, a Janja, em viagens internacionais.<\/p>\n\n\n\n<p>A a\u00e7\u00e3o originalmente pedia a suspens\u00e3o de qualquer ordem de pagamento, reembolso ou di\u00e1rias referentes a viagens internacionais da primeira-dama, al\u00e9m de um envio detalhado das despesas, mas os dois pedidos foram negados pela 9\u00aa Vara Federal C\u00edvel da SJDF (Se\u00e7\u00e3o Judici\u00e1ria do Distrito Federal).<\/p>\n\n\n\n<p>O \u00f3rg\u00e3o argumentou que a parte que moveu a a\u00e7\u00e3o contra o governo n\u00e3o informou se havia solicitado previamente as informa\u00e7\u00f5es requeridas, nem que a Uni\u00e3o tenha negado pass\u00e1-las.<\/p>\n\n\n\n<p>&#8220;Deste modo, enquanto n\u00e3o formalizado o contradit\u00f3rio, n\u00e3o \u00e9 poss\u00edvel a este Ju\u00edzo aferir com profundidade a verossimilhan\u00e7a do direito alegado&#8221;, diz a decis\u00e3o assinada pelo juiz Leonardo Tavares Saraiva.<\/p>\n\n\n\n<figure class=\"wp-block-image size-large\"><img loading=\"lazy\" width=\"1024\" height=\"768\" src=\"https:\/\/justicapotiguar.com.br\/wp-content\/uploads\/2025\/05\/2-anos-atos-antidemocraticos_mcamgo_abr_08012025-18.jpg\" alt=\"\" class=\"wp-image-42416\" srcset=\"https:\/\/justicapotiguar.com.br\/wp-content\/uploads\/2025\/05\/2-anos-atos-antidemocraticos_mcamgo_abr_08012025-18.jpg 1024w, https:\/\/justicapotiguar.com.br\/wp-content\/uploads\/2025\/05\/2-anos-atos-antidemocraticos_mcamgo_abr_08012025-18-300x225.jpg 300w, https:\/\/justicapotiguar.com.br\/wp-content\/uploads\/2025\/05\/2-anos-atos-antidemocraticos_mcamgo_abr_08012025-18-768x576.jpg 768w\" sizes=\"(max-width: 1024px) 100vw, 1024px\" \/><figcaption>Marcelo Camargo\/Ag\u00eancia Brasil<\/figcaption><\/figure>\n\n\n\n<p>A a\u00e7\u00e3o foi movida pelo vereador Guilherme Kilter (Novo), de Curitiba, e pelo advogado Jeffrey Chiquini Da Costa.<\/p>\n\n\n\n<p>As viagens e compromissos de Janja v\u00eam sendo alvo de contesta\u00e7\u00f5es pela falta de transpar\u00eancia do quanto \u00e9 gasto com suas participa\u00e7\u00f5es, que n\u00e3o ocupa um cargo oficial no governo.<\/p><div class=\"iwjim69ef35c044205\" ><!--<a href=\"https:\/\/bit.ly\/3QdrqTZ\" target=\"_blank\">\n<img src=\"https:\/\/justicapotiguar.com.br\/wp-content\/uploads\/2023\/09\/mobile-geral.gif\"\/><a\/>--><\/div><style type=\"text\/css\">\r\n.iwjim69ef35c044205 {\r\ntext-align: center;\r\n}\r\n@media screen and (min-width: 1201px) {\r\n.iwjim69ef35c044205 {\r\ndisplay: none;\r\n}\r\n}\r\n@media screen and (min-width: 993px) and (max-width: 1200px) {\r\n.iwjim69ef35c044205 {\r\ndisplay: none;\r\n}\r\n}\r\n@media screen and (min-width: 769px) and (max-width: 992px) {\r\n.iwjim69ef35c044205 {\r\ndisplay: none;\r\n}\r\n}\r\n@media screen and (min-width: 768px) and (max-width: 768px) {\r\n.iwjim69ef35c044205 {\r\ndisplay: block;\r\n}\r\n}\r\n@media screen and (max-width: 767px) {\r\n.iwjim69ef35c044205 {\r\ndisplay: block;\r\n}\r\n}\r\n<\/style>\r\n<div class=\"wkcqi69ef35c0441eb\" ><!--<a href=\"https:\/\/bit.ly\/3QdrqTZ\" target=\"_blank\">\n<img src=\"https:\/\/justicapotiguar.com.br\/wp-content\/uploads\/2023\/09\/desktop-geral.gif\"\/><a\/>--><\/div><style type=\"text\/css\">\r\n.wkcqi69ef35c0441eb {\r\ntext-align: center;\nmargin-bottom: 1em;\r\n}\r\n@media screen and (min-width: 1201px) {\r\n.wkcqi69ef35c0441eb {\r\ndisplay: block;\r\n}\r\n}\r\n@media screen and (min-width: 993px) and (max-width: 1200px) {\r\n.wkcqi69ef35c0441eb {\r\ndisplay: block;\r\n}\r\n}\r\n@media screen and (min-width: 769px) and (max-width: 992px) {\r\n.wkcqi69ef35c0441eb {\r\ndisplay: block;\r\n}\r\n}\r\n@media screen and (min-width: 768px) and (max-width: 768px) {\r\n.wkcqi69ef35c0441eb {\r\ndisplay: none;\r\n}\r\n}\r\n@media screen and (max-width: 767px) {\r\n.wkcqi69ef35c0441eb {\r\ndisplay: none;\r\n}\r\n}\r\n<\/style>\r\n\n\n\n\n<p>Em rea\u00e7\u00e3o, a AGU (Advocacia-Geral da Uni\u00e3o), estabeleceu uma norma que prev\u00ea a presta\u00e7\u00e3o de contas das despesas da primeira-dama, mas sem cria\u00e7\u00e3o de cargo para exerc\u00edcio dessas fun\u00e7\u00f5es.<\/p>\n\n\n\n<p>O parecer tamb\u00e9m estabelece que a agenda p\u00fablica da primeira-dama e os custos com sua equipe, bem como as despesas de Janja nas atividades de car\u00e1ter institucional, devem ser publicadas. Esses gastos devem constar do Portal da Transpar\u00eancia, estando dispon\u00edveis tamb\u00e9m via Lei de Acesso \u00e0 Informa\u00e7\u00e3o.<\/p>\n\n\n\n<p>Devido a isso, o governo divulga desde abril deste ano a agenda oficial da c\u00f4njuge do presidente diariamente.<\/p>\n\n\n\n<p>A \u00faltima viagem internacional de Janja foi \u00e0 R\u00fassia, seguida da China, ao acompanhar o presidente Lula nas visitas de Estado aos dois pa\u00edses.<br><br><em>Fonte: Folha de S. Paulo<\/em><\/p>\n\n\n\n<figure class=\"wp-block-image\"><img alt=\"\"\/><\/figure>\n","protected":false},"excerpt":{"rendered":"<p>As viagens e compromissos de Janja v\u00eam sendo alvo de contesta\u00e7\u00f5es pela falta de transpar\u00eancia do quanto \u00e9 gasto com suas participa\u00e7\u00f5es, que n\u00e3o ocupa um cargo oficial no governo.<br \/><a class=\"more-link\" href=\"https:\/\/justicapotiguar.com.br\/index.php\/2025\/05\/20\/justica-da-20-dias-para-governo-lula-se-manifestar-sobre-viagens-de-janja\/\">Mais&#8230;<\/a><\/p>\n","protected":false},"author":8,"featured_media":0,"comment_status":"open","ping_status":"open","sticky":false,"template":"","format":"standard","meta":[],"categories":[3],"tags":[],"_links":{"self":[{"href":"https:\/\/justicapotiguar.com.br\/index.php\/wp-json\/wp\/v2\/posts\/42415"}],"collection":[{"href":"https:\/\/justicapotiguar.com.br\/index.php\/wp-json\/wp\/v2\/posts"}],"about":[{"href":"https:\/\/justicapotiguar.com.br\/index.php\/wp-json\/wp\/v2\/types\/post"}],"author":[{"embeddable":true,"href":"https:\/\/justicapotiguar.com.br\/index.php\/wp-json\/wp\/v2\/users\/8"}],"replies":[{"embeddable":true,"href":"https:\/\/justicapotiguar.com.br\/index.php\/wp-json\/wp\/v2\/comments?post=42415"}],"version-history":[{"count":2,"href":"https:\/\/justicapotiguar.com.br\/index.php\/wp-json\/wp\/v2\/posts\/42415\/revisions"}],"predecessor-version":[{"id":42418,"href":"https:\/\/justicapotiguar.com.br\/index.php\/wp-json\/wp\/v2\/posts\/42415\/revisions\/42418"}],"wp:attachment":[{"href":"https:\/\/justicapotiguar.com.br\/index.php\/wp-json\/wp\/v2\/media?parent=42415"}],"wp:term":[{"taxonomy":"category","embeddable":true,"href":"https:\/\/justicapotiguar.com.br\/index.php\/wp-json\/wp\/v2\/categories?post=42415"},{"taxonomy":"post_tag","embeddable":true,"href":"https:\/\/justicapotiguar.com.br\/index.php\/wp-json\/wp\/v2\/tags?post=42415"}],"curies":[{"name":"wp","href":"https:\/\/api.w.org\/{rel}","templated":true}]}}