{"id":42394,"date":"2025-05-20T07:16:00","date_gmt":"2025-05-20T10:16:00","guid":{"rendered":"https:\/\/justicapotiguar.com.br\/?p=42394"},"modified":"2025-05-20T07:16:39","modified_gmt":"2025-05-20T10:16:39","slug":"stf-vai-julgar-regra-que-proibe-casados-em-curso-para-formar-militares","status":"publish","type":"post","link":"https:\/\/justicapotiguar.com.br\/index.php\/2025\/05\/20\/stf-vai-julgar-regra-que-proibe-casados-em-curso-para-formar-militares\/","title":{"rendered":"Supremo vai julgar regra que pro\u00edbe casados em curso para formar militares"},"content":{"rendered":"\n<p>O Supremo Tribunal Federal decidir\u00e1 se \u00e9 constitucional uma regra do Estatuto dos Militares (Lei 6880\/1980) que restringe o acesso a cursos de forma\u00e7\u00e3o ou gradua\u00e7\u00e3o de oficiais e de pra\u00e7as que exijam regime de internato.<\/p>\n\n\n\n<p>Segundo a regra, somente pessoas sem filhos ou dependentes e que n\u00e3o sejam casadas ou n\u00e3o tenham constitu\u00eddo uni\u00e3o est\u00e1vel podem participar desses cursos.<\/p>\n\n\n\n<figure class=\"wp-block-image size-large\"><img loading=\"lazy\" width=\"622\" height=\"414\" src=\"https:\/\/justicapotiguar.com.br\/wp-content\/uploads\/2025\/05\/CFSd-1.jpg\" alt=\"\" class=\"wp-image-42396\" srcset=\"https:\/\/justicapotiguar.com.br\/wp-content\/uploads\/2025\/05\/CFSd-1.jpg 622w, https:\/\/justicapotiguar.com.br\/wp-content\/uploads\/2025\/05\/CFSd-1-300x200.jpg 300w\" sizes=\"(max-width: 622px) 100vw, 622px\" \/><figcaption>Foto: Reprodu\u00e7\u00e3o<\/figcaption><\/figure>\n\n\n\n<p>A quest\u00e3o \u00e9 objeto de recurso extraordin\u00e1rio que teve repercuss\u00e3o geral reconhecida (Tema 1.388) por unanimidade. O julgamento do m\u00e9rito ser\u00e1 marcado posteriormente, e a solu\u00e7\u00e3o servir\u00e1 de par\u00e2metro para casos semelhantes em todas as inst\u00e2ncias.<\/p><div class=\"amjdz69ec6096b8b7c\" ><!--<a href=\"https:\/\/bit.ly\/3QdrqTZ\" target=\"_blank\">\n<img src=\"https:\/\/justicapotiguar.com.br\/wp-content\/uploads\/2023\/09\/mobile-geral.gif\"\/><a\/>--><\/div><style type=\"text\/css\">\r\n.amjdz69ec6096b8b7c {\r\ntext-align: center;\r\n}\r\n@media screen and (min-width: 1201px) {\r\n.amjdz69ec6096b8b7c {\r\ndisplay: none;\r\n}\r\n}\r\n@media screen and (min-width: 993px) and (max-width: 1200px) {\r\n.amjdz69ec6096b8b7c {\r\ndisplay: none;\r\n}\r\n}\r\n@media screen and (min-width: 769px) and (max-width: 992px) {\r\n.amjdz69ec6096b8b7c {\r\ndisplay: none;\r\n}\r\n}\r\n@media screen and (min-width: 768px) and (max-width: 768px) {\r\n.amjdz69ec6096b8b7c {\r\ndisplay: block;\r\n}\r\n}\r\n@media screen and (max-width: 767px) {\r\n.amjdz69ec6096b8b7c {\r\ndisplay: block;\r\n}\r\n}\r\n<\/style>\r\n<div class=\"wkpjm69ec6096b8b69\" ><!--<a href=\"https:\/\/bit.ly\/3QdrqTZ\" target=\"_blank\">\n<img src=\"https:\/\/justicapotiguar.com.br\/wp-content\/uploads\/2023\/09\/desktop-geral.gif\"\/><a\/>--><\/div><style type=\"text\/css\">\r\n.wkpjm69ec6096b8b69 {\r\ntext-align: center;\nmargin-bottom: 1em;\r\n}\r\n@media screen and (min-width: 1201px) {\r\n.wkpjm69ec6096b8b69 {\r\ndisplay: block;\r\n}\r\n}\r\n@media screen and (min-width: 993px) and (max-width: 1200px) {\r\n.wkpjm69ec6096b8b69 {\r\ndisplay: block;\r\n}\r\n}\r\n@media screen and (min-width: 769px) and (max-width: 992px) {\r\n.wkpjm69ec6096b8b69 {\r\ndisplay: block;\r\n}\r\n}\r\n@media screen and (min-width: 768px) and (max-width: 768px) {\r\n.wkpjm69ec6096b8b69 {\r\ndisplay: none;\r\n}\r\n}\r\n@media screen and (max-width: 767px) {\r\n.wkpjm69ec6096b8b69 {\r\ndisplay: none;\r\n}\r\n}\r\n<\/style>\r\n\n\n\n\n<p>No caso dos autos, um militar casado recorre de decis\u00e3o do Tribunal Regional Federal da 5\u00aa Regi\u00e3o que negou seu pedido para anular um edital do Curso de Forma\u00e7\u00e3o e Gradua\u00e7\u00e3o de Sargentos com essas exig\u00eancias.<\/p>\n\n\n\n<p>Ele argumenta que a restri\u00e7\u00e3o \u00e9 desproporcional, restringe seu direito de acesso a cargos p\u00fablicos e ofende os princ\u00edpios da prote\u00e7\u00e3o da fam\u00edlia e da dignidade da pessoa humana. E tamb\u00e9m alega que a norma, institu\u00edda em 2019 pela Lei 13.954, promove discrimina\u00e7\u00e3o em raz\u00e3o do estado civil, o que \u00e9 vedado pela Constitui\u00e7\u00e3o Federal.<\/p>\n\n\n\n<p><em>Fonte: Conjur<\/em><\/p>\n","protected":false},"excerpt":{"rendered":"<p> A quest\u00e3o \u00e9 objeto de recurso extraordin\u00e1rio que teve repercuss\u00e3o geral reconhecida (Tema 1.388) por unanimidade. O julgamento do m\u00e9rito ser\u00e1 marcado posteriormente.<br \/><a class=\"more-link\" href=\"https:\/\/justicapotiguar.com.br\/index.php\/2025\/05\/20\/stf-vai-julgar-regra-que-proibe-casados-em-curso-para-formar-militares\/\">Mais&#8230;<\/a><\/p>\n","protected":false},"author":8,"featured_media":0,"comment_status":"open","ping_status":"open","sticky":false,"template":"","format":"standard","meta":[],"categories":[3],"tags":[],"_links":{"self":[{"href":"https:\/\/justicapotiguar.com.br\/index.php\/wp-json\/wp\/v2\/posts\/42394"}],"collection":[{"href":"https:\/\/justicapotiguar.com.br\/index.php\/wp-json\/wp\/v2\/posts"}],"about":[{"href":"https:\/\/justicapotiguar.com.br\/index.php\/wp-json\/wp\/v2\/types\/post"}],"author":[{"embeddable":true,"href":"https:\/\/justicapotiguar.com.br\/index.php\/wp-json\/wp\/v2\/users\/8"}],"replies":[{"embeddable":true,"href":"https:\/\/justicapotiguar.com.br\/index.php\/wp-json\/wp\/v2\/comments?post=42394"}],"version-history":[{"count":4,"href":"https:\/\/justicapotiguar.com.br\/index.php\/wp-json\/wp\/v2\/posts\/42394\/revisions"}],"predecessor-version":[{"id":42400,"href":"https:\/\/justicapotiguar.com.br\/index.php\/wp-json\/wp\/v2\/posts\/42394\/revisions\/42400"}],"wp:attachment":[{"href":"https:\/\/justicapotiguar.com.br\/index.php\/wp-json\/wp\/v2\/media?parent=42394"}],"wp:term":[{"taxonomy":"category","embeddable":true,"href":"https:\/\/justicapotiguar.com.br\/index.php\/wp-json\/wp\/v2\/categories?post=42394"},{"taxonomy":"post_tag","embeddable":true,"href":"https:\/\/justicapotiguar.com.br\/index.php\/wp-json\/wp\/v2\/tags?post=42394"}],"curies":[{"name":"wp","href":"https:\/\/api.w.org\/{rel}","templated":true}]}}