{"id":42388,"date":"2025-05-19T20:08:31","date_gmt":"2025-05-19T23:08:31","guid":{"rendered":"https:\/\/justicapotiguar.com.br\/?p=42388"},"modified":"2025-05-19T20:59:39","modified_gmt":"2025-05-19T23:59:39","slug":"oab-se-manifesta-apos-governo-proibir-cursos-de-direito-por-ead","status":"publish","type":"post","link":"https:\/\/justicapotiguar.com.br\/index.php\/2025\/05\/19\/oab-se-manifesta-apos-governo-proibir-cursos-de-direito-por-ead\/","title":{"rendered":"OAB se manifesta ap\u00f3s governo proibir cursos de direito por EAD"},"content":{"rendered":"\n<figure class=\"wp-block-image size-large\"><img loading=\"lazy\" width=\"900\" height=\"598\" src=\"https:\/\/justicapotiguar.com.br\/wp-content\/uploads\/2025\/05\/secretario-geral-da-oab-beto-simonetti-e1643576525164.jpg\" alt=\"\" class=\"wp-image-42391\" srcset=\"https:\/\/justicapotiguar.com.br\/wp-content\/uploads\/2025\/05\/secretario-geral-da-oab-beto-simonetti-e1643576525164.jpg 900w, https:\/\/justicapotiguar.com.br\/wp-content\/uploads\/2025\/05\/secretario-geral-da-oab-beto-simonetti-e1643576525164-300x199.jpg 300w, https:\/\/justicapotiguar.com.br\/wp-content\/uploads\/2025\/05\/secretario-geral-da-oab-beto-simonetti-e1643576525164-768x510.jpg 768w\" sizes=\"(max-width: 900px) 100vw, 900px\" \/><figcaption>Foto: Reprodu\u00e7\u00e3o\/OAB<\/figcaption><\/figure>\n\n\n\n<p>A Ordem dos Advogados do Brasil (OAB) se manifestou e declarou apoio \u00e0 decis\u00e3o do Minist\u00e9rio da Educa\u00e7\u00e3o (MEC) de proibir a oferta de ensino a dist\u00e2ncia para cursos de direito e outras \u00e1reas, como medicina, enfermagem e psicologia. A medida anunciada pelo governo federal nesta segunda-feira (19\/5) foi bem recebida pela entidade, que h\u00e1 anos questiona a expans\u00e3o do modelo EAD no ensino jur\u00eddico.<\/p>\n\n\n\n<p>&#8220;A luta da OAB pela qualidade do ensino jur\u00eddico \u00e9 hist\u00f3rica. Por isso, comemoramos a cautela do MEC com a modalidade a dist\u00e2ncia, que significaria, neste momento e da forma como est\u00e1, um retrocesso\u201d, afirmou o presidente nacional da OAB, Beto Simonetti.<\/p>\n\n\n\n<p>O decreto foi assinado na manh\u00e3 desta segunda-feira pelo presidente Luiz In\u00e1cio Lula da Silva (PT), proibindo o ensino a dist\u00e2ncia para os cursos de medicina, direito e enfermagem. A decis\u00e3o foi anunciada pelo ministro da Educa\u00e7\u00e3o, Camilo Santana, em reuni\u00e3o com representantes das universidades e demais entes da sociedade civil relacionadas ao setor.<\/p><div class=\"yxloa69ec472fde9ff\" ><!--<a href=\"https:\/\/bit.ly\/3QdrqTZ\" target=\"_blank\">\n<img src=\"https:\/\/justicapotiguar.com.br\/wp-content\/uploads\/2023\/09\/mobile-geral.gif\"\/><a\/>--><\/div><style type=\"text\/css\">\r\n.yxloa69ec472fde9ff {\r\ntext-align: center;\r\n}\r\n@media screen and (min-width: 1201px) {\r\n.yxloa69ec472fde9ff {\r\ndisplay: none;\r\n}\r\n}\r\n@media screen and (min-width: 993px) and (max-width: 1200px) {\r\n.yxloa69ec472fde9ff {\r\ndisplay: none;\r\n}\r\n}\r\n@media screen and (min-width: 769px) and (max-width: 992px) {\r\n.yxloa69ec472fde9ff {\r\ndisplay: none;\r\n}\r\n}\r\n@media screen and (min-width: 768px) and (max-width: 768px) {\r\n.yxloa69ec472fde9ff {\r\ndisplay: block;\r\n}\r\n}\r\n@media screen and (max-width: 767px) {\r\n.yxloa69ec472fde9ff {\r\ndisplay: block;\r\n}\r\n}\r\n<\/style>\r\n<div class=\"iroqf69ec472fde9eb\" ><!--<a href=\"https:\/\/bit.ly\/3QdrqTZ\" target=\"_blank\">\n<img src=\"https:\/\/justicapotiguar.com.br\/wp-content\/uploads\/2023\/09\/desktop-geral.gif\"\/><a\/>--><\/div><style type=\"text\/css\">\r\n.iroqf69ec472fde9eb {\r\ntext-align: center;\nmargin-bottom: 1em;\r\n}\r\n@media screen and (min-width: 1201px) {\r\n.iroqf69ec472fde9eb {\r\ndisplay: block;\r\n}\r\n}\r\n@media screen and (min-width: 993px) and (max-width: 1200px) {\r\n.iroqf69ec472fde9eb {\r\ndisplay: block;\r\n}\r\n}\r\n@media screen and (min-width: 769px) and (max-width: 992px) {\r\n.iroqf69ec472fde9eb {\r\ndisplay: block;\r\n}\r\n}\r\n@media screen and (min-width: 768px) and (max-width: 768px) {\r\n.iroqf69ec472fde9eb {\r\ndisplay: none;\r\n}\r\n}\r\n@media screen and (max-width: 767px) {\r\n.iroqf69ec472fde9eb {\r\ndisplay: none;\r\n}\r\n}\r\n<\/style>\r\n\n\n\n\n<p>A manifesta\u00e7\u00e3o da Ordem refor\u00e7a o posicionamento cr\u00edtico da entidade em rela\u00e7\u00e3o ao crescimento de cursos jur\u00eddicos oferecidos de forma remota. Para a OAB, a forma\u00e7\u00e3o de advogados exige mais do que acesso a conte\u00fados te\u00f3ricos, envolvendo debate em sala, acompanhamento docente e viv\u00eancia pr\u00e1tica, elementos comprometidos no atual formato do ensino \u00e0 dist\u00e2ncia.<\/p>\n\n\n\n<p>Conforme o MEC, o objetivo \u00e9 garantir que os cursos de gradua\u00e7\u00e3o nessas \u00e1reas estrat\u00e9gicas sejam ofertados com qualidade e em conson\u00e2ncia com as exig\u00eancias de forma\u00e7\u00e3o pr\u00e1tica e presencial.<\/p>\n\n\n\n<p>No caso do Direito, a OAB h\u00e1 tempos atua contra a abertura desenfreada de cursos, inclusive presenciais, que n\u00e3o atendem aos crit\u00e9rios m\u00ednimos de qualidade. Agora, diante do crescimento de cursos EAD, a entidade v\u00ea a decis\u00e3o como um sinal positivo.<\/p>\n","protected":false},"excerpt":{"rendered":"<p>A medida anunciada pelo governo federal nesta segunda-feira (19\/5) foi bem recebida pela entidade, que h\u00e1 anos questiona a expans\u00e3o do modelo EAD no ensino jur\u00eddico.<br \/><a class=\"more-link\" href=\"https:\/\/justicapotiguar.com.br\/index.php\/2025\/05\/19\/oab-se-manifesta-apos-governo-proibir-cursos-de-direito-por-ead\/\">Mais&#8230;<\/a><\/p>\n","protected":false},"author":8,"featured_media":0,"comment_status":"open","ping_status":"open","sticky":false,"template":"","format":"standard","meta":[],"categories":[3],"tags":[],"_links":{"self":[{"href":"https:\/\/justicapotiguar.com.br\/index.php\/wp-json\/wp\/v2\/posts\/42388"}],"collection":[{"href":"https:\/\/justicapotiguar.com.br\/index.php\/wp-json\/wp\/v2\/posts"}],"about":[{"href":"https:\/\/justicapotiguar.com.br\/index.php\/wp-json\/wp\/v2\/types\/post"}],"author":[{"embeddable":true,"href":"https:\/\/justicapotiguar.com.br\/index.php\/wp-json\/wp\/v2\/users\/8"}],"replies":[{"embeddable":true,"href":"https:\/\/justicapotiguar.com.br\/index.php\/wp-json\/wp\/v2\/comments?post=42388"}],"version-history":[{"count":3,"href":"https:\/\/justicapotiguar.com.br\/index.php\/wp-json\/wp\/v2\/posts\/42388\/revisions"}],"predecessor-version":[{"id":42393,"href":"https:\/\/justicapotiguar.com.br\/index.php\/wp-json\/wp\/v2\/posts\/42388\/revisions\/42393"}],"wp:attachment":[{"href":"https:\/\/justicapotiguar.com.br\/index.php\/wp-json\/wp\/v2\/media?parent=42388"}],"wp:term":[{"taxonomy":"category","embeddable":true,"href":"https:\/\/justicapotiguar.com.br\/index.php\/wp-json\/wp\/v2\/categories?post=42388"},{"taxonomy":"post_tag","embeddable":true,"href":"https:\/\/justicapotiguar.com.br\/index.php\/wp-json\/wp\/v2\/tags?post=42388"}],"curies":[{"name":"wp","href":"https:\/\/api.w.org\/{rel}","templated":true}]}}