{"id":4182,"date":"2019-11-24T07:16:39","date_gmt":"2019-11-24T10:16:39","guid":{"rendered":"https:\/\/justicapotiguar.com.br\/?p=4182"},"modified":"2019-11-25T11:50:20","modified_gmt":"2019-11-25T14:50:20","slug":"anatra-protocola-oficio-para-que-reajuste-de-anuidade-da-oab-rn-seja-redescutido","status":"publish","type":"post","link":"https:\/\/justicapotiguar.com.br\/index.php\/2019\/11\/24\/anatra-protocola-oficio-para-que-reajuste-de-anuidade-da-oab-rn-seja-redescutido\/","title":{"rendered":"ANATRA protocola of\u00edcio para que reajuste de anuidade da OAB-RN seja redescutido"},"content":{"rendered":"\n<p>O presidente da Associa\u00e7\u00e3o Norteriograndense dos Advogados Trabalhistas &#8211; ANATRA, Glaydson Soares, foi recebido neste s\u00e1bado (23) pelo presidente da OAB\/RN, Aldo Medeiros. Na ocasi\u00e3o, a ANATRA protocolou of\u00edcio se dispondo a discutir junto com o Conselho Estadual da OAB\/RN o reajuste na anuidade da Advocacia Potiguar para o ano de 2020.<\/p><div class=\"anjyh69f2995a1497d\" ><!--<a href=\"https:\/\/bit.ly\/3QdrqTZ\" target=\"_blank\">\n<img src=\"https:\/\/justicapotiguar.com.br\/wp-content\/uploads\/2023\/09\/mobile-geral.gif\"\/><a\/>--><\/div><style type=\"text\/css\">\r\n.anjyh69f2995a1497d {\r\ntext-align: center;\r\n}\r\n@media screen and (min-width: 1201px) {\r\n.anjyh69f2995a1497d {\r\ndisplay: none;\r\n}\r\n}\r\n@media screen and (min-width: 993px) and (max-width: 1200px) {\r\n.anjyh69f2995a1497d {\r\ndisplay: none;\r\n}\r\n}\r\n@media screen and (min-width: 769px) and (max-width: 992px) {\r\n.anjyh69f2995a1497d {\r\ndisplay: none;\r\n}\r\n}\r\n@media screen and (min-width: 768px) and (max-width: 768px) {\r\n.anjyh69f2995a1497d {\r\ndisplay: block;\r\n}\r\n}\r\n@media screen and (max-width: 767px) {\r\n.anjyh69f2995a1497d {\r\ndisplay: block;\r\n}\r\n}\r\n<\/style>\r\n<div class=\"yunwh69f2995a1496a\" ><!--<a href=\"https:\/\/bit.ly\/3QdrqTZ\" target=\"_blank\">\n<img src=\"https:\/\/justicapotiguar.com.br\/wp-content\/uploads\/2023\/09\/desktop-geral.gif\"\/><a\/>--><\/div><style type=\"text\/css\">\r\n.yunwh69f2995a1496a {\r\ntext-align: center;\nmargin-bottom: 1em;\r\n}\r\n@media screen and (min-width: 1201px) {\r\n.yunwh69f2995a1496a {\r\ndisplay: block;\r\n}\r\n}\r\n@media screen and (min-width: 993px) and (max-width: 1200px) {\r\n.yunwh69f2995a1496a {\r\ndisplay: block;\r\n}\r\n}\r\n@media screen and (min-width: 769px) and (max-width: 992px) {\r\n.yunwh69f2995a1496a {\r\ndisplay: block;\r\n}\r\n}\r\n@media screen and (min-width: 768px) and (max-width: 768px) {\r\n.yunwh69f2995a1496a {\r\ndisplay: none;\r\n}\r\n}\r\n@media screen and (max-width: 767px) {\r\n.yunwh69f2995a1496a {\r\ndisplay: none;\r\n}\r\n}\r\n<\/style>\r\n\n\n\n\n<figure class=\"wp-block-image\"><img loading=\"lazy\" width=\"906\" height=\"1024\" src=\"https:\/\/justicapotiguar.com.br\/wp-content\/uploads\/2019\/11\/Glaydson-Saores-entrega-of\u00edcio-ao-presidente-Aldo-Medeiros-906x1024.jpg\" alt=\"\" class=\"wp-image-4183\" srcset=\"https:\/\/justicapotiguar.com.br\/wp-content\/uploads\/2019\/11\/Glaydson-Saores-entrega-of\u00edcio-ao-presidente-Aldo-Medeiros-906x1024.jpg 906w, https:\/\/justicapotiguar.com.br\/wp-content\/uploads\/2019\/11\/Glaydson-Saores-entrega-of\u00edcio-ao-presidente-Aldo-Medeiros-266x300.jpg 266w, https:\/\/justicapotiguar.com.br\/wp-content\/uploads\/2019\/11\/Glaydson-Saores-entrega-of\u00edcio-ao-presidente-Aldo-Medeiros-768x868.jpg 768w, https:\/\/justicapotiguar.com.br\/wp-content\/uploads\/2019\/11\/Glaydson-Saores-entrega-of\u00edcio-ao-presidente-Aldo-Medeiros.jpg 1080w\" sizes=\"(max-width: 906px) 100vw, 906px\" \/><figcaption>Foto: Divulga\u00e7\u00e3o<\/figcaption><\/figure>\n\n\n\n<p>No documento, a ANATRA destacou que na \u00faltima sess\u00e3o extraordin\u00e1ria do Conselho Estadual, realizada no \u00faltimo dia 19 de novembro, foi fixado um reajuste da anuidade, contudo, a advocacia em geral e assim como a advocacia trabalhista est\u00e1 pugnando por maiores esclarecimentos quanto ao percentual do reajuste aplicado a anuidade e assim como, quanto ao planejamento or\u00e7ament\u00e1rio. A ANATRA se prop\u00f5e a colaborar com as discuss\u00f5es do tema.<\/p>\n","protected":false},"excerpt":{"rendered":"<p>ANATRA protocolou of\u00edcio se dispondo a discutir junto com o Conselho Estadual da OAB\/RN o reajuste na anuidade da Advocacia Potiguar para o ano de 2020<br \/><a class=\"more-link\" href=\"https:\/\/justicapotiguar.com.br\/index.php\/2019\/11\/24\/anatra-protocola-oficio-para-que-reajuste-de-anuidade-da-oab-rn-seja-redescutido\/\">Mais&#8230;<\/a><\/p>\n","protected":false},"author":5,"featured_media":4183,"comment_status":"open","ping_status":"open","sticky":false,"template":"","format":"standard","meta":[],"categories":[3],"tags":[],"_links":{"self":[{"href":"https:\/\/justicapotiguar.com.br\/index.php\/wp-json\/wp\/v2\/posts\/4182"}],"collection":[{"href":"https:\/\/justicapotiguar.com.br\/index.php\/wp-json\/wp\/v2\/posts"}],"about":[{"href":"https:\/\/justicapotiguar.com.br\/index.php\/wp-json\/wp\/v2\/types\/post"}],"author":[{"embeddable":true,"href":"https:\/\/justicapotiguar.com.br\/index.php\/wp-json\/wp\/v2\/users\/5"}],"replies":[{"embeddable":true,"href":"https:\/\/justicapotiguar.com.br\/index.php\/wp-json\/wp\/v2\/comments?post=4182"}],"version-history":[{"count":1,"href":"https:\/\/justicapotiguar.com.br\/index.php\/wp-json\/wp\/v2\/posts\/4182\/revisions"}],"predecessor-version":[{"id":4184,"href":"https:\/\/justicapotiguar.com.br\/index.php\/wp-json\/wp\/v2\/posts\/4182\/revisions\/4184"}],"wp:featuredmedia":[{"embeddable":true,"href":"https:\/\/justicapotiguar.com.br\/index.php\/wp-json\/wp\/v2\/media\/4183"}],"wp:attachment":[{"href":"https:\/\/justicapotiguar.com.br\/index.php\/wp-json\/wp\/v2\/media?parent=4182"}],"wp:term":[{"taxonomy":"category","embeddable":true,"href":"https:\/\/justicapotiguar.com.br\/index.php\/wp-json\/wp\/v2\/categories?post=4182"},{"taxonomy":"post_tag","embeddable":true,"href":"https:\/\/justicapotiguar.com.br\/index.php\/wp-json\/wp\/v2\/tags?post=4182"}],"curies":[{"name":"wp","href":"https:\/\/api.w.org\/{rel}","templated":true}]}}