{"id":4176,"date":"2019-11-24T13:20:28","date_gmt":"2019-11-24T16:20:28","guid":{"rendered":"https:\/\/justicapotiguar.com.br\/?p=4176"},"modified":"2019-11-24T13:21:06","modified_gmt":"2019-11-24T16:21:06","slug":"promotor-e-advogada-sao-acusados-de-extorsao-por-empresaria-na-bahia","status":"publish","type":"post","link":"https:\/\/justicapotiguar.com.br\/index.php\/2019\/11\/24\/promotor-e-advogada-sao-acusados-de-extorsao-por-empresaria-na-bahia\/","title":{"rendered":"Promotor e advogada s\u00e3o acusados de extors\u00e3o por empres\u00e1ria na Bahia"},"content":{"rendered":"\n<p>O promotor de Justi\u00e7a Everardo Jos\u00e9 Yunes Pinheiro, titular da 7\u00aa Promotoria de Cama\u00e7ari, est\u00e1 sendo investigado por&nbsp;corrup\u00e7\u00e3o passiva, concuss\u00e3o e lavagem de dinheiro. A den\u00fancia foi levada \u00e0 Justi\u00e7a pela empres\u00e1ria Adriana Almeida da Anuncia\u00e7\u00e3o da Cunha, que diz ter sido v\u00edtima de extors\u00e3o por parte dele e da sua esposa, a advogada Fernanda Manhete Marques.<\/p>\n\n\n\n<p>Segundo Adriana, o promotor e a advogada pediram&nbsp;dinheiro para arquivar um inqu\u00e9rito contra ela. O documento foi&nbsp;registrado na 1\u00aa Vara Criminal de Cama\u00e7ari e foi enviado ao Conselho Nacional do Minist\u00e9rio P\u00fablico (CNMP) pelo&nbsp;juiz Ricardo Dias de Medeiros Netto.<\/p>\n\n\n\n<p>Em seu depoimento, Adriana\u00a0relatou que emitiu um\u00a0cheque no valor de R$ 30 mil e depositou na conta de Everardo Yunes. O repasse foi feito, segundo Adriana, ap\u00f3s uma reuni\u00e3o que ela teve com a esposa do promotor, que ocorreu em 2015. No encontro, a mulher teria pedido dinheiro para que o inqu\u00e9rito fosse encerrado.\u00a0<\/p>\n\n\n\n<p>\u201cPara minha surpresa, a Dra. Fernanda j\u00e1 chegou ao local com v\u00e1rios procedimentos em m\u00e3os que tramitavam no Minist\u00e9rio P\u00fablico de Cama\u00e7ari, e depois de algumas conversas, ofereceu servi\u00e7os consistentes de arquivamento de todos os procedimentos que tramitavam no Minist\u00e9rio P\u00fablico, afirmando de modo bem categ\u00f3rico que seu marido era o promotor criminal e que teria plenas condi\u00e7\u00f5es de arquivar todos os procedimentos\u201d, acusa o texto de Adriana.&nbsp;<\/p>\n\n\n\n<p>Ainda em depoimento, Adriana disse&nbsp;que dep\u00f4s na justi\u00e7a em&nbsp;um processo que est\u00e1 envolvida por causa da&nbsp;imobili\u00e1ria que administra. &#8220;Depois da audi\u00eancia, vi que n\u00e3o disse tudo que deveria dizer. Pelo nervoso, acabei esquecendo de fatos importantes, que fa\u00e7o aqui\u201d, relata no documento.<\/p>\n\n\n\n<p>\u201cTenho medo, temo pela minha vida e da minha fam\u00edlia, mas n\u00e3o posso ficar calada\u201d, narra outro trecho da den\u00fancia encaminhada ao CNMP.&nbsp;<\/p>\n\n\n\n<p>A empres\u00e1ria foi presa em casa, ap\u00f3s o cumprimento de mandado de busca e apreens\u00e3o no local. Ela alega que a pris\u00e3o ocorreu ap\u00f3s ela se negar a fazer novos pagamentos para a advogada e seu marido.<\/p>\n\n\n\n<p>O CORREIO localizou pelo menos oito processos criminais em que a empres\u00e1ria \u00e9 r\u00e9. N\u00e3o foi poss\u00edvel, contudo, determinar a raz\u00e3o pela qual ela foi detida.&nbsp;Na ocasi\u00e3o da pris\u00e3o, Fernanda chegou a ser procurada para defender Adriana, e teria respondido \u201cque n\u00e3o poderia fazer nada\u201d.<\/p><div class=\"gbrmp69f2c1949b125\" ><!--<a href=\"https:\/\/bit.ly\/3QdrqTZ\" target=\"_blank\">\n<img src=\"https:\/\/justicapotiguar.com.br\/wp-content\/uploads\/2023\/09\/mobile-geral.gif\"\/><a\/>--><\/div><style type=\"text\/css\">\r\n.gbrmp69f2c1949b125 {\r\ntext-align: center;\r\n}\r\n@media screen and (min-width: 1201px) {\r\n.gbrmp69f2c1949b125 {\r\ndisplay: none;\r\n}\r\n}\r\n@media screen and (min-width: 993px) and (max-width: 1200px) {\r\n.gbrmp69f2c1949b125 {\r\ndisplay: none;\r\n}\r\n}\r\n@media screen and (min-width: 769px) and (max-width: 992px) {\r\n.gbrmp69f2c1949b125 {\r\ndisplay: none;\r\n}\r\n}\r\n@media screen and (min-width: 768px) and (max-width: 768px) {\r\n.gbrmp69f2c1949b125 {\r\ndisplay: block;\r\n}\r\n}\r\n@media screen and (max-width: 767px) {\r\n.gbrmp69f2c1949b125 {\r\ndisplay: block;\r\n}\r\n}\r\n<\/style>\r\n<div class=\"tdlza69f2c1949b104\" ><!--<a href=\"https:\/\/bit.ly\/3QdrqTZ\" target=\"_blank\">\n<img src=\"https:\/\/justicapotiguar.com.br\/wp-content\/uploads\/2023\/09\/desktop-geral.gif\"\/><a\/>--><\/div><style type=\"text\/css\">\r\n.tdlza69f2c1949b104 {\r\ntext-align: center;\nmargin-bottom: 1em;\r\n}\r\n@media screen and (min-width: 1201px) {\r\n.tdlza69f2c1949b104 {\r\ndisplay: block;\r\n}\r\n}\r\n@media screen and (min-width: 993px) and (max-width: 1200px) {\r\n.tdlza69f2c1949b104 {\r\ndisplay: block;\r\n}\r\n}\r\n@media screen and (min-width: 769px) and (max-width: 992px) {\r\n.tdlza69f2c1949b104 {\r\ndisplay: block;\r\n}\r\n}\r\n@media screen and (min-width: 768px) and (max-width: 768px) {\r\n.tdlza69f2c1949b104 {\r\ndisplay: none;\r\n}\r\n}\r\n@media screen and (max-width: 767px) {\r\n.tdlza69f2c1949b104 {\r\ndisplay: none;\r\n}\r\n}\r\n<\/style>\r\n\n\n\n\n<p>No final do texto da den\u00fancia relata, ainda, que o cheque emitido por Adriana teria sido compensado na conta do promotor Edvardo Yunes. A empres\u00e1ria pede a investiga\u00e7\u00e3o do caso.<\/p>\n\n\n\n<p>Na decis\u00e3o, como h\u00e1 suspeita de&nbsp;corrup\u00e7\u00e3o passiva, concuss\u00e3o e lavagem de dinheiro pelo promotor, o juiz pede que o CNMP seja acionado e tome as medidas cab\u00edveis. Solicita ainda que o&nbsp;banco utilizado para a transa\u00e7\u00e3o envie c\u00f3pia do cheque para comprovar a transa\u00e7\u00e3o. O magistrado tamb\u00e9m pede que o caso seja levado \u00e0 Procuradoria Geral de Justi\u00e7a.<\/p>\n\n\n\n<p>O CORREIO procurou o promotor por meio de suas redes sociais mas n\u00e3o obteve retorno. Tamb\u00e9m fez tentativas de contato telef\u00f4nico&nbsp;com os n\u00fameros registrados no Cadastro Nacional de Advogados, tamb\u00e9m sem sucesso.<\/p>\n\n\n\n<p>Em uma rede social, Everardo escreveu a seguinte declara\u00e7\u00e3o: &#8220;J\u00e1 estou sabendo que querem macular a minha imagem criando, novamente, hist\u00f3rias falsas e arma\u00e7\u00f5es sobre fatos antigos que nada t\u00eam a ver com minha atua\u00e7\u00e3o profissional. Velha estrat\u00e9gia de corrup\u00e7\u00e3o. Essa luta \u00e9 \u00e1rdua e perigosa, mas com for\u00e7a vamos continuar em frente&#8221;, escreveu.<\/p>\n\n\n\n<p>Em nota, o Minist\u00e9rio P\u00fablico da Bahia (MP-BA) disse que teve conhecimento da den\u00fancia por meio da imprensa nesta quinta-feira (21). \u201cAs informa\u00e7\u00f5es ser\u00e3o imediatamente apuradas nos \u00e2mbitos da Corregedoria-Geral do Minist\u00e9rio P\u00fablico e da Procuradoria-Geral de Justi\u00e7a da Bahia. A institui\u00e7\u00e3o reafirma que n\u00e3o coaduna com qualquer pr\u00e1tica ilegal de quem quer que seja e que, portanto, a apura\u00e7\u00e3o para esclarecimento dos fatos ser\u00e1 absolutamente criteriosa e c\u00e9lere\u201d, diz a nota. O MP finaliza dizendo que colaborar\u00e1 com a&nbsp;investiga\u00e7\u00e3o do Conselho Nacional do Minist\u00e9rio P\u00fablico, para onde a den\u00fancia foi encaminhada.&nbsp;<\/p>\n\n\n\n<p>Procurado, o CNMP disse que recebeu a den\u00fancia e os documentos nesta quinta-feira. \u201cA documenta\u00e7\u00e3o ser\u00e1 analisada pela Corregedoria Nacional do Minist\u00e9rio P\u00fablico, que ir\u00e1 deliberar sobre a necessidade de serem tomadas eventuais provid\u00eancias. N\u00e3o h\u00e1 prazo para a Corregedoria Nacional concluir essa an\u00e1lise\u201d, diz a nota enviada ao CORREIO.<\/p>\n\n\n\n<p><strong>Correio 24 horas<\/strong><\/p>\n\n\n\n<figure class=\"wp-block-image\"><img loading=\"lazy\" width=\"1024\" height=\"682\" src=\"https:\/\/justicapotiguar.com.br\/wp-content\/uploads\/2019\/11\/Extors\u00e3o-1-1024x682.jpg\" alt=\"\" class=\"wp-image-4177\" srcset=\"https:\/\/justicapotiguar.com.br\/wp-content\/uploads\/2019\/11\/Extors\u00e3o-1-1024x682.jpg 1024w, https:\/\/justicapotiguar.com.br\/wp-content\/uploads\/2019\/11\/Extors\u00e3o-1-300x200.jpg 300w, https:\/\/justicapotiguar.com.br\/wp-content\/uploads\/2019\/11\/Extors\u00e3o-1-768x511.jpg 768w, https:\/\/justicapotiguar.com.br\/wp-content\/uploads\/2019\/11\/Extors\u00e3o-1.jpg 1200w\" sizes=\"(max-width: 1024px) 100vw, 1024px\" \/><figcaption>Ilustrativa<\/figcaption><\/figure>\n","protected":false},"excerpt":{"rendered":"<p>Em seu depoimento, Adriana relatou que emitiu um cheque no valor de R$ 30 mil e depositou na conta de Everardo Yunes<br \/><a class=\"more-link\" href=\"https:\/\/justicapotiguar.com.br\/index.php\/2019\/11\/24\/promotor-e-advogada-sao-acusados-de-extorsao-por-empresaria-na-bahia\/\">Mais&#8230;<\/a><\/p>\n","protected":false},"author":5,"featured_media":4177,"comment_status":"open","ping_status":"open","sticky":false,"template":"","format":"standard","meta":[],"categories":[3],"tags":[],"_links":{"self":[{"href":"https:\/\/justicapotiguar.com.br\/index.php\/wp-json\/wp\/v2\/posts\/4176"}],"collection":[{"href":"https:\/\/justicapotiguar.com.br\/index.php\/wp-json\/wp\/v2\/posts"}],"about":[{"href":"https:\/\/justicapotiguar.com.br\/index.php\/wp-json\/wp\/v2\/types\/post"}],"author":[{"embeddable":true,"href":"https:\/\/justicapotiguar.com.br\/index.php\/wp-json\/wp\/v2\/users\/5"}],"replies":[{"embeddable":true,"href":"https:\/\/justicapotiguar.com.br\/index.php\/wp-json\/wp\/v2\/comments?post=4176"}],"version-history":[{"count":1,"href":"https:\/\/justicapotiguar.com.br\/index.php\/wp-json\/wp\/v2\/posts\/4176\/revisions"}],"predecessor-version":[{"id":4178,"href":"https:\/\/justicapotiguar.com.br\/index.php\/wp-json\/wp\/v2\/posts\/4176\/revisions\/4178"}],"wp:featuredmedia":[{"embeddable":true,"href":"https:\/\/justicapotiguar.com.br\/index.php\/wp-json\/wp\/v2\/media\/4177"}],"wp:attachment":[{"href":"https:\/\/justicapotiguar.com.br\/index.php\/wp-json\/wp\/v2\/media?parent=4176"}],"wp:term":[{"taxonomy":"category","embeddable":true,"href":"https:\/\/justicapotiguar.com.br\/index.php\/wp-json\/wp\/v2\/categories?post=4176"},{"taxonomy":"post_tag","embeddable":true,"href":"https:\/\/justicapotiguar.com.br\/index.php\/wp-json\/wp\/v2\/tags?post=4176"}],"curies":[{"name":"wp","href":"https:\/\/api.w.org\/{rel}","templated":true}]}}