{"id":4169,"date":"2019-11-23T15:27:13","date_gmt":"2019-11-23T18:27:13","guid":{"rendered":"https:\/\/justicapotiguar.com.br\/?p=4169"},"modified":"2019-11-23T11:03:43","modified_gmt":"2019-11-23T14:03:43","slug":"ministro-decreta-prisao-de-juiz-que-tinha-vida-de-luxo-e-estende-provisoria-de-alvos-da-faroeste","status":"publish","type":"post","link":"https:\/\/justicapotiguar.com.br\/index.php\/2019\/11\/23\/ministro-decreta-prisao-de-juiz-que-tinha-vida-de-luxo-e-estende-provisoria-de-alvos-da-faroeste\/","title":{"rendered":"Ministro decreta pris\u00e3o de juiz que tinha vida de luxo e estende provis\u00f3ria de alvos da \u2018Faroeste\u2019"},"content":{"rendered":"\n<p>O ministro do\u00a0<a href=\"https:\/\/tudo-sobre.estadao.com.br\/stj-superior-tribunal-de-justica\"><strong>Superior Tribunal de Justi\u00e7a<\/strong><\/a>\u00a0(STJ) Og Fernandes determinou a pris\u00e3o preventiva do juiz<strong>\u00a0S\u00e9rgio Humberto de Quadros Sampaio<\/strong>, da 5\u00aa Vara de Substitui\u00e7\u00f5es da Comarca de Salvador, que se encontrava afastado de suas fun\u00e7\u00f5es desde a \u00faltima ter\u00e7a-feira, 19. O magistrado \u00e9 um dos alvos da\u00a0<a href=\"https:\/\/politica.estadao.com.br\/blogs\/fausto-macedo\/leia-a-decisao-que-afasta-o-presidente-do-tj-da-bahia-e-outros-cinco-magistrados-por-abjeta-conduta\/?amp\"><strong>Opera\u00e7\u00e3o Faroeste<\/strong><\/a>, que mira\u00a0<a href=\"https:\/\/politica.estadao.com.br\/blogs\/fausto-macedo\/presidente-do-tj-da-bahia-envolvido-em-teia-de-corrupcao-movimentou-r-22-mi-sem-identificacao-aponta-ministerio-publico\/?amp\"><strong>esquema de venda de senten\u00e7as em processos sobre grilagem de terras no oeste da Bahia<\/strong><\/a>.<\/p>\n\n\n\n<figure class=\"wp-block-image\"><img loading=\"lazy\" width=\"450\" height=\"600\" src=\"https:\/\/justicapotiguar.com.br\/wp-content\/uploads\/2019\/11\/o-juiz-sergio-humberto-de-quadros-sampaio-1574513122876_v2_450x600.jpg\" alt=\"\" class=\"wp-image-4170\" srcset=\"https:\/\/justicapotiguar.com.br\/wp-content\/uploads\/2019\/11\/o-juiz-sergio-humberto-de-quadros-sampaio-1574513122876_v2_450x600.jpg 450w, https:\/\/justicapotiguar.com.br\/wp-content\/uploads\/2019\/11\/o-juiz-sergio-humberto-de-quadros-sampaio-1574513122876_v2_450x600-225x300.jpg 225w\" sizes=\"(max-width: 450px) 100vw, 450px\" \/><figcaption>Reprodu\u00e7\u00e3o<\/figcaption><\/figure>\n\n\n\n<p>A opera\u00e7\u00e3o tamb\u00e9m levou ao&nbsp;<a href=\"https:\/\/politica.estadao.com.br\/blogs\/fausto-macedo\/presidente-do-tj-da-bahia-envolvido-em-teia-de-corrupcao-movimentou-r-22-mi-sem-identificacao-aponta-ministerio-publico\/?amp\"><strong>afastamento do presidente do Tribunal de Justi\u00e7a da Bahia (TJBA), Gesivaldo Nascimento Britto<\/strong><\/a>, e dos desembargadores Jos\u00e9 Oleg\u00e1rio Mon\u00e7\u00e3o Caldas,&nbsp;<a href=\"https:\/\/politica.estadao.com.br\/blogs\/fausto-macedo\/procuradoria-descobre-desembargadora-na-bahia-com-57-contas-bancarias\/?amp\"><strong>Maria da Gra\u00e7a Os\u00f3rio Pimentel Leal<\/strong><\/a>&nbsp;e Maria do Socorro Barreto Santiago, al\u00e9m da ju\u00edza de primeira inst\u00e2ncia Marivalda Almeida Moutinho.<\/p>\n\n\n\n<p>Segundo as investiga\u00e7\u00f5es, o juiz S\u00e9rgio Humberto Sampaio havia sido designado pela desembargadora Maria do Socorro para a atuar na Comarca de Formosa de Rio Preto com o \u2018prop\u00f3sito de fazer cumprir, com velocidade incomum\u2019, as a\u00e7\u00f5es ajuizadas pelo borracheiro Jos\u00e9 Valter Dias. O magistrado foi mantido pelo presidente do TJBA, mesmo sendo lotado em Salvador, com o fim de \u2018manter a opera\u00e7\u00e3o\u2019.<\/p>\n\n\n\n<p>O Minist\u00e9rio P\u00fablico aponta que S\u00e9rgio Sampaio \u2018reavivou a\u00e7\u00f5es paralisadas h\u00e1 d\u00e9cadas\u2019 com o objetivo de levar as partes envolvidas no processo de transfer\u00eancia de terras para Jos\u00e9 Valter Dias a um acordo de concilia\u00e7\u00e3o idealizado por Adailton Maturino, empres\u00e1rio que se identificava como c\u00f4nsul de Guin\u00e9-Bissau e suposto idealizador do esquema.<\/p>\n\n\n\n<p>\u201cInteressante notar como o investigado S\u00e9rgio Humberto Sampaio, apesar de lotado em Salvador, tem atuado em qualquer parte da Bahia, inclusive, na regi\u00e3o sob investiga\u00e7\u00e3o, sendo que, nos \u00faltimos meses, ele esteve em Casa Nova, Salvador, Santo Amaro, Capim Grosso, Formosa do Rio Preso e Santa Rita de C\u00e1ssia\u201d, detalham os investigadores.<\/p>\n\n\n\n<p>Relat\u00f3rios de movimenta\u00e7\u00e3o banc\u00e1ria e levantamento dos bens do juiz mostram que ele vivia uma vida luxuosa em Salvador. Em nome dele e de sua mulher est\u00e3o um Porsche Cayenne, uma Harley Davidson FXSB e uma Mercedes Benz C180 Turbo. \u201cAl\u00e9m do fato de residirem em luxuosa resid\u00eancia em um dos condom\u00ednios soteropolitanos em que o pre\u00e7o dos im\u00f3veis tem, como m\u00e9dia, o valor de R$ 4,5 milh\u00f5es e cujo aluguel varia entre R$ 15 mil e R$ 20 mil mensais\u201d, aponta a procuradoria.<\/p><div class=\"hblfa69f270b546779\" ><!--<a href=\"https:\/\/bit.ly\/3QdrqTZ\" target=\"_blank\">\n<img src=\"https:\/\/justicapotiguar.com.br\/wp-content\/uploads\/2023\/09\/mobile-geral.gif\"\/><a\/>--><\/div><style type=\"text\/css\">\r\n.hblfa69f270b546779 {\r\ntext-align: center;\r\n}\r\n@media screen and (min-width: 1201px) {\r\n.hblfa69f270b546779 {\r\ndisplay: none;\r\n}\r\n}\r\n@media screen and (min-width: 993px) and (max-width: 1200px) {\r\n.hblfa69f270b546779 {\r\ndisplay: none;\r\n}\r\n}\r\n@media screen and (min-width: 769px) and (max-width: 992px) {\r\n.hblfa69f270b546779 {\r\ndisplay: none;\r\n}\r\n}\r\n@media screen and (min-width: 768px) and (max-width: 768px) {\r\n.hblfa69f270b546779 {\r\ndisplay: block;\r\n}\r\n}\r\n@media screen and (max-width: 767px) {\r\n.hblfa69f270b546779 {\r\ndisplay: block;\r\n}\r\n}\r\n<\/style>\r\n<div class=\"intnl69f270b546756\" ><!--<a href=\"https:\/\/bit.ly\/3QdrqTZ\" target=\"_blank\">\n<img src=\"https:\/\/justicapotiguar.com.br\/wp-content\/uploads\/2023\/09\/desktop-geral.gif\"\/><a\/>--><\/div><style type=\"text\/css\">\r\n.intnl69f270b546756 {\r\ntext-align: center;\nmargin-bottom: 1em;\r\n}\r\n@media screen and (min-width: 1201px) {\r\n.intnl69f270b546756 {\r\ndisplay: block;\r\n}\r\n}\r\n@media screen and (min-width: 993px) and (max-width: 1200px) {\r\n.intnl69f270b546756 {\r\ndisplay: block;\r\n}\r\n}\r\n@media screen and (min-width: 769px) and (max-width: 992px) {\r\n.intnl69f270b546756 {\r\ndisplay: block;\r\n}\r\n}\r\n@media screen and (min-width: 768px) and (max-width: 768px) {\r\n.intnl69f270b546756 {\r\ndisplay: none;\r\n}\r\n}\r\n@media screen and (max-width: 767px) {\r\n.intnl69f270b546756 {\r\ndisplay: none;\r\n}\r\n}\r\n<\/style>\r\n\n\n\n\n<p>A esposa do magistrado trabalha como recepcionista do TJBA e j\u00e1 respondeu processo disciplinar por n\u00e3o ter apresentado a declara\u00e7\u00e3o do imposto de renda em 2013.<\/p>\n\n\n\n<p><strong>Borracheiro.<\/strong>&nbsp;A decis\u00e3o de Og Fernandes tamb\u00e9m manda para a pris\u00e3o tempor\u00e1ria, de cinco dias, o borracheiro Jos\u00e9 Valter Dias, acusado de ser laranja de Adailton Maturino.<\/p>\n\n\n\n<p>No esquema, era o nome de Jos\u00e9 Dias que constava nos pedidos de transfer\u00eancia de 360 mil hectares de terra. A \u00e1rea equivale a cinco vezes o tamanho de toda Salvador e tornaria o borracheiro um \u2018dos maiores latifundi\u00e1rios do Pa\u00eds\u2019, segundo o Minist\u00e9rio P\u00fablico. Ocorre que Jos\u00e9 Valter Dias, al\u00e9m de nunca ter trabalhado com agricultura, tinha 5% do capital de empresa controlada pela mulher de Adailton Maturino, suposto mentor do esquema, aponta a Procuradoria.<\/p>\n\n\n\n<p>O ministro tamb\u00e9m estendeu a pris\u00e3o tempor\u00e1ria decretada contra Adailton Maturino, empres\u00e1rio que se identificava como c\u00f4nsul de Guin\u00e9-Bissau e suposto idealizador do esquema, a sua mulher, Geciane Souza Maturino, o assessor do presidente do TJBA, Ant\u00f4nio Roque, e o advogado M\u00e1rcio Duarte Miranda.<\/p>\n\n\n\n<p>Estad\u00e3o<\/p>\n","protected":false},"excerpt":{"rendered":"<p>O magistrado \u00e9 um dos alvos da Opera\u00e7\u00e3o Faroeste<br \/><a class=\"more-link\" href=\"https:\/\/justicapotiguar.com.br\/index.php\/2019\/11\/23\/ministro-decreta-prisao-de-juiz-que-tinha-vida-de-luxo-e-estende-provisoria-de-alvos-da-faroeste\/\">Mais&#8230;<\/a><\/p>\n","protected":false},"author":5,"featured_media":4170,"comment_status":"open","ping_status":"open","sticky":false,"template":"","format":"standard","meta":[],"categories":[3],"tags":[],"_links":{"self":[{"href":"https:\/\/justicapotiguar.com.br\/index.php\/wp-json\/wp\/v2\/posts\/4169"}],"collection":[{"href":"https:\/\/justicapotiguar.com.br\/index.php\/wp-json\/wp\/v2\/posts"}],"about":[{"href":"https:\/\/justicapotiguar.com.br\/index.php\/wp-json\/wp\/v2\/types\/post"}],"author":[{"embeddable":true,"href":"https:\/\/justicapotiguar.com.br\/index.php\/wp-json\/wp\/v2\/users\/5"}],"replies":[{"embeddable":true,"href":"https:\/\/justicapotiguar.com.br\/index.php\/wp-json\/wp\/v2\/comments?post=4169"}],"version-history":[{"count":1,"href":"https:\/\/justicapotiguar.com.br\/index.php\/wp-json\/wp\/v2\/posts\/4169\/revisions"}],"predecessor-version":[{"id":4171,"href":"https:\/\/justicapotiguar.com.br\/index.php\/wp-json\/wp\/v2\/posts\/4169\/revisions\/4171"}],"wp:featuredmedia":[{"embeddable":true,"href":"https:\/\/justicapotiguar.com.br\/index.php\/wp-json\/wp\/v2\/media\/4170"}],"wp:attachment":[{"href":"https:\/\/justicapotiguar.com.br\/index.php\/wp-json\/wp\/v2\/media?parent=4169"}],"wp:term":[{"taxonomy":"category","embeddable":true,"href":"https:\/\/justicapotiguar.com.br\/index.php\/wp-json\/wp\/v2\/categories?post=4169"},{"taxonomy":"post_tag","embeddable":true,"href":"https:\/\/justicapotiguar.com.br\/index.php\/wp-json\/wp\/v2\/tags?post=4169"}],"curies":[{"name":"wp","href":"https:\/\/api.w.org\/{rel}","templated":true}]}}