{"id":4167,"date":"2019-11-23T13:20:00","date_gmt":"2019-11-23T16:20:00","guid":{"rendered":"https:\/\/justicapotiguar.com.br\/?p=4167"},"modified":"2019-11-23T10:57:04","modified_gmt":"2019-11-23T13:57:04","slug":"de-novo-fux-derruba-decisao-que-suspendia-processo-contra-deltan-no-cnmp","status":"publish","type":"post","link":"https:\/\/justicapotiguar.com.br\/index.php\/2019\/11\/23\/de-novo-fux-derruba-decisao-que-suspendia-processo-contra-deltan-no-cnmp\/","title":{"rendered":"DE NOVO: Fux derruba decis\u00e3o que suspendia processo contra Deltan no CNMP"},"content":{"rendered":"\n<p>O ministro Luiz Fux, do Supremo Tribunal Federal, atendeu reclama\u00e7\u00e3o apresentada pela Uni\u00e3o e derrubou a determina\u00e7\u00e3o da 5\u00aa Vara Federal de Curitiba que suspendia o julgamento de um Processo Administrativo Disciplinar contra Deltan Dallagnol.&nbsp;<\/p>\n\n\n\n<p>Na decis\u00e3o liminar desta sexta-feira (21\/11), Fux ainda determinou que o Conselho Nacional do Minist\u00e9rio P\u00fablico se abstenha de cumprir qualquer decis\u00e3o que n\u00e3o tenha sido proferida por ele.<\/p>\n\n\n\n<p>O julgamento contra Deltan est\u00e1 na pauta da pr\u00f3xima ter\u00e7a-feira (26\/11) do conselho. Antes desta decis\u00e3o de Fux, a ju\u00edza\u00a0substituta Giovanna Mayer, da 5\u00aa Vara Federal de Curitiba, havia\u00a0<a rel=\"noreferrer noopener\" href=\"https:\/\/www.conjur.com.br\/2019-nov-21\/juiza-curitiba-suspende-julgamento-deltan-cnmp\" target=\"_blank\">determinado<\/a>\u00a0nesta quinta-feira (21\/11) a suspens\u00e3o do an\u00e1lise do caso.<\/p><div class=\"hkrto69f25ab7cf8e6\" ><!--<a href=\"https:\/\/bit.ly\/3QdrqTZ\" target=\"_blank\">\n<img src=\"https:\/\/justicapotiguar.com.br\/wp-content\/uploads\/2023\/09\/mobile-geral.gif\"\/><a\/>--><\/div><style type=\"text\/css\">\r\n.hkrto69f25ab7cf8e6 {\r\ntext-align: center;\r\n}\r\n@media screen and (min-width: 1201px) {\r\n.hkrto69f25ab7cf8e6 {\r\ndisplay: none;\r\n}\r\n}\r\n@media screen and (min-width: 993px) and (max-width: 1200px) {\r\n.hkrto69f25ab7cf8e6 {\r\ndisplay: none;\r\n}\r\n}\r\n@media screen and (min-width: 769px) and (max-width: 992px) {\r\n.hkrto69f25ab7cf8e6 {\r\ndisplay: none;\r\n}\r\n}\r\n@media screen and (min-width: 768px) and (max-width: 768px) {\r\n.hkrto69f25ab7cf8e6 {\r\ndisplay: block;\r\n}\r\n}\r\n@media screen and (max-width: 767px) {\r\n.hkrto69f25ab7cf8e6 {\r\ndisplay: block;\r\n}\r\n}\r\n<\/style>\r\n<div class=\"dfiea69f25ab7cf8c8\" ><!--<a href=\"https:\/\/bit.ly\/3QdrqTZ\" target=\"_blank\">\n<img src=\"https:\/\/justicapotiguar.com.br\/wp-content\/uploads\/2023\/09\/desktop-geral.gif\"\/><a\/>--><\/div><style type=\"text\/css\">\r\n.dfiea69f25ab7cf8c8 {\r\ntext-align: center;\nmargin-bottom: 1em;\r\n}\r\n@media screen and (min-width: 1201px) {\r\n.dfiea69f25ab7cf8c8 {\r\ndisplay: block;\r\n}\r\n}\r\n@media screen and (min-width: 993px) and (max-width: 1200px) {\r\n.dfiea69f25ab7cf8c8 {\r\ndisplay: block;\r\n}\r\n}\r\n@media screen and (min-width: 769px) and (max-width: 992px) {\r\n.dfiea69f25ab7cf8c8 {\r\ndisplay: block;\r\n}\r\n}\r\n@media screen and (min-width: 768px) and (max-width: 768px) {\r\n.dfiea69f25ab7cf8c8 {\r\ndisplay: none;\r\n}\r\n}\r\n@media screen and (max-width: 767px) {\r\n.dfiea69f25ab7cf8c8 {\r\ndisplay: none;\r\n}\r\n}\r\n<\/style>\r\n\n\n\n\n<p>O PAD contra Deltan foi aberto em abril de 2018 em resposta a um pedido do presidente do STF, Dias Toffoli. Na ocasi\u00e3o, o procurador concedeu uma entrevista em que disse que Supremo passa a mensagem de leni\u00eancia a favor da corrup\u00e7\u00e3o em algumas de suas decis\u00f5es.<\/p>\n\n\n\n<p><strong>Conjur<\/strong><\/p>\n\n\n\n<figure class=\"wp-block-image\"><img loading=\"lazy\" width=\"1024\" height=\"683\" src=\"https:\/\/justicapotiguar.com.br\/wp-content\/uploads\/2019\/08\/Luiz-Fux-1024x683.jpg\" alt=\"\" class=\"wp-image-129\" srcset=\"https:\/\/justicapotiguar.com.br\/wp-content\/uploads\/2019\/08\/Luiz-Fux-1024x683.jpg 1024w, https:\/\/justicapotiguar.com.br\/wp-content\/uploads\/2019\/08\/Luiz-Fux-300x200.jpg 300w, https:\/\/justicapotiguar.com.br\/wp-content\/uploads\/2019\/08\/Luiz-Fux-768x512.jpg 768w, https:\/\/justicapotiguar.com.br\/wp-content\/uploads\/2019\/08\/Luiz-Fux.jpg 1380w\" sizes=\"(max-width: 1024px) 100vw, 1024px\" \/><figcaption>Reprodu\u00e7\u00e3o<\/figcaption><\/figure>\n","protected":false},"excerpt":{"rendered":"<p>O julgamento contra Deltan est\u00e1 na pauta da pr\u00f3xima ter\u00e7a-feira (26\/11) do conselho<br \/><a class=\"more-link\" href=\"https:\/\/justicapotiguar.com.br\/index.php\/2019\/11\/23\/de-novo-fux-derruba-decisao-que-suspendia-processo-contra-deltan-no-cnmp\/\">Mais&#8230;<\/a><\/p>\n","protected":false},"author":5,"featured_media":646,"comment_status":"open","ping_status":"open","sticky":false,"template":"","format":"standard","meta":[],"categories":[3],"tags":[],"_links":{"self":[{"href":"https:\/\/justicapotiguar.com.br\/index.php\/wp-json\/wp\/v2\/posts\/4167"}],"collection":[{"href":"https:\/\/justicapotiguar.com.br\/index.php\/wp-json\/wp\/v2\/posts"}],"about":[{"href":"https:\/\/justicapotiguar.com.br\/index.php\/wp-json\/wp\/v2\/types\/post"}],"author":[{"embeddable":true,"href":"https:\/\/justicapotiguar.com.br\/index.php\/wp-json\/wp\/v2\/users\/5"}],"replies":[{"embeddable":true,"href":"https:\/\/justicapotiguar.com.br\/index.php\/wp-json\/wp\/v2\/comments?post=4167"}],"version-history":[{"count":1,"href":"https:\/\/justicapotiguar.com.br\/index.php\/wp-json\/wp\/v2\/posts\/4167\/revisions"}],"predecessor-version":[{"id":4168,"href":"https:\/\/justicapotiguar.com.br\/index.php\/wp-json\/wp\/v2\/posts\/4167\/revisions\/4168"}],"wp:featuredmedia":[{"embeddable":true,"href":"https:\/\/justicapotiguar.com.br\/index.php\/wp-json\/wp\/v2\/media\/646"}],"wp:attachment":[{"href":"https:\/\/justicapotiguar.com.br\/index.php\/wp-json\/wp\/v2\/media?parent=4167"}],"wp:term":[{"taxonomy":"category","embeddable":true,"href":"https:\/\/justicapotiguar.com.br\/index.php\/wp-json\/wp\/v2\/categories?post=4167"},{"taxonomy":"post_tag","embeddable":true,"href":"https:\/\/justicapotiguar.com.br\/index.php\/wp-json\/wp\/v2\/tags?post=4167"}],"curies":[{"name":"wp","href":"https:\/\/api.w.org\/{rel}","templated":true}]}}