{"id":4162,"date":"2019-11-23T07:08:27","date_gmt":"2019-11-23T10:08:27","guid":{"rendered":"https:\/\/justicapotiguar.com.br\/?p=4162"},"modified":"2019-11-24T08:22:36","modified_gmt":"2019-11-24T11:22:36","slug":"grupo-de-advogados-protocola-pedido-para-que-reajuste-da-anuidade-da-oab-rn-para-r-95000-nao-seja-efetivado","status":"publish","type":"post","link":"https:\/\/justicapotiguar.com.br\/index.php\/2019\/11\/23\/grupo-de-advogados-protocola-pedido-para-que-reajuste-da-anuidade-da-oab-rn-para-r-95000-nao-seja-efetivado\/","title":{"rendered":"Grupo de advogados protocola pedido para que reajuste da anuidade da OAB-RN, para R$ 950,00, n\u00e3o seja efetivado"},"content":{"rendered":"\n<figure class=\"wp-block-image\"><img loading=\"lazy\" width=\"635\" height=\"396\" src=\"https:\/\/justicapotiguar.com.br\/wp-content\/uploads\/2019\/11\/oab.jpg\" alt=\"\" class=\"wp-image-4163\" srcset=\"https:\/\/justicapotiguar.com.br\/wp-content\/uploads\/2019\/11\/oab.jpg 635w, https:\/\/justicapotiguar.com.br\/wp-content\/uploads\/2019\/11\/oab-300x187.jpg 300w\" sizes=\"(max-width: 635px) 100vw, 635px\" \/><figcaption>Foto: Reprodu\u00e7\u00e3o<\/figcaption><\/figure>\n\n\n\n<p>Um grupo de advogados protocolou nesta sexta-feira, 22,\nrequerimento junto ao presidente da seccional potiguar da Ordem dos Advogados\ndo Brasil (OAB-RN), Aldo Medeiros, para que n\u00e3o seja efetivado o reajuste da\nanuidade que foi aprovado na \u00faltima quarta-feira, elevando a taxa atual de R$\n870,00 para R$ 950,00.<\/p>\n\n\n\n<p>Entre os motivos apresentados pelos advogados est\u00e3o de que o\nreajuste n\u00e3o teria obedecido ao previsto\nna Lei 12.514\/2011, que regulamenta as anuidades das institui\u00e7\u00f5es que deve ser\nreajustado sua cobran\u00e7a com base no \u00edndice nacional de pre\u00e7os ao consumidor\n(INPC). &nbsp;\u201cInclusive, considerando uma\natualiza\u00e7\u00e3o da anuidade com aplica\u00e7\u00e3o da Lei 12.514\/2011, que em 2011 possu\u00eda\nanuidade de R$ 488,40, ter\u00edamos em 2019, uma anuidade no valor de R$ 763,19\u201d,\ndiz o pedido.<\/p><div class=\"hyxgr69f233ab9b438\" ><!--<a href=\"https:\/\/bit.ly\/3QdrqTZ\" target=\"_blank\">\n<img src=\"https:\/\/justicapotiguar.com.br\/wp-content\/uploads\/2023\/09\/mobile-geral.gif\"\/><a\/>--><\/div><style type=\"text\/css\">\r\n.hyxgr69f233ab9b438 {\r\ntext-align: center;\r\n}\r\n@media screen and (min-width: 1201px) {\r\n.hyxgr69f233ab9b438 {\r\ndisplay: none;\r\n}\r\n}\r\n@media screen and (min-width: 993px) and (max-width: 1200px) {\r\n.hyxgr69f233ab9b438 {\r\ndisplay: none;\r\n}\r\n}\r\n@media screen and (min-width: 769px) and (max-width: 992px) {\r\n.hyxgr69f233ab9b438 {\r\ndisplay: none;\r\n}\r\n}\r\n@media screen and (min-width: 768px) and (max-width: 768px) {\r\n.hyxgr69f233ab9b438 {\r\ndisplay: block;\r\n}\r\n}\r\n@media screen and (max-width: 767px) {\r\n.hyxgr69f233ab9b438 {\r\ndisplay: block;\r\n}\r\n}\r\n<\/style>\r\n<div class=\"srxzi69f233ab9b422\" ><!--<a href=\"https:\/\/bit.ly\/3QdrqTZ\" target=\"_blank\">\n<img src=\"https:\/\/justicapotiguar.com.br\/wp-content\/uploads\/2023\/09\/desktop-geral.gif\"\/><a\/>--><\/div><style type=\"text\/css\">\r\n.srxzi69f233ab9b422 {\r\ntext-align: center;\nmargin-bottom: 1em;\r\n}\r\n@media screen and (min-width: 1201px) {\r\n.srxzi69f233ab9b422 {\r\ndisplay: block;\r\n}\r\n}\r\n@media screen and (min-width: 993px) and (max-width: 1200px) {\r\n.srxzi69f233ab9b422 {\r\ndisplay: block;\r\n}\r\n}\r\n@media screen and (min-width: 769px) and (max-width: 992px) {\r\n.srxzi69f233ab9b422 {\r\ndisplay: block;\r\n}\r\n}\r\n@media screen and (min-width: 768px) and (max-width: 768px) {\r\n.srxzi69f233ab9b422 {\r\ndisplay: none;\r\n}\r\n}\r\n@media screen and (max-width: 767px) {\r\n.srxzi69f233ab9b422 {\r\ndisplay: none;\r\n}\r\n}\r\n<\/style>\r\n\n\n\n\n<p>Ainda segundo os advogados, o\nreajuste de 9,19% n\u00e3o teria levado em conta a infla\u00e7\u00e3o do per\u00edodo que registrou\nqueda. \u201cPor amor ao debate, at\u00e9 se consider\u00e1ssemos um reajuste levando em conta\na anuidade de R$ 870,00 com reajuste de 4,09%, ter\u00edamos uma anuidade no valor\nde R$ 905,58. Ou seja, menor do que a aprovada e ora questionada\u201d, destacou. <\/p>\n\n\n\n<p>Por fim, os advogados tamb\u00e9m\nchamam aten\u00e7\u00e3o para a alta inadimpl\u00eancia que tende a crescer com o reajuste. \u201cDiante\nde todos os fatos apresentados, requeremos a V. Exa. que se digne em promover,\nad referendum do plen\u00e1rio, a reconsidera\u00e7\u00e3o do reajuste das anuidades aprovado\npara o exerc\u00edcio de 2020, conforme deliberado no Processo n\u00ba 13032019-1, que\naumentou as obriga\u00e7\u00f5es estatut\u00e1rias de R$ 870,00 para R$ 950,00, devendo esse\npleito e a decis\u00e3o tomada levada ao conhecimento e para discuss\u00e3o do Conselho,\nna pr\u00f3xima sess\u00e3o, seja extraordin\u00e1ria ou ordin\u00e1ria\u201d, finalizou.<\/p>\n","protected":false},"excerpt":{"rendered":"<p>Ainda segundo os advogados, o reajuste de 9,19% n\u00e3o teria levado em conta a infla\u00e7\u00e3o do per\u00edodo que registrou queda<br \/><a class=\"more-link\" href=\"https:\/\/justicapotiguar.com.br\/index.php\/2019\/11\/23\/grupo-de-advogados-protocola-pedido-para-que-reajuste-da-anuidade-da-oab-rn-para-r-95000-nao-seja-efetivado\/\">Mais&#8230;<\/a><\/p>\n","protected":false},"author":5,"featured_media":4163,"comment_status":"open","ping_status":"open","sticky":false,"template":"","format":"standard","meta":[],"categories":[3],"tags":[],"_links":{"self":[{"href":"https:\/\/justicapotiguar.com.br\/index.php\/wp-json\/wp\/v2\/posts\/4162"}],"collection":[{"href":"https:\/\/justicapotiguar.com.br\/index.php\/wp-json\/wp\/v2\/posts"}],"about":[{"href":"https:\/\/justicapotiguar.com.br\/index.php\/wp-json\/wp\/v2\/types\/post"}],"author":[{"embeddable":true,"href":"https:\/\/justicapotiguar.com.br\/index.php\/wp-json\/wp\/v2\/users\/5"}],"replies":[{"embeddable":true,"href":"https:\/\/justicapotiguar.com.br\/index.php\/wp-json\/wp\/v2\/comments?post=4162"}],"version-history":[{"count":1,"href":"https:\/\/justicapotiguar.com.br\/index.php\/wp-json\/wp\/v2\/posts\/4162\/revisions"}],"predecessor-version":[{"id":4164,"href":"https:\/\/justicapotiguar.com.br\/index.php\/wp-json\/wp\/v2\/posts\/4162\/revisions\/4164"}],"wp:featuredmedia":[{"embeddable":true,"href":"https:\/\/justicapotiguar.com.br\/index.php\/wp-json\/wp\/v2\/media\/4163"}],"wp:attachment":[{"href":"https:\/\/justicapotiguar.com.br\/index.php\/wp-json\/wp\/v2\/media?parent=4162"}],"wp:term":[{"taxonomy":"category","embeddable":true,"href":"https:\/\/justicapotiguar.com.br\/index.php\/wp-json\/wp\/v2\/categories?post=4162"},{"taxonomy":"post_tag","embeddable":true,"href":"https:\/\/justicapotiguar.com.br\/index.php\/wp-json\/wp\/v2\/tags?post=4162"}],"curies":[{"name":"wp","href":"https:\/\/api.w.org\/{rel}","templated":true}]}}