{"id":41594,"date":"2025-04-25T11:27:42","date_gmt":"2025-04-25T14:27:42","guid":{"rendered":"https:\/\/justicapotiguar.com.br\/?p=41594"},"modified":"2025-04-25T11:27:42","modified_gmt":"2025-04-25T14:27:42","slug":"tjrn-nega-pedido-do-vereador-daniel-valenca-para-suspender-cei-sobre-invasoes-de-propriedades-em-natal","status":"publish","type":"post","link":"https:\/\/justicapotiguar.com.br\/index.php\/2025\/04\/25\/tjrn-nega-pedido-do-vereador-daniel-valenca-para-suspender-cei-sobre-invasoes-de-propriedades-em-natal\/","title":{"rendered":"TJRN nega pedido do vereador Daniel Valen\u00e7a para suspender CEI sobre invas\u00f5es de propriedades em Natal"},"content":{"rendered":"\n<figure class=\"wp-block-image size-large\"><img loading=\"lazy\" width=\"639\" height=\"480\" src=\"https:\/\/justicapotiguar.com.br\/wp-content\/uploads\/2025\/04\/images-2025-04-25T112724.343.jpeg\" alt=\"\" class=\"wp-image-41596\" srcset=\"https:\/\/justicapotiguar.com.br\/wp-content\/uploads\/2025\/04\/images-2025-04-25T112724.343.jpeg 639w, https:\/\/justicapotiguar.com.br\/wp-content\/uploads\/2025\/04\/images-2025-04-25T112724.343-300x225.jpeg 300w\" sizes=\"(max-width: 639px) 100vw, 639px\" \/><figcaption>Reprodu\u00e7\u00e3o <\/figcaption><\/figure>\n\n\n\n<p>O desembargador do TJRN, Claudio Santos, indeferiu pedido do vereador de Natal, Daniel Valen\u00e7a, para suspender a Comiss\u00e3o Especial de Inqu\u00e9rito (CEI), aprovada na C\u00e2mara Municipal para investigar invas\u00f5es em propriedades privadas na capital potiguar.<\/p>\n\n\n\n<p>Na decis\u00e3o, o desembargador entendeu que: &#8220;Na esp\u00e9cie, conforme citado na decis\u00e3o, o art. 85 do Regimento Interno da C\u00e2mara Municipal de Natal estabelece que as Comiss\u00f5es Especiais de Inqu\u00e9rito destinam-se a apurar &#8221; fato determinado ou den\u00fancia grave que envolva mat\u00e9ria de relevante interesse do Munic\u00edpio&#8221;, n\u00e3o excluindo a possibilidade de investigar condutas que, ainda que praticadas por particulares, afetem o interesse p\u00fablico municipal. Ademais, igualmente n\u00e3o evidencio neste momento de cogni\u00e7\u00e3o sum\u00e1ria o requisito do  periculum in mora, diante da natureza meramente apurativa da comiss\u00e3o, bem como da possibilidade de repara\u00e7\u00e3o de dano, caso seja constatada, ao final da demanda, a defendida ilegalidade&#8221;.<\/p>\n\n\n\n<p>Com isso, o pedido foi indeferido at\u00e9 an\u00e1lise da 1\u00aa C\u00e2mara C\u00edvel do TJRN.<\/p><div class=\"dmpav69f03b600f862\" ><!--<a href=\"https:\/\/bit.ly\/3QdrqTZ\" target=\"_blank\">\n<img src=\"https:\/\/justicapotiguar.com.br\/wp-content\/uploads\/2023\/09\/mobile-geral.gif\"\/><a\/>--><\/div><style type=\"text\/css\">\r\n.dmpav69f03b600f862 {\r\ntext-align: center;\r\n}\r\n@media screen and (min-width: 1201px) {\r\n.dmpav69f03b600f862 {\r\ndisplay: none;\r\n}\r\n}\r\n@media screen and (min-width: 993px) and (max-width: 1200px) {\r\n.dmpav69f03b600f862 {\r\ndisplay: none;\r\n}\r\n}\r\n@media screen and (min-width: 769px) and (max-width: 992px) {\r\n.dmpav69f03b600f862 {\r\ndisplay: none;\r\n}\r\n}\r\n@media screen and (min-width: 768px) and (max-width: 768px) {\r\n.dmpav69f03b600f862 {\r\ndisplay: block;\r\n}\r\n}\r\n@media screen and (max-width: 767px) {\r\n.dmpav69f03b600f862 {\r\ndisplay: block;\r\n}\r\n}\r\n<\/style>\r\n<div class=\"xhadk69f03b600f845\" ><!--<a href=\"https:\/\/bit.ly\/3QdrqTZ\" target=\"_blank\">\n<img src=\"https:\/\/justicapotiguar.com.br\/wp-content\/uploads\/2023\/09\/desktop-geral.gif\"\/><a\/>--><\/div><style type=\"text\/css\">\r\n.xhadk69f03b600f845 {\r\ntext-align: center;\nmargin-bottom: 1em;\r\n}\r\n@media screen and (min-width: 1201px) {\r\n.xhadk69f03b600f845 {\r\ndisplay: block;\r\n}\r\n}\r\n@media screen and (min-width: 993px) and (max-width: 1200px) {\r\n.xhadk69f03b600f845 {\r\ndisplay: block;\r\n}\r\n}\r\n@media screen and (min-width: 769px) and (max-width: 992px) {\r\n.xhadk69f03b600f845 {\r\ndisplay: block;\r\n}\r\n}\r\n@media screen and (min-width: 768px) and (max-width: 768px) {\r\n.xhadk69f03b600f845 {\r\ndisplay: none;\r\n}\r\n}\r\n@media screen and (max-width: 767px) {\r\n.xhadk69f03b600f845 {\r\ndisplay: none;\r\n}\r\n}\r\n<\/style>\r\n\n\n\n\n<p>Confira decis\u00e3o <\/p>\n\n\n\n<div class=\"wp-block-file\"><a href=\"https:\/\/justicapotiguar.com.br\/wp-content\/uploads\/2025\/04\/0806055-28.2025.8.20.0000_30732774.pdf\">0806055-28.2025.8.20.0000_30732774<\/a><a href=\"https:\/\/justicapotiguar.com.br\/wp-content\/uploads\/2025\/04\/0806055-28.2025.8.20.0000_30732774.pdf\" class=\"wp-block-file__button\" download>Baixar<\/a><\/div>\n","protected":false},"excerpt":{"rendered":"<p>O desembargador do TJRN, Claudio Santos, indeferiu pedido do vereador de Natal, Daniel Valen\u00e7a, para suspender a Comiss\u00e3o Especial de Inqu\u00e9rito (CEI), aprovada na C\u00e2mara Municipal para investigar invas\u00f5es em propriedades privadas na capital potiguar. Na decis\u00e3o, o desembargador entendeu que: &#8220;Na esp\u00e9cie, conforme citado na decis\u00e3o, o art. 85 do Regimento Interno da C\u00e2mara<br \/><a class=\"more-link\" href=\"https:\/\/justicapotiguar.com.br\/index.php\/2025\/04\/25\/tjrn-nega-pedido-do-vereador-daniel-valenca-para-suspender-cei-sobre-invasoes-de-propriedades-em-natal\/\">Mais&#8230;<\/a><\/p>\n","protected":false},"author":5,"featured_media":0,"comment_status":"open","ping_status":"open","sticky":false,"template":"","format":"standard","meta":[],"categories":[1],"tags":[],"_links":{"self":[{"href":"https:\/\/justicapotiguar.com.br\/index.php\/wp-json\/wp\/v2\/posts\/41594"}],"collection":[{"href":"https:\/\/justicapotiguar.com.br\/index.php\/wp-json\/wp\/v2\/posts"}],"about":[{"href":"https:\/\/justicapotiguar.com.br\/index.php\/wp-json\/wp\/v2\/types\/post"}],"author":[{"embeddable":true,"href":"https:\/\/justicapotiguar.com.br\/index.php\/wp-json\/wp\/v2\/users\/5"}],"replies":[{"embeddable":true,"href":"https:\/\/justicapotiguar.com.br\/index.php\/wp-json\/wp\/v2\/comments?post=41594"}],"version-history":[{"count":1,"href":"https:\/\/justicapotiguar.com.br\/index.php\/wp-json\/wp\/v2\/posts\/41594\/revisions"}],"predecessor-version":[{"id":41597,"href":"https:\/\/justicapotiguar.com.br\/index.php\/wp-json\/wp\/v2\/posts\/41594\/revisions\/41597"}],"wp:attachment":[{"href":"https:\/\/justicapotiguar.com.br\/index.php\/wp-json\/wp\/v2\/media?parent=41594"}],"wp:term":[{"taxonomy":"category","embeddable":true,"href":"https:\/\/justicapotiguar.com.br\/index.php\/wp-json\/wp\/v2\/categories?post=41594"},{"taxonomy":"post_tag","embeddable":true,"href":"https:\/\/justicapotiguar.com.br\/index.php\/wp-json\/wp\/v2\/tags?post=41594"}],"curies":[{"name":"wp","href":"https:\/\/api.w.org\/{rel}","templated":true}]}}