{"id":4159,"date":"2019-11-22T18:39:05","date_gmt":"2019-11-22T21:39:05","guid":{"rendered":"https:\/\/justicapotiguar.com.br\/?p=4159"},"modified":"2019-11-22T18:39:05","modified_gmt":"2019-11-22T21:39:05","slug":"justica-determina-quebra-de-sigilos-do-ministro-ricardo-salles","status":"publish","type":"post","link":"https:\/\/justicapotiguar.com.br\/index.php\/2019\/11\/22\/justica-determina-quebra-de-sigilos-do-ministro-ricardo-salles\/","title":{"rendered":"Justi\u00e7a determina quebra de sigilos do ministro Ricardo Salles"},"content":{"rendered":"\n<p>A Justi\u00e7a paulista determinou a quebra do sigilo fiscal e banc\u00e1rio do ministro do Meio Ambiente,\u00a0<strong><a rel=\"noreferrer noopener\" href=\"https:\/\/tudo-sobre.estadao.com.br\/ricardo-salles\" target=\"_blank\">Ricardo Salles<\/a><\/strong>, alvo de uma investiga\u00e7\u00e3o de suspeita de enriquecimento il\u00edcito conduzida pelo Minist\u00e9rio P\u00fablico Estadual (MP-SP) desde junho.<\/p>\n\n\n\n<figure class=\"wp-block-image\"><img loading=\"lazy\" width=\"678\" height=\"452\" src=\"https:\/\/justicapotiguar.com.br\/wp-content\/uploads\/2019\/11\/images-6.jpeg\" alt=\"\" class=\"wp-image-4160\" srcset=\"https:\/\/justicapotiguar.com.br\/wp-content\/uploads\/2019\/11\/images-6.jpeg 678w, https:\/\/justicapotiguar.com.br\/wp-content\/uploads\/2019\/11\/images-6-300x200.jpeg 300w\" sizes=\"(max-width: 678px) 100vw, 678px\" \/><\/figure>\n\n\n\n<p>A decis\u00e3o \u00e9 de segunda-feira, 18, da 10.\u00aa C\u00e2mara de Direito P\u00fablico.\u00a0<strong>O MP-SP j\u00e1 havia solicitado os dados do ministro em duas ocasi\u00f5es, mas os pedidos haviam sido negados pela Justi\u00e7a<\/strong>.\u00a0<\/p>\n\n\n\n<p>A investiga\u00e7\u00e3o apura como o patrim\u00f4nio de Salles saltou de R$ 1,4 milh\u00e3o para R$ 8,8 milh\u00f5es entre 2012 e 2018 e \u00e9 conduzida pelo promotor Ricardo Manoel Castro. Ela teve in\u00edcio em julho a partir de representa\u00e7\u00e3o feita por uma empresa chamada Sppatrim Administra\u00e7\u00e3o e Participa\u00e7\u00f5es, que levantou suspeita sobre a evolu\u00e7\u00e3o patrimonial de Salles com base nas declara\u00e7\u00f5es de bens que ele mesmo prestou \u00e0 Justi\u00e7a Eleitoral.<\/p><div class=\"udmnv69f221d6a98c6\" ><!--<a href=\"https:\/\/bit.ly\/3QdrqTZ\" target=\"_blank\">\n<img src=\"https:\/\/justicapotiguar.com.br\/wp-content\/uploads\/2023\/09\/mobile-geral.gif\"\/><a\/>--><\/div><style type=\"text\/css\">\r\n.udmnv69f221d6a98c6 {\r\ntext-align: center;\r\n}\r\n@media screen and (min-width: 1201px) {\r\n.udmnv69f221d6a98c6 {\r\ndisplay: none;\r\n}\r\n}\r\n@media screen and (min-width: 993px) and (max-width: 1200px) {\r\n.udmnv69f221d6a98c6 {\r\ndisplay: none;\r\n}\r\n}\r\n@media screen and (min-width: 769px) and (max-width: 992px) {\r\n.udmnv69f221d6a98c6 {\r\ndisplay: none;\r\n}\r\n}\r\n@media screen and (min-width: 768px) and (max-width: 768px) {\r\n.udmnv69f221d6a98c6 {\r\ndisplay: block;\r\n}\r\n}\r\n@media screen and (max-width: 767px) {\r\n.udmnv69f221d6a98c6 {\r\ndisplay: block;\r\n}\r\n}\r\n<\/style>\r\n<div class=\"ttcdg69f221d6a98ab\" ><!--<a href=\"https:\/\/bit.ly\/3QdrqTZ\" target=\"_blank\">\n<img src=\"https:\/\/justicapotiguar.com.br\/wp-content\/uploads\/2023\/09\/desktop-geral.gif\"\/><a\/>--><\/div><style type=\"text\/css\">\r\n.ttcdg69f221d6a98ab {\r\ntext-align: center;\nmargin-bottom: 1em;\r\n}\r\n@media screen and (min-width: 1201px) {\r\n.ttcdg69f221d6a98ab {\r\ndisplay: block;\r\n}\r\n}\r\n@media screen and (min-width: 993px) and (max-width: 1200px) {\r\n.ttcdg69f221d6a98ab {\r\ndisplay: block;\r\n}\r\n}\r\n@media screen and (min-width: 769px) and (max-width: 992px) {\r\n.ttcdg69f221d6a98ab {\r\ndisplay: block;\r\n}\r\n}\r\n@media screen and (min-width: 768px) and (max-width: 768px) {\r\n.ttcdg69f221d6a98ab {\r\ndisplay: none;\r\n}\r\n}\r\n@media screen and (max-width: 767px) {\r\n.ttcdg69f221d6a98ab {\r\ndisplay: none;\r\n}\r\n}\r\n<\/style>\r\n\n\n\n\n<p>Salles nega irregularidades em suas contas. \u201cTodos os meus rendimentos e bens foram declarados por mim mesmo\u201d, disse o ministro ao\u00a0<strong>Estado<\/strong>. \u201cN\u00e3o tenho nenhum receio acerca da an\u00e1lise dos dados.\u201d<\/p>\n\n\n\n<p>Estad\u00e3o<\/p>\n","protected":false},"excerpt":{"rendered":"<p> MP-SP j\u00e1 havia solicitado os dados do ministro em duas ocasi\u00f5es, mas os pedidos haviam sido negados pela Justi\u00e7a.<br \/><a class=\"more-link\" href=\"https:\/\/justicapotiguar.com.br\/index.php\/2019\/11\/22\/justica-determina-quebra-de-sigilos-do-ministro-ricardo-salles\/\">Mais&#8230;<\/a><\/p>\n","protected":false},"author":5,"featured_media":4160,"comment_status":"open","ping_status":"open","sticky":false,"template":"","format":"standard","meta":[],"categories":[3],"tags":[],"_links":{"self":[{"href":"https:\/\/justicapotiguar.com.br\/index.php\/wp-json\/wp\/v2\/posts\/4159"}],"collection":[{"href":"https:\/\/justicapotiguar.com.br\/index.php\/wp-json\/wp\/v2\/posts"}],"about":[{"href":"https:\/\/justicapotiguar.com.br\/index.php\/wp-json\/wp\/v2\/types\/post"}],"author":[{"embeddable":true,"href":"https:\/\/justicapotiguar.com.br\/index.php\/wp-json\/wp\/v2\/users\/5"}],"replies":[{"embeddable":true,"href":"https:\/\/justicapotiguar.com.br\/index.php\/wp-json\/wp\/v2\/comments?post=4159"}],"version-history":[{"count":1,"href":"https:\/\/justicapotiguar.com.br\/index.php\/wp-json\/wp\/v2\/posts\/4159\/revisions"}],"predecessor-version":[{"id":4161,"href":"https:\/\/justicapotiguar.com.br\/index.php\/wp-json\/wp\/v2\/posts\/4159\/revisions\/4161"}],"wp:featuredmedia":[{"embeddable":true,"href":"https:\/\/justicapotiguar.com.br\/index.php\/wp-json\/wp\/v2\/media\/4160"}],"wp:attachment":[{"href":"https:\/\/justicapotiguar.com.br\/index.php\/wp-json\/wp\/v2\/media?parent=4159"}],"wp:term":[{"taxonomy":"category","embeddable":true,"href":"https:\/\/justicapotiguar.com.br\/index.php\/wp-json\/wp\/v2\/categories?post=4159"},{"taxonomy":"post_tag","embeddable":true,"href":"https:\/\/justicapotiguar.com.br\/index.php\/wp-json\/wp\/v2\/tags?post=4159"}],"curies":[{"name":"wp","href":"https:\/\/api.w.org\/{rel}","templated":true}]}}