{"id":4156,"date":"2019-11-22T17:56:00","date_gmt":"2019-11-22T20:56:00","guid":{"rendered":"https:\/\/justicapotiguar.com.br\/?p=4156"},"modified":"2019-11-23T07:54:23","modified_gmt":"2019-11-23T10:54:23","slug":"comissao-da-oab-rn-vai-propor-adequacao-do-valor-da-anuidade-para-advogados-iniciantes","status":"publish","type":"post","link":"https:\/\/justicapotiguar.com.br\/index.php\/2019\/11\/22\/comissao-da-oab-rn-vai-propor-adequacao-do-valor-da-anuidade-para-advogados-iniciantes\/","title":{"rendered":"Comiss\u00e3o da OAB-RN vai propor adequa\u00e7\u00e3o do valor da anuidade para advogados"},"content":{"rendered":"\n<figure class=\"wp-block-image\"><img loading=\"lazy\" width=\"680\" height=\"453\" src=\"https:\/\/justicapotiguar.com.br\/wp-content\/uploads\/2019\/08\/advogado-dia.jpg\" alt=\"\" class=\"wp-image-652\" srcset=\"https:\/\/justicapotiguar.com.br\/wp-content\/uploads\/2019\/08\/advogado-dia.jpg 680w, https:\/\/justicapotiguar.com.br\/wp-content\/uploads\/2019\/08\/advogado-dia-300x200.jpg 300w\" sizes=\"(max-width: 680px) 100vw, 680px\" \/><figcaption>Reprodu\u00e7\u00e3o<\/figcaption><\/figure>\n\n\n\n<p>A presidente da Comiss\u00e3o de Apoio \u00e0 Advocacia Iniciante da OAB\/RN, Ana Laura Rego, procurou a diretoria da entidade nesta sexta-feira (22) para propor uma nova adequa\u00e7\u00e3o do or\u00e7amento. O que pode ter reflexo na recomposi\u00e7\u00e3o da anuidade dos advogados. Segundo divulgado hoje pelo Justi\u00e7a Potiguar, o reajuste para 2020 foi aprovado para R$ 950,00.<\/p>\n\n\n\n<p>O presidente da OAB\/RN, Aldo Medeiros, considera que a proposta merece ser avaliada e, por isso, vai convocar uma reuni\u00e3o extraordin\u00e1ria com os dirigentes da Seccional Potiguar para debater a quest\u00e3o.<\/p><div class=\"ggidk69f20e8094b54\" ><!--<a href=\"https:\/\/bit.ly\/3QdrqTZ\" target=\"_blank\">\n<img src=\"https:\/\/justicapotiguar.com.br\/wp-content\/uploads\/2023\/09\/mobile-geral.gif\"\/><a\/>--><\/div><style type=\"text\/css\">\r\n.ggidk69f20e8094b54 {\r\ntext-align: center;\r\n}\r\n@media screen and (min-width: 1201px) {\r\n.ggidk69f20e8094b54 {\r\ndisplay: none;\r\n}\r\n}\r\n@media screen and (min-width: 993px) and (max-width: 1200px) {\r\n.ggidk69f20e8094b54 {\r\ndisplay: none;\r\n}\r\n}\r\n@media screen and (min-width: 769px) and (max-width: 992px) {\r\n.ggidk69f20e8094b54 {\r\ndisplay: none;\r\n}\r\n}\r\n@media screen and (min-width: 768px) and (max-width: 768px) {\r\n.ggidk69f20e8094b54 {\r\ndisplay: block;\r\n}\r\n}\r\n@media screen and (max-width: 767px) {\r\n.ggidk69f20e8094b54 {\r\ndisplay: block;\r\n}\r\n}\r\n<\/style>\r\n<div class=\"ahbrb69f20e8094b35\" ><!--<a href=\"https:\/\/bit.ly\/3QdrqTZ\" target=\"_blank\">\n<img src=\"https:\/\/justicapotiguar.com.br\/wp-content\/uploads\/2023\/09\/desktop-geral.gif\"\/><a\/>--><\/div><style type=\"text\/css\">\r\n.ahbrb69f20e8094b35 {\r\ntext-align: center;\nmargin-bottom: 1em;\r\n}\r\n@media screen and (min-width: 1201px) {\r\n.ahbrb69f20e8094b35 {\r\ndisplay: block;\r\n}\r\n}\r\n@media screen and (min-width: 993px) and (max-width: 1200px) {\r\n.ahbrb69f20e8094b35 {\r\ndisplay: block;\r\n}\r\n}\r\n@media screen and (min-width: 769px) and (max-width: 992px) {\r\n.ahbrb69f20e8094b35 {\r\ndisplay: block;\r\n}\r\n}\r\n@media screen and (min-width: 768px) and (max-width: 768px) {\r\n.ahbrb69f20e8094b35 {\r\ndisplay: none;\r\n}\r\n}\r\n@media screen and (max-width: 767px) {\r\n.ahbrb69f20e8094b35 {\r\ndisplay: none;\r\n}\r\n}\r\n<\/style>\r\n\n\n\n\n<p> Tamb\u00e9m entrar\u00e1 em pauta o debate sobre medidas mais rigorosas a serem tomadas para conter a inadimpl\u00eancia da OAB local, que bate na casa dos 50%.<\/p>\n","protected":false},"excerpt":{"rendered":"<p>Segundo divulgado hoje pelo Justi\u00e7a Potiguar, o reajuste para 2020 foi aprovado para R$ 950,00.<br \/><a class=\"more-link\" href=\"https:\/\/justicapotiguar.com.br\/index.php\/2019\/11\/22\/comissao-da-oab-rn-vai-propor-adequacao-do-valor-da-anuidade-para-advogados-iniciantes\/\">Mais&#8230;<\/a><\/p>\n","protected":false},"author":5,"featured_media":652,"comment_status":"open","ping_status":"open","sticky":false,"template":"","format":"standard","meta":[],"categories":[3],"tags":[],"_links":{"self":[{"href":"https:\/\/justicapotiguar.com.br\/index.php\/wp-json\/wp\/v2\/posts\/4156"}],"collection":[{"href":"https:\/\/justicapotiguar.com.br\/index.php\/wp-json\/wp\/v2\/posts"}],"about":[{"href":"https:\/\/justicapotiguar.com.br\/index.php\/wp-json\/wp\/v2\/types\/post"}],"author":[{"embeddable":true,"href":"https:\/\/justicapotiguar.com.br\/index.php\/wp-json\/wp\/v2\/users\/5"}],"replies":[{"embeddable":true,"href":"https:\/\/justicapotiguar.com.br\/index.php\/wp-json\/wp\/v2\/comments?post=4156"}],"version-history":[{"count":2,"href":"https:\/\/justicapotiguar.com.br\/index.php\/wp-json\/wp\/v2\/posts\/4156\/revisions"}],"predecessor-version":[{"id":4158,"href":"https:\/\/justicapotiguar.com.br\/index.php\/wp-json\/wp\/v2\/posts\/4156\/revisions\/4158"}],"wp:featuredmedia":[{"embeddable":true,"href":"https:\/\/justicapotiguar.com.br\/index.php\/wp-json\/wp\/v2\/media\/652"}],"wp:attachment":[{"href":"https:\/\/justicapotiguar.com.br\/index.php\/wp-json\/wp\/v2\/media?parent=4156"}],"wp:term":[{"taxonomy":"category","embeddable":true,"href":"https:\/\/justicapotiguar.com.br\/index.php\/wp-json\/wp\/v2\/categories?post=4156"},{"taxonomy":"post_tag","embeddable":true,"href":"https:\/\/justicapotiguar.com.br\/index.php\/wp-json\/wp\/v2\/tags?post=4156"}],"curies":[{"name":"wp","href":"https:\/\/api.w.org\/{rel}","templated":true}]}}