{"id":4154,"date":"2019-11-23T10:12:45","date_gmt":"2019-11-23T13:12:45","guid":{"rendered":"https:\/\/justicapotiguar.com.br\/?p=4154"},"modified":"2019-11-22T22:08:25","modified_gmt":"2019-11-23T01:08:25","slug":"facebook-indenizara-profissional-que-teve-conta-suspensa-sem-aviso-previo","status":"publish","type":"post","link":"https:\/\/justicapotiguar.com.br\/index.php\/2019\/11\/23\/facebook-indenizara-profissional-que-teve-conta-suspensa-sem-aviso-previo\/","title":{"rendered":"Facebook indenizar\u00e1 profissional que teve conta suspensa sem aviso pr\u00e9vio"},"content":{"rendered":"\n<p>Um nutricionista e educador f\u00edsico que utilizava a plataforma Instagram profissionalmente ser\u00e1 indenizado pelo Facebook ap\u00f3s ter sua conta suspensa sem explica\u00e7\u00f5es ou aviso pr\u00e9vio. Decis\u00e3o \u00e9 do juiz de Direito Matheus Stamillo Santarelli Zuliani, da 17\u00aa vara c\u00edvel de Bras\u00edlia\/DF, ao considerar que a empresa frustrou, por meio de conduta abusiva, a atua\u00e7\u00e3o do profissional.<\/p>\n\n\n\n<figure class=\"wp-block-image\"><img src=\"https:\/\/www.globalframe.com.br\/gf_base\/empresas\/MIGA\/imagens\/B309ED25372F9FF4FF91196B0910D77C7C13_redes.png\" alt=\"t\"\/><figcaption>Reprodu\u00e7\u00e3o<\/figcaption><\/figure>\n\n\n\n<p>O profissional alegou que possu\u00eda um perfil no Instagram com aproximadamente 40 mil seguidores, cerca de 300 postagens e uma m\u00e9dia de 50 mil visitas por semana. A plataforma era utilizada para realizar acompanhamentos de clientes, marcar consultas e fechar parcerias com marcas.<\/p>\n\n\n\n<p>Consta nos autos que, em janeiro deste ano, sem explica\u00e7\u00f5es ou aviso pr\u00e9vio, o Facebook, que \u00e9 dano da plataforma Instagram, suspendeu a conta, fato que gerou preju\u00edzos financeiros e em rela\u00e7\u00e3o \u00e0 sua imagem quanto profissional.<\/p>\n\n\n\n<p>Ao se defender, a empresa alegou que o servi\u00e7o Instagram possui padr\u00f5es m\u00ednimos que devem ser respeitados, como aqueles referentes a tipos de compartilhamentos e de conte\u00fados que podem ser removidos. A empresa alega que a indisponibiliza\u00e7\u00e3o da conta do autor n\u00e3o ocorreu de maneira arbitr\u00e1ria, mas porque houve viola\u00e7\u00e3o das pol\u00edticas de servi\u00e7o.<\/p>\n\n\n\n<p>Ao analisar o caso, o juiz de Direito Matheus Stamillo Santarelli Zuliani, destacou que o autor da a\u00e7\u00e3o, embora n\u00e3o seja um influenciador digital, usa da plataforma para realizar seu trabalho e ganhar dinheiro.<\/p><div class=\"fmggi69f245f4da82f\" ><!--<a href=\"https:\/\/bit.ly\/3QdrqTZ\" target=\"_blank\">\n<img src=\"https:\/\/justicapotiguar.com.br\/wp-content\/uploads\/2023\/09\/mobile-geral.gif\"\/><a\/>--><\/div><style type=\"text\/css\">\r\n.fmggi69f245f4da82f {\r\ntext-align: center;\r\n}\r\n@media screen and (min-width: 1201px) {\r\n.fmggi69f245f4da82f {\r\ndisplay: none;\r\n}\r\n}\r\n@media screen and (min-width: 993px) and (max-width: 1200px) {\r\n.fmggi69f245f4da82f {\r\ndisplay: none;\r\n}\r\n}\r\n@media screen and (min-width: 769px) and (max-width: 992px) {\r\n.fmggi69f245f4da82f {\r\ndisplay: none;\r\n}\r\n}\r\n@media screen and (min-width: 768px) and (max-width: 768px) {\r\n.fmggi69f245f4da82f {\r\ndisplay: block;\r\n}\r\n}\r\n@media screen and (max-width: 767px) {\r\n.fmggi69f245f4da82f {\r\ndisplay: block;\r\n}\r\n}\r\n<\/style>\r\n<div class=\"rrcfv69f245f4da816\" ><!--<a href=\"https:\/\/bit.ly\/3QdrqTZ\" target=\"_blank\">\n<img src=\"https:\/\/justicapotiguar.com.br\/wp-content\/uploads\/2023\/09\/desktop-geral.gif\"\/><a\/>--><\/div><style type=\"text\/css\">\r\n.rrcfv69f245f4da816 {\r\ntext-align: center;\nmargin-bottom: 1em;\r\n}\r\n@media screen and (min-width: 1201px) {\r\n.rrcfv69f245f4da816 {\r\ndisplay: block;\r\n}\r\n}\r\n@media screen and (min-width: 993px) and (max-width: 1200px) {\r\n.rrcfv69f245f4da816 {\r\ndisplay: block;\r\n}\r\n}\r\n@media screen and (min-width: 769px) and (max-width: 992px) {\r\n.rrcfv69f245f4da816 {\r\ndisplay: block;\r\n}\r\n}\r\n@media screen and (min-width: 768px) and (max-width: 768px) {\r\n.rrcfv69f245f4da816 {\r\ndisplay: none;\r\n}\r\n}\r\n@media screen and (max-width: 767px) {\r\n.rrcfv69f245f4da816 {\r\ndisplay: none;\r\n}\r\n}\r\n<\/style>\r\n\n\n\n\n<p>No entendimento do magistrado, ao bloquear a conta do profissional sem motivo justo, a plataforma praticou ato il\u00edcito, o que gera o dever de indenizar.<\/p>\n\n\n\n<p><em>\u201cPrivar o requerente de fazer uso de seu labor na rede social, tendo o crescimento profissional sido frustrado por uma conduta abusiva (&#8230;) causa les\u00e3o ao direito da personalidade\u201d.<\/em><\/p>\n\n\n\n<p>Com este entendimento, o Facebook foi condenado a indenizar o profissional em R$5 mil a t\u00edtulo de danos morais e a restabelecer a conta suspensa no Instagram.<\/p>\n\n\n\n<p><strong>Migalhas<\/strong><\/p>\n","protected":false},"excerpt":{"rendered":"<p>A plataforma era utilizada para realizar acompanhamentos de clientes, marcar consultas e fechar parcerias com marcas<br \/><a class=\"more-link\" href=\"https:\/\/justicapotiguar.com.br\/index.php\/2019\/11\/23\/facebook-indenizara-profissional-que-teve-conta-suspensa-sem-aviso-previo\/\">Mais&#8230;<\/a><\/p>\n","protected":false},"author":5,"featured_media":1514,"comment_status":"open","ping_status":"open","sticky":false,"template":"","format":"standard","meta":[],"categories":[3],"tags":[],"_links":{"self":[{"href":"https:\/\/justicapotiguar.com.br\/index.php\/wp-json\/wp\/v2\/posts\/4154"}],"collection":[{"href":"https:\/\/justicapotiguar.com.br\/index.php\/wp-json\/wp\/v2\/posts"}],"about":[{"href":"https:\/\/justicapotiguar.com.br\/index.php\/wp-json\/wp\/v2\/types\/post"}],"author":[{"embeddable":true,"href":"https:\/\/justicapotiguar.com.br\/index.php\/wp-json\/wp\/v2\/users\/5"}],"replies":[{"embeddable":true,"href":"https:\/\/justicapotiguar.com.br\/index.php\/wp-json\/wp\/v2\/comments?post=4154"}],"version-history":[{"count":1,"href":"https:\/\/justicapotiguar.com.br\/index.php\/wp-json\/wp\/v2\/posts\/4154\/revisions"}],"predecessor-version":[{"id":4155,"href":"https:\/\/justicapotiguar.com.br\/index.php\/wp-json\/wp\/v2\/posts\/4154\/revisions\/4155"}],"wp:featuredmedia":[{"embeddable":true,"href":"https:\/\/justicapotiguar.com.br\/index.php\/wp-json\/wp\/v2\/media\/1514"}],"wp:attachment":[{"href":"https:\/\/justicapotiguar.com.br\/index.php\/wp-json\/wp\/v2\/media?parent=4154"}],"wp:term":[{"taxonomy":"category","embeddable":true,"href":"https:\/\/justicapotiguar.com.br\/index.php\/wp-json\/wp\/v2\/categories?post=4154"},{"taxonomy":"post_tag","embeddable":true,"href":"https:\/\/justicapotiguar.com.br\/index.php\/wp-json\/wp\/v2\/tags?post=4154"}],"curies":[{"name":"wp","href":"https:\/\/api.w.org\/{rel}","templated":true}]}}