{"id":41524,"date":"2025-04-21T07:00:00","date_gmt":"2025-04-21T10:00:00","guid":{"rendered":"https:\/\/justicapotiguar.com.br\/?p=41524"},"modified":"2025-04-20T22:00:31","modified_gmt":"2025-04-21T01:00:31","slug":"justica-autoriza-realizacao-de-exame-para-paciente-com-epilepsia-em-mossoro","status":"publish","type":"post","link":"https:\/\/justicapotiguar.com.br\/index.php\/2025\/04\/21\/justica-autoriza-realizacao-de-exame-para-paciente-com-epilepsia-em-mossoro\/","title":{"rendered":"Justi\u00e7a autoriza realiza\u00e7\u00e3o de exame para paciente com epilepsia em Mossor\u00f3"},"content":{"rendered":"\n<figure class=\"wp-block-image size-large\"><img loading=\"lazy\" width=\"680\" height=\"399\" src=\"https:\/\/justicapotiguar.com.br\/wp-content\/uploads\/2019\/09\/03F361B29E657D3A605829F1E2AA010C4B7E_medicina.jpg\" alt=\"\" class=\"wp-image-1965\" srcset=\"https:\/\/justicapotiguar.com.br\/wp-content\/uploads\/2019\/09\/03F361B29E657D3A605829F1E2AA010C4B7E_medicina.jpg 680w, https:\/\/justicapotiguar.com.br\/wp-content\/uploads\/2019\/09\/03F361B29E657D3A605829F1E2AA010C4B7E_medicina-300x176.jpg 300w\" sizes=\"(max-width: 680px) 100vw, 680px\" \/><\/figure>\n\n\n\n<p>A 4\u00aa Vara C\u00edvel de Mossor\u00f3 decidiu favoravelmente a um usu\u00e1rio de plano de sa\u00fade que foi diagnosticado com epilepsia do tipo S\u00edndrome de West, o que faz com que o paciente tenha espasmos frequentes. Ele faz tratamento com uso de medica\u00e7\u00f5es como vigabatrina, canabidiol, levetiracetam e lamotrigina.Entretanto, em raz\u00e3o da persist\u00eancia dos espasmos, sua m\u00e9dica assistente solicitou a realiza\u00e7\u00e3o de exame de v\u00eddeo-eletroencefalograma (VEEG) de 12 horas, sendo esse procedimento \u201cindispens\u00e1vel para avaliar a efic\u00e1cia terap\u00eautica, descartar a persist\u00eancia de hipsarritmia e evitar danos irrevers\u00edveis ao neurodesenvolvimento do paciente\u201d. Dessa forma, o paciente requereu na Justi\u00e7a a concess\u00e3o de tutela antecipada para determinar a realiza\u00e7\u00e3o do v\u00eddeo-eletroencefalograma, sob pena multa di\u00e1ria.<\/p><div class=\"yomth69f06c29ce317\" ><!--<a href=\"https:\/\/bit.ly\/3QdrqTZ\" target=\"_blank\">\n<img src=\"https:\/\/justicapotiguar.com.br\/wp-content\/uploads\/2023\/09\/mobile-geral.gif\"\/><a\/>--><\/div><style type=\"text\/css\">\r\n.yomth69f06c29ce317 {\r\ntext-align: center;\r\n}\r\n@media screen and (min-width: 1201px) {\r\n.yomth69f06c29ce317 {\r\ndisplay: none;\r\n}\r\n}\r\n@media screen and (min-width: 993px) and (max-width: 1200px) {\r\n.yomth69f06c29ce317 {\r\ndisplay: none;\r\n}\r\n}\r\n@media screen and (min-width: 769px) and (max-width: 992px) {\r\n.yomth69f06c29ce317 {\r\ndisplay: none;\r\n}\r\n}\r\n@media screen and (min-width: 768px) and (max-width: 768px) {\r\n.yomth69f06c29ce317 {\r\ndisplay: block;\r\n}\r\n}\r\n@media screen and (max-width: 767px) {\r\n.yomth69f06c29ce317 {\r\ndisplay: block;\r\n}\r\n}\r\n<\/style>\r\n<div class=\"tiill69f06c29ce2f8\" ><!--<a href=\"https:\/\/bit.ly\/3QdrqTZ\" target=\"_blank\">\n<img src=\"https:\/\/justicapotiguar.com.br\/wp-content\/uploads\/2023\/09\/desktop-geral.gif\"\/><a\/>--><\/div><style type=\"text\/css\">\r\n.tiill69f06c29ce2f8 {\r\ntext-align: center;\nmargin-bottom: 1em;\r\n}\r\n@media screen and (min-width: 1201px) {\r\n.tiill69f06c29ce2f8 {\r\ndisplay: block;\r\n}\r\n}\r\n@media screen and (min-width: 993px) and (max-width: 1200px) {\r\n.tiill69f06c29ce2f8 {\r\ndisplay: block;\r\n}\r\n}\r\n@media screen and (min-width: 769px) and (max-width: 992px) {\r\n.tiill69f06c29ce2f8 {\r\ndisplay: block;\r\n}\r\n}\r\n@media screen and (min-width: 768px) and (max-width: 768px) {\r\n.tiill69f06c29ce2f8 {\r\ndisplay: none;\r\n}\r\n}\r\n@media screen and (max-width: 767px) {\r\n.tiill69f06c29ce2f8 {\r\ndisplay: none;\r\n}\r\n}\r\n<\/style>\r\n\n\n\n\n<p>Ao analisar o processo, o juiz Manoel Padre Neto ressaltou que as alega\u00e7\u00f5es do autor da a\u00e7\u00e3o tem fundamento, apresentando \u201ca fuma\u00e7a do bom direito, tendo em vista que a documenta\u00e7\u00e3o acostada aos autos comprova a exist\u00eancia de rela\u00e7\u00e3o contratual firmada entre as partes, bem como a indica\u00e7\u00e3o m\u00e9dica do exame a ser realizado\u201d.O magistrado considerou, ainda, a exist\u00eancia do indeferimento do plano de sa\u00fade em realizar os exames prescritos, atrav\u00e9s de junta m\u00e9dica que concluiu pela n\u00e3o indica\u00e7\u00e3o do exame, e que ele [juiz] est\u00e1 de acordo com as alega\u00e7\u00f5es apresentadas para deferir a antecipa\u00e7\u00e3o de tutela.O magistrado acrescentou que em situa\u00e7\u00f5es como a analisada, \u201c\u00e9 pac\u00edfico o entendimento de que incumbe exclusivamente ao profissional m\u00e9dico que acompanha o enfermo a indica\u00e7\u00e3o do tratamento de sa\u00fade que se afigura mais exitoso\u201d, n\u00e3o podendo a operadora de sa\u00fade limitar ou substituir a indica\u00e7\u00e3o m\u00e9dica considerada mais adequada pelo m\u00e9dico assistente.J\u00e1 em rela\u00e7\u00e3o ao requisito chamado periculum in mora, o qual n\u00e3o admite demora em presta\u00e7\u00f5es judiciais que podem gerar danos graves ao jurisdicionado, o magistrado apontou \u201cque a necessidade de um tratamento adequado \u00e0 patologia que acomete o indiv\u00edduo \u00e9 de extrema import\u00e2ncia para a manuten\u00e7\u00e3o sua vida\u201d, n\u00e3o podendo a empresa se abster em prestar o cuidado solicitado.Dessa forma, o juiz estabeleceu para a parte r\u00e9 a obriga\u00e7\u00e3o de custear o exame solicitado pela m\u00e9dica, e acolheu o pedido de urg\u00eancia inicial, para determinar \u00e0 demandada, que, no prazo de 24 horas, a realiza\u00e7\u00e3o do exame solicitado<\/p>\n","protected":false},"excerpt":{"rendered":"<p>A 4\u00aa Vara C\u00edvel de Mossor\u00f3 decidiu favoravelmente a um usu\u00e1rio de plano de sa\u00fade que foi diagnosticado com epilepsia do tipo S\u00edndrome de West, o que faz com que o paciente tenha espasmos frequentes. Ele faz tratamento com uso de medica\u00e7\u00f5es como vigabatrina, canabidiol, levetiracetam e lamotrigina.Entretanto, em raz\u00e3o da persist\u00eancia dos espasmos, sua<br \/><a class=\"more-link\" href=\"https:\/\/justicapotiguar.com.br\/index.php\/2025\/04\/21\/justica-autoriza-realizacao-de-exame-para-paciente-com-epilepsia-em-mossoro\/\">Mais&#8230;<\/a><\/p>\n","protected":false},"author":5,"featured_media":0,"comment_status":"open","ping_status":"open","sticky":false,"template":"","format":"standard","meta":[],"categories":[1],"tags":[],"_links":{"self":[{"href":"https:\/\/justicapotiguar.com.br\/index.php\/wp-json\/wp\/v2\/posts\/41524"}],"collection":[{"href":"https:\/\/justicapotiguar.com.br\/index.php\/wp-json\/wp\/v2\/posts"}],"about":[{"href":"https:\/\/justicapotiguar.com.br\/index.php\/wp-json\/wp\/v2\/types\/post"}],"author":[{"embeddable":true,"href":"https:\/\/justicapotiguar.com.br\/index.php\/wp-json\/wp\/v2\/users\/5"}],"replies":[{"embeddable":true,"href":"https:\/\/justicapotiguar.com.br\/index.php\/wp-json\/wp\/v2\/comments?post=41524"}],"version-history":[{"count":1,"href":"https:\/\/justicapotiguar.com.br\/index.php\/wp-json\/wp\/v2\/posts\/41524\/revisions"}],"predecessor-version":[{"id":41525,"href":"https:\/\/justicapotiguar.com.br\/index.php\/wp-json\/wp\/v2\/posts\/41524\/revisions\/41525"}],"wp:attachment":[{"href":"https:\/\/justicapotiguar.com.br\/index.php\/wp-json\/wp\/v2\/media?parent=41524"}],"wp:term":[{"taxonomy":"category","embeddable":true,"href":"https:\/\/justicapotiguar.com.br\/index.php\/wp-json\/wp\/v2\/categories?post=41524"},{"taxonomy":"post_tag","embeddable":true,"href":"https:\/\/justicapotiguar.com.br\/index.php\/wp-json\/wp\/v2\/tags?post=41524"}],"curies":[{"name":"wp","href":"https:\/\/api.w.org\/{rel}","templated":true}]}}