{"id":41501,"date":"2025-04-17T11:16:28","date_gmt":"2025-04-17T14:16:28","guid":{"rendered":"https:\/\/justicapotiguar.com.br\/?p=41501"},"modified":"2025-04-17T11:16:28","modified_gmt":"2025-04-17T14:16:28","slug":"remocao-de-policial-penal-apos-trauma-em-unidade-prisional-e-julgada-no-tjrn","status":"publish","type":"post","link":"https:\/\/justicapotiguar.com.br\/index.php\/2025\/04\/17\/remocao-de-policial-penal-apos-trauma-em-unidade-prisional-e-julgada-no-tjrn\/","title":{"rendered":"Remo\u00e7\u00e3o de policial penal ap\u00f3s trauma em unidade prisional \u00e9 julgada no TJRN"},"content":{"rendered":"\n<figure class=\"wp-block-image size-large\"><img loading=\"lazy\" width=\"1024\" height=\"683\" src=\"https:\/\/justicapotiguar.com.br\/wp-content\/uploads\/2019\/09\/penitencia\u0301ria-1024x683.jpg\" alt=\"\" class=\"wp-image-2686\" srcset=\"https:\/\/justicapotiguar.com.br\/wp-content\/uploads\/2019\/09\/penitencia\u0301ria-1024x683.jpg 1024w, https:\/\/justicapotiguar.com.br\/wp-content\/uploads\/2019\/09\/penitencia\u0301ria-300x200.jpg 300w, https:\/\/justicapotiguar.com.br\/wp-content\/uploads\/2019\/09\/penitencia\u0301ria-768x512.jpg 768w, https:\/\/justicapotiguar.com.br\/wp-content\/uploads\/2019\/09\/penitencia\u0301ria.jpg 1200w\" sizes=\"(max-width: 1024px) 100vw, 1024px\" \/><figcaption>Ilustrativa<\/figcaption><\/figure>\n\n\n\n<p>Uma recente decis\u00e3o do Pleno do TJRN indeferiu o pedido de um policial penal, que pretendia a autoriza\u00e7\u00e3o de uma remo\u00e7\u00e3o para o Complexo Penal Dr. Jo\u00e3o Chaves e n\u00e3o para a Penitenci\u00e1ria Estadual Rog\u00e9rio Coutinho Madruga, atendendo a necessidade de efetivo na unidade, para onde foi transferido.O servidor p\u00fablico alegou que a determina\u00e7\u00e3o foi dada para uma unidade incompat\u00edvel com suas necessidades m\u00e9dicas, contrariando recomenda\u00e7\u00f5es de laudo m\u00e9dico e prejudicando sua sa\u00fade mental. Contudo, o entendimento foi diverso no colegiado da Corte potiguar.Conforme as decis\u00f5es \u2013 a anterior questionada e a atual \u2013 a Administra\u00e7\u00e3o P\u00fablica pode, via de regra, seguir crit\u00e9rios de oportunidade e conveni\u00eancia pr\u00f3pria para lotar seus servidores, n\u00e3o cabendo ao Judici\u00e1rio, sob pena de ofensa \u00e0 separa\u00e7\u00e3o dos poderes, adentrar no m\u00e9rito do ato administrativo, devendo o controle judicial limitar-se ao exame da sua legalidade.<\/p>\n\n\n\n<p>Segundo o pleito inicial, a solicita\u00e7\u00e3o se deu ap\u00f3s vivenciar situa\u00e7\u00f5es traum\u00e1ticas, consistentes em amea\u00e7as e persegui\u00e7\u00e3o em raz\u00e3o de uma rebeli\u00e3o na Cadeia P\u00fablica de Cear\u00e1-Mirim no ano de 2023. Conforme os autos, \u201cap\u00f3s o fato, o policial passou a apresentar comportamento at\u00edpico, sendo diagnosticado com crise de ansiedade generalizada (Cid. F41.1) e estresse p\u00f3s-traum\u00e1tico (CID. F43.1)\u201d e segue narrando que, por orienta\u00e7\u00e3o do m\u00e9dico que o acompanha, ratificada pela Junta M\u00e9dica do Estado, foi recomendada sua remo\u00e7\u00e3o da unidade de lota\u00e7\u00e3o em que ocorreu a rebeli\u00e3o, o que foi requerido de forma administrativa.\u201cNo que toca \u00e0 pretens\u00e3o secund\u00e1ria no sentido de ser determinada sua remo\u00e7\u00e3o especificamente para o Complexo Penal Dr. Jo\u00e3o Chaves, observa-se que o servidor n\u00e3o obteve \u00eaxito em demonstrar o seu direito l\u00edquido e certo que justificasse o manejo da via mandamental\u201d, esclarece a relatora do recurso, desembargadora Lourdes de Azevedo.<\/p><div class=\"kyjai69f06afeb82b9\" ><!--<a href=\"https:\/\/bit.ly\/3QdrqTZ\" target=\"_blank\">\n<img src=\"https:\/\/justicapotiguar.com.br\/wp-content\/uploads\/2023\/09\/mobile-geral.gif\"\/><a\/>--><\/div><style type=\"text\/css\">\r\n.kyjai69f06afeb82b9 {\r\ntext-align: center;\r\n}\r\n@media screen and (min-width: 1201px) {\r\n.kyjai69f06afeb82b9 {\r\ndisplay: none;\r\n}\r\n}\r\n@media screen and (min-width: 993px) and (max-width: 1200px) {\r\n.kyjai69f06afeb82b9 {\r\ndisplay: none;\r\n}\r\n}\r\n@media screen and (min-width: 769px) and (max-width: 992px) {\r\n.kyjai69f06afeb82b9 {\r\ndisplay: none;\r\n}\r\n}\r\n@media screen and (min-width: 768px) and (max-width: 768px) {\r\n.kyjai69f06afeb82b9 {\r\ndisplay: block;\r\n}\r\n}\r\n@media screen and (max-width: 767px) {\r\n.kyjai69f06afeb82b9 {\r\ndisplay: block;\r\n}\r\n}\r\n<\/style>\r\n<div class=\"ryzpa69f06afeb829b\" ><!--<a href=\"https:\/\/bit.ly\/3QdrqTZ\" target=\"_blank\">\n<img src=\"https:\/\/justicapotiguar.com.br\/wp-content\/uploads\/2023\/09\/desktop-geral.gif\"\/><a\/>--><\/div><style type=\"text\/css\">\r\n.ryzpa69f06afeb829b {\r\ntext-align: center;\nmargin-bottom: 1em;\r\n}\r\n@media screen and (min-width: 1201px) {\r\n.ryzpa69f06afeb829b {\r\ndisplay: block;\r\n}\r\n}\r\n@media screen and (min-width: 993px) and (max-width: 1200px) {\r\n.ryzpa69f06afeb829b {\r\ndisplay: block;\r\n}\r\n}\r\n@media screen and (min-width: 769px) and (max-width: 992px) {\r\n.ryzpa69f06afeb829b {\r\ndisplay: block;\r\n}\r\n}\r\n@media screen and (min-width: 768px) and (max-width: 768px) {\r\n.ryzpa69f06afeb829b {\r\ndisplay: none;\r\n}\r\n}\r\n@media screen and (max-width: 767px) {\r\n.ryzpa69f06afeb829b {\r\ndisplay: none;\r\n}\r\n}\r\n<\/style>\r\n\n\n\n\n<p>Ainda conforme os autos, depreende-se que a Junta M\u00e9dica opinou favoravelmente \u00e0 remo\u00e7\u00e3o do servidor, por motivos de sa\u00fade, ao destacar que o periciado apresenta quadro psiqui\u00e1trico compat\u00edvel com Transtorno de estresse p\u00f3s-traum\u00e1tico, CID F43.1 com sintomatologia parcialmente controlada, preservando sua capacidade laboral, mas com restri\u00e7\u00e3o em atuar no local de lota\u00e7\u00e3o atual que funciona como \u201cgatilho\u201d para agravamento de seu quadro psiqui\u00e1trico.\u201cPor sua vez, constata-se, por meio de documento que a Coordena\u00e7\u00e3o Executiva da Administra\u00e7\u00e3o Penitenci\u00e1ria (COEAP) recomendou a remo\u00e7\u00e3o do ora Impetrante para a Penitenci\u00e1ria Estadual Rog\u00e9rio Coutinho Madruga ou Penitenci\u00e1ria Estadual de Alca\u00e7uz, tendo em vista a premente necessidade de efetivo em tais unidades, esclarecendo que a necessidade atual do Complexo Penal Dr. Jo\u00e3o Chaves \u00e9 de policiais femininas\u201d, explica e define a relatoria do recurso<\/p>\n","protected":false},"excerpt":{"rendered":"<p>Uma recente decis\u00e3o do Pleno do TJRN indeferiu o pedido de um policial penal, que pretendia a autoriza\u00e7\u00e3o de uma remo\u00e7\u00e3o para o Complexo Penal Dr. Jo\u00e3o Chaves e n\u00e3o para a Penitenci\u00e1ria Estadual Rog\u00e9rio Coutinho Madruga, atendendo a necessidade de efetivo na unidade, para onde foi transferido.O servidor p\u00fablico alegou que a determina\u00e7\u00e3o foi<br \/><a class=\"more-link\" href=\"https:\/\/justicapotiguar.com.br\/index.php\/2025\/04\/17\/remocao-de-policial-penal-apos-trauma-em-unidade-prisional-e-julgada-no-tjrn\/\">Mais&#8230;<\/a><\/p>\n","protected":false},"author":5,"featured_media":0,"comment_status":"open","ping_status":"open","sticky":false,"template":"","format":"standard","meta":[],"categories":[1],"tags":[],"_links":{"self":[{"href":"https:\/\/justicapotiguar.com.br\/index.php\/wp-json\/wp\/v2\/posts\/41501"}],"collection":[{"href":"https:\/\/justicapotiguar.com.br\/index.php\/wp-json\/wp\/v2\/posts"}],"about":[{"href":"https:\/\/justicapotiguar.com.br\/index.php\/wp-json\/wp\/v2\/types\/post"}],"author":[{"embeddable":true,"href":"https:\/\/justicapotiguar.com.br\/index.php\/wp-json\/wp\/v2\/users\/5"}],"replies":[{"embeddable":true,"href":"https:\/\/justicapotiguar.com.br\/index.php\/wp-json\/wp\/v2\/comments?post=41501"}],"version-history":[{"count":1,"href":"https:\/\/justicapotiguar.com.br\/index.php\/wp-json\/wp\/v2\/posts\/41501\/revisions"}],"predecessor-version":[{"id":41502,"href":"https:\/\/justicapotiguar.com.br\/index.php\/wp-json\/wp\/v2\/posts\/41501\/revisions\/41502"}],"wp:attachment":[{"href":"https:\/\/justicapotiguar.com.br\/index.php\/wp-json\/wp\/v2\/media?parent=41501"}],"wp:term":[{"taxonomy":"category","embeddable":true,"href":"https:\/\/justicapotiguar.com.br\/index.php\/wp-json\/wp\/v2\/categories?post=41501"},{"taxonomy":"post_tag","embeddable":true,"href":"https:\/\/justicapotiguar.com.br\/index.php\/wp-json\/wp\/v2\/tags?post=41501"}],"curies":[{"name":"wp","href":"https:\/\/api.w.org\/{rel}","templated":true}]}}