{"id":4148,"date":"2019-11-22T16:33:26","date_gmt":"2019-11-22T19:33:26","guid":{"rendered":"https:\/\/justicapotiguar.com.br\/?p=4148"},"modified":"2019-11-22T16:35:34","modified_gmt":"2019-11-22T19:35:34","slug":"trt-rn-adota-sistema-que-permite-ouvir-testemunhas-por-videoconferencia-em-todo-pais","status":"publish","type":"post","link":"https:\/\/justicapotiguar.com.br\/index.php\/2019\/11\/22\/trt-rn-adota-sistema-que-permite-ouvir-testemunhas-por-videoconferencia-em-todo-pais\/","title":{"rendered":"TRT-RN adota sistema que permite ouvir testemunhas por videoconfer\u00eancia em todo pa\u00eds"},"content":{"rendered":"\n<p>N\u00e3o s\u00e3o poucos os casos em que processos trabalhistas ficam parados, durante semanas e at\u00e9 meses, \u00e0 espera do depoimento de uma testemunha que mora numa cidade distante da Vara do Trabalho.<\/p>\n\n\n\n<p>A espera por uma carta precat\u00f3ria inquirit\u00f3ria, instrumento utilizado para solicitar que um juiz de uma outra cidade ou\u00e7a uma testemunha, \u00e0s vezes, demora meses.&nbsp;<\/p>\n\n\n\n<p>No caso das cartas rogat\u00f3rias, usadas para se ouvir uma testemunha no exterior, a demora \u00e9 ainda maior.&nbsp;<br><\/p>\n\n\n\n<figure class=\"wp-block-image\"><img src=\"https:\/\/mail.google.com\/mail\/u\/1?ui=2&amp;ik=46136d5545&amp;attid=0.0.1&amp;permmsgid=msg-f:1650931096690397553&amp;th=16e94915dee09171&amp;view=fimg&amp;sz=s0-l75-ft&amp;attbid=ANGjdJ_q2B9jcimMOA7rLJcmjZlwtXJcX2yJScRCCrNMS_Tymgd8El2xBZRsDUbmys3qsHEOXRpoM5t2OVqXR5eM0ypsSbKPVpAb0rG-3Mw3RVd22VeHU58_IVvi134&amp;disp=emb&amp;realattid=ii_k3aj6jyd1\" alt=\"Bento_COLEPRECOR_Conv\u00eanio.jpg\"\/><figcaption>Divulga\u00e7\u00e3o<\/figcaption><\/figure>\n\n\n\n<p>Todos esses instrumentos, entretanto, est\u00e3o sendo substitu\u00eddos por videoconfer\u00eancias, que permitem que ju\u00edzes ou\u00e7am as testemunhas de um processo fora de sua jurisdi\u00e7\u00e3o com toda seguran\u00e7a e agilidade.<\/p><div class=\"lmaqp69f1e3f053061\" ><!--<a href=\"https:\/\/bit.ly\/3QdrqTZ\" target=\"_blank\">\n<img src=\"https:\/\/justicapotiguar.com.br\/wp-content\/uploads\/2023\/09\/mobile-geral.gif\"\/><a\/>--><\/div><style type=\"text\/css\">\r\n.lmaqp69f1e3f053061 {\r\ntext-align: center;\r\n}\r\n@media screen and (min-width: 1201px) {\r\n.lmaqp69f1e3f053061 {\r\ndisplay: none;\r\n}\r\n}\r\n@media screen and (min-width: 993px) and (max-width: 1200px) {\r\n.lmaqp69f1e3f053061 {\r\ndisplay: none;\r\n}\r\n}\r\n@media screen and (min-width: 769px) and (max-width: 992px) {\r\n.lmaqp69f1e3f053061 {\r\ndisplay: none;\r\n}\r\n}\r\n@media screen and (min-width: 768px) and (max-width: 768px) {\r\n.lmaqp69f1e3f053061 {\r\ndisplay: block;\r\n}\r\n}\r\n@media screen and (max-width: 767px) {\r\n.lmaqp69f1e3f053061 {\r\ndisplay: block;\r\n}\r\n}\r\n<\/style>\r\n<div class=\"swfnm69f1e3f053044\" ><!--<a href=\"https:\/\/bit.ly\/3QdrqTZ\" target=\"_blank\">\n<img src=\"https:\/\/justicapotiguar.com.br\/wp-content\/uploads\/2023\/09\/desktop-geral.gif\"\/><a\/>--><\/div><style type=\"text\/css\">\r\n.swfnm69f1e3f053044 {\r\ntext-align: center;\nmargin-bottom: 1em;\r\n}\r\n@media screen and (min-width: 1201px) {\r\n.swfnm69f1e3f053044 {\r\ndisplay: block;\r\n}\r\n}\r\n@media screen and (min-width: 993px) and (max-width: 1200px) {\r\n.swfnm69f1e3f053044 {\r\ndisplay: block;\r\n}\r\n}\r\n@media screen and (min-width: 769px) and (max-width: 992px) {\r\n.swfnm69f1e3f053044 {\r\ndisplay: block;\r\n}\r\n}\r\n@media screen and (min-width: 768px) and (max-width: 768px) {\r\n.swfnm69f1e3f053044 {\r\ndisplay: none;\r\n}\r\n}\r\n@media screen and (max-width: 767px) {\r\n.swfnm69f1e3f053044 {\r\ndisplay: none;\r\n}\r\n}\r\n<\/style>\r\n\n\n\n\n<p>&#8220;A tecnologia nesse campo n\u00e3o para de se desenvolver&#8221;, observa o presidente do Tribunal Regional do Trabalho da 21\u00aa Regi\u00e3o (TRT-RN), desembargador Bento Herculano, que acaba de firmar um termo de parceria e coopera\u00e7\u00e3o para uso de videoconfer\u00eancias por todas as Varas do Trabalho do Rio Grande do Norte.<\/p>\n\n\n\n<p>O conv\u00eanio entre o TRT-RN e os Tribunais do Trabalho de Santa Catarina e Mato Grosso foi assinado durante a reuni\u00e3o do Col\u00e9gio de Presidentes e Corregedores da Justi\u00e7a do Trabalho, em Bras\u00edlia.<\/p>\n\n\n\n<p>O trabalho conjunto permitir\u00e1 o desenvolvimento de novos sistemas para a realiza\u00e7\u00e3o de oitiva de testemunhas por videoconfer\u00eancia por todas as Varas do Trabalho do Rio Grande do Norte.<\/p>\n","protected":false},"excerpt":{"rendered":"<p>O conv\u00eanio entre o TRT-RN e os Tribunais do Trabalho de Santa Catarina e Mato Grosso foi assinado durante a reuni\u00e3o do Col\u00e9gio de Presidentes e Corregedores da Justi\u00e7a do Trabalho, em Bras\u00edlia.<br \/><a class=\"more-link\" href=\"https:\/\/justicapotiguar.com.br\/index.php\/2019\/11\/22\/trt-rn-adota-sistema-que-permite-ouvir-testemunhas-por-videoconferencia-em-todo-pais\/\">Mais&#8230;<\/a><\/p>\n","protected":false},"author":5,"featured_media":4149,"comment_status":"open","ping_status":"open","sticky":false,"template":"","format":"standard","meta":[],"categories":[3],"tags":[],"_links":{"self":[{"href":"https:\/\/justicapotiguar.com.br\/index.php\/wp-json\/wp\/v2\/posts\/4148"}],"collection":[{"href":"https:\/\/justicapotiguar.com.br\/index.php\/wp-json\/wp\/v2\/posts"}],"about":[{"href":"https:\/\/justicapotiguar.com.br\/index.php\/wp-json\/wp\/v2\/types\/post"}],"author":[{"embeddable":true,"href":"https:\/\/justicapotiguar.com.br\/index.php\/wp-json\/wp\/v2\/users\/5"}],"replies":[{"embeddable":true,"href":"https:\/\/justicapotiguar.com.br\/index.php\/wp-json\/wp\/v2\/comments?post=4148"}],"version-history":[{"count":1,"href":"https:\/\/justicapotiguar.com.br\/index.php\/wp-json\/wp\/v2\/posts\/4148\/revisions"}],"predecessor-version":[{"id":4150,"href":"https:\/\/justicapotiguar.com.br\/index.php\/wp-json\/wp\/v2\/posts\/4148\/revisions\/4150"}],"wp:featuredmedia":[{"embeddable":true,"href":"https:\/\/justicapotiguar.com.br\/index.php\/wp-json\/wp\/v2\/media\/4149"}],"wp:attachment":[{"href":"https:\/\/justicapotiguar.com.br\/index.php\/wp-json\/wp\/v2\/media?parent=4148"}],"wp:term":[{"taxonomy":"category","embeddable":true,"href":"https:\/\/justicapotiguar.com.br\/index.php\/wp-json\/wp\/v2\/categories?post=4148"},{"taxonomy":"post_tag","embeddable":true,"href":"https:\/\/justicapotiguar.com.br\/index.php\/wp-json\/wp\/v2\/tags?post=4148"}],"curies":[{"name":"wp","href":"https:\/\/api.w.org\/{rel}","templated":true}]}}