{"id":4142,"date":"2019-11-22T14:45:37","date_gmt":"2019-11-22T17:45:37","guid":{"rendered":"https:\/\/justicapotiguar.com.br\/?p=4142"},"modified":"2019-11-22T14:08:13","modified_gmt":"2019-11-22T17:08:13","slug":"mprn-consegue-condenacao-do-estado-para-reforma-e-ampliacao-da-penitenciaria-mario-negocio","status":"publish","type":"post","link":"https:\/\/justicapotiguar.com.br\/index.php\/2019\/11\/22\/mprn-consegue-condenacao-do-estado-para-reforma-e-ampliacao-da-penitenciaria-mario-negocio\/","title":{"rendered":"MPRN consegue condena\u00e7\u00e3o do Estado para reforma e amplia\u00e7\u00e3o da penitenci\u00e1ria M\u00e1rio Neg\u00f3cio"},"content":{"rendered":"\n<figure class=\"wp-block-image\"><img loading=\"lazy\" width=\"660\" height=\"330\" src=\"https:\/\/justicapotiguar.com.br\/wp-content\/uploads\/2019\/11\/IMG000000000104423-660x330.jpg\" alt=\"\" class=\"wp-image-4143\" srcset=\"https:\/\/justicapotiguar.com.br\/wp-content\/uploads\/2019\/11\/IMG000000000104423-660x330.jpg 660w, https:\/\/justicapotiguar.com.br\/wp-content\/uploads\/2019\/11\/IMG000000000104423-660x330-300x150.jpg 300w\" sizes=\"(max-width: 660px) 100vw, 660px\" \/><figcaption>Reprodu\u00e7\u00e3o<\/figcaption><\/figure>\n\n\n\n<p>O Governo do Estado ter\u00e1 que providenciar a reforma do Complexo Prisional Estadual M\u00e1rio Neg\u00f3cio (CPEAMN), no prazo m\u00e1ximo de seis meses. A determina\u00e7\u00e3o judicial foi obtida pelo Minist\u00e9rio Publicou do Rio Grande do Norte (MPRN) em uma a\u00e7\u00e3o civil p\u00fablica movida para efetivar o regime penitenci\u00e1rio semiaberto feminino na comarca de Mossor\u00f3.\u00a0<\/p>\n\n\n\n<p>Na a\u00e7\u00e3o, o MPRN demonstrou que o Estado est\u00e1 sendo omisso no que se refere aos direitos das presidi\u00e1rias do sexo feminino que cumprem pena no regime semiaberto. A capacidade da comarca para atender a quantidade de mulheres cumprindo pena por ocasi\u00e3o do tr\u00e2nsito em julgado j\u00e1 foi ultrapassada em 50%.\u00a0<\/p>\n\n\n\n<p>Al\u00e9m de obedecer \u00e0 Lei de Execu\u00e7\u00f5es Penais, apresentando a capacidade de atendimento correta, a reforma tamb\u00e9m ser\u00e1 pensada para o futuro. Assim, o Estado ter\u00e1 que apresentar projeto de reforma em um m\u00eas (seguindo os moldes estabelecidos na senten\u00e7a judicial) e executar as obras dentro do tempo m\u00e1ximo de cinco meses.\u00a0<\/p><div class=\"wztoi69f1b9982e6f3\" ><!--<a href=\"https:\/\/bit.ly\/3QdrqTZ\" target=\"_blank\">\n<img src=\"https:\/\/justicapotiguar.com.br\/wp-content\/uploads\/2023\/09\/mobile-geral.gif\"\/><a\/>--><\/div><style type=\"text\/css\">\r\n.wztoi69f1b9982e6f3 {\r\ntext-align: center;\r\n}\r\n@media screen and (min-width: 1201px) {\r\n.wztoi69f1b9982e6f3 {\r\ndisplay: none;\r\n}\r\n}\r\n@media screen and (min-width: 993px) and (max-width: 1200px) {\r\n.wztoi69f1b9982e6f3 {\r\ndisplay: none;\r\n}\r\n}\r\n@media screen and (min-width: 769px) and (max-width: 992px) {\r\n.wztoi69f1b9982e6f3 {\r\ndisplay: none;\r\n}\r\n}\r\n@media screen and (min-width: 768px) and (max-width: 768px) {\r\n.wztoi69f1b9982e6f3 {\r\ndisplay: block;\r\n}\r\n}\r\n@media screen and (max-width: 767px) {\r\n.wztoi69f1b9982e6f3 {\r\ndisplay: block;\r\n}\r\n}\r\n<\/style>\r\n<div class=\"hzhid69f1b9982e6d6\" ><!--<a href=\"https:\/\/bit.ly\/3QdrqTZ\" target=\"_blank\">\n<img src=\"https:\/\/justicapotiguar.com.br\/wp-content\/uploads\/2023\/09\/desktop-geral.gif\"\/><a\/>--><\/div><style type=\"text\/css\">\r\n.hzhid69f1b9982e6d6 {\r\ntext-align: center;\nmargin-bottom: 1em;\r\n}\r\n@media screen and (min-width: 1201px) {\r\n.hzhid69f1b9982e6d6 {\r\ndisplay: block;\r\n}\r\n}\r\n@media screen and (min-width: 993px) and (max-width: 1200px) {\r\n.hzhid69f1b9982e6d6 {\r\ndisplay: block;\r\n}\r\n}\r\n@media screen and (min-width: 769px) and (max-width: 992px) {\r\n.hzhid69f1b9982e6d6 {\r\ndisplay: block;\r\n}\r\n}\r\n@media screen and (min-width: 768px) and (max-width: 768px) {\r\n.hzhid69f1b9982e6d6 {\r\ndisplay: none;\r\n}\r\n}\r\n@media screen and (max-width: 767px) {\r\n.hzhid69f1b9982e6d6 {\r\ndisplay: none;\r\n}\r\n}\r\n<\/style>\r\n\n\n\n\n<p>Na senten\u00e7a, o magistrado ainda levou em considera\u00e7\u00e3o que o Estado ignorou por mais de dois anos um decreto que previa a reforma e amplia\u00e7\u00e3o do complexo penal. Trata-se do Plano Diretor do Sistema Penitenci\u00e1rio do Estado do Rio Grande do Norte que dentre v\u00e1rias diretrizes instituiu atender o pleito feito pelo MPRN: o fornecimento de um ambiente adequado para que as presas cumprissem suas penas.\u00a0<\/p>\n\n\n\n<p>O Plano Diretor n\u00e3o foi cumprido, com o agravante de que a Secretaria de Estado da Justi\u00e7a e da Cidadania do RN recebeu, entre 2016 e 2017, repasses da Uni\u00e3o que perfazem o montante de R$ 62.095.043,33. Dessa quantia, somente R$ 7.792.799,47, Ou seja, apenas 11% foram empregados nas a\u00e7\u00f5es previstas.\u00a0Restou comprovado ao Judici\u00e1rio a clara omiss\u00e3o estatal, considerando ainda a exist\u00eancia de dinheiro, com a ressalva, por\u00e9m, da omiss\u00e3o administrativa. <\/p>\n\n\n\n<p>Isso porque o magistrado entendeu que para o Estado foi mais f\u00e1cil ser conivente com o n\u00e3o cumprimento da Lei de Execu\u00e7\u00f5es Penais, do que apresentar os projetos necess\u00e1rios e utilizar o dinheiro existente para fins de obedi\u00eancia ao dispositivo legal no que se refere ao cumprimento de penas.<\/p>\n","protected":false},"excerpt":{"rendered":"<p>A determina\u00e7\u00e3o judicial foi obtida pelo Minist\u00e9rio Publicou do Rio Grande do Norte (MPRN) em uma a\u00e7\u00e3o civil p\u00fablica<br \/><a class=\"more-link\" href=\"https:\/\/justicapotiguar.com.br\/index.php\/2019\/11\/22\/mprn-consegue-condenacao-do-estado-para-reforma-e-ampliacao-da-penitenciaria-mario-negocio\/\">Mais&#8230;<\/a><\/p>\n","protected":false},"author":5,"featured_media":4143,"comment_status":"open","ping_status":"open","sticky":false,"template":"","format":"standard","meta":[],"categories":[3],"tags":[],"_links":{"self":[{"href":"https:\/\/justicapotiguar.com.br\/index.php\/wp-json\/wp\/v2\/posts\/4142"}],"collection":[{"href":"https:\/\/justicapotiguar.com.br\/index.php\/wp-json\/wp\/v2\/posts"}],"about":[{"href":"https:\/\/justicapotiguar.com.br\/index.php\/wp-json\/wp\/v2\/types\/post"}],"author":[{"embeddable":true,"href":"https:\/\/justicapotiguar.com.br\/index.php\/wp-json\/wp\/v2\/users\/5"}],"replies":[{"embeddable":true,"href":"https:\/\/justicapotiguar.com.br\/index.php\/wp-json\/wp\/v2\/comments?post=4142"}],"version-history":[{"count":1,"href":"https:\/\/justicapotiguar.com.br\/index.php\/wp-json\/wp\/v2\/posts\/4142\/revisions"}],"predecessor-version":[{"id":4144,"href":"https:\/\/justicapotiguar.com.br\/index.php\/wp-json\/wp\/v2\/posts\/4142\/revisions\/4144"}],"wp:featuredmedia":[{"embeddable":true,"href":"https:\/\/justicapotiguar.com.br\/index.php\/wp-json\/wp\/v2\/media\/4143"}],"wp:attachment":[{"href":"https:\/\/justicapotiguar.com.br\/index.php\/wp-json\/wp\/v2\/media?parent=4142"}],"wp:term":[{"taxonomy":"category","embeddable":true,"href":"https:\/\/justicapotiguar.com.br\/index.php\/wp-json\/wp\/v2\/categories?post=4142"},{"taxonomy":"post_tag","embeddable":true,"href":"https:\/\/justicapotiguar.com.br\/index.php\/wp-json\/wp\/v2\/tags?post=4142"}],"curies":[{"name":"wp","href":"https:\/\/api.w.org\/{rel}","templated":true}]}}