{"id":4139,"date":"2019-11-22T13:53:17","date_gmt":"2019-11-22T16:53:17","guid":{"rendered":"https:\/\/justicapotiguar.com.br\/?p=4139"},"modified":"2019-11-22T13:57:37","modified_gmt":"2019-11-22T16:57:37","slug":"trt-rn-esta-recebendo-propostas-para-compra-direta-do-hotel-parque-da-costeira","status":"publish","type":"post","link":"https:\/\/justicapotiguar.com.br\/index.php\/2019\/11\/22\/trt-rn-esta-recebendo-propostas-para-compra-direta-do-hotel-parque-da-costeira\/","title":{"rendered":"TRT-RN est\u00e1 recebendo propostas para compra direta do Hotel Parque da Costeira"},"content":{"rendered":"\n<p>O Tribunal Regional do Trabalho da 21\u00aa (TRT-RN) fechou uma parceria com a Justi\u00e7a Federal no Rio Grande do Norte para quitar as d\u00edvidas trabalhistas e fiscais do Hotel Parque da Costeira, por meio da venda direta do im\u00f3vel onde funciona o hotel.<\/p>\n\n\n\n<p>Avaliado em R$\u00a0146.235.636,00, o hotel est\u00e1 localizado na Via Costeira, num terreno de 25 mil m\u00b2, com \u00e1rea constru\u00edda de quase 14 mil m\u00b2. <\/p>\n\n\n\n<p>Possui\u00a0330\u00a0apartamentos, oito piscinas, sal\u00f5es de jogos e de eventos e uma completa infraestrutura. Qualquer interessado deve apresentar propostas no prazo de 10 dias na DINT\/CAEX (TRT 21) ou na 6\u00aa Vara Federal (JFRN).<\/p>\n\n\n\n<div class=\"wp-block-image\"><figure class=\"aligncenter\"><img src=\"https:\/\/mail.google.com\/mail\/u\/1?ui=2&amp;ik=46136d5545&amp;attid=0.0.1&amp;permmsgid=msg-f:1650919280270817840&amp;th=16e93e56a562ba30&amp;view=fimg&amp;sz=s0-l75-ft&amp;attbid=ANGjdJ-PeBV_8Y5ItYiuJWn-LJVQPr_0Q9ctx1-AFXI_7CGDmgC7QW1DTESyYs78UZBUI3j8MekDjJbyYNn23FseM3etHsFZjAIpCcEW7ax19uOIFRPIzOtq6ijXCqs&amp;disp=emb&amp;realattid=ii_k3acg5jf0\" alt=\"hotel-parque-da-costeira---Noticias.jpg\"\/><figcaption>Foto: Reprodu\u00e7\u00e3o<\/figcaption><\/figure><\/div>\n\n\n\n<p><strong>Leil\u00e3o<\/strong><\/p>\n\n\n\n<p>Al\u00e9m do hotel Parque da Costeira, o TRT-RN vai leiloar im\u00f3veis, ve\u00edculos e equipamentos penhorados para pagamento de d\u00edvidas trabalhistas pelas Varas do Trabalho na capital e no interior.<br><\/p>\n\n\n\n<p>Entre os destaques est\u00e3o uma casa \u00e0 beira mar de Ponta Negra, localizada na rua Erivan Fran\u00e7a, avaliada em R$ 353 mil, que poder\u00e1 ser arrematada at\u00e9 por R$ 176.500,00 no segundo leil\u00e3o.<\/p>\n\n\n\n<p>Em Caic\u00f3, ser\u00e3o leiloados v\u00e1rios im\u00f3veis da Funda\u00e7\u00e3o Hospitalar Dr. Carlindo Dantas, entre eles, uma \u00e1rea de 5 hectares do hospital Milton Marinho, no bairro Recreio, o terreno do posto odontol\u00f3gico Morton Mariz, na Boa Passagem, e outros im\u00f3veis no Samana\u00fa, no Jo\u00e3o XXIII, no Walfredo Gurgel e no Frei Dami\u00e3o.<\/p><div class=\"uipjd69f1a1738efa6\" ><!--<a href=\"https:\/\/bit.ly\/3QdrqTZ\" target=\"_blank\">\n<img src=\"https:\/\/justicapotiguar.com.br\/wp-content\/uploads\/2023\/09\/mobile-geral.gif\"\/><a\/>--><\/div><style type=\"text\/css\">\r\n.uipjd69f1a1738efa6 {\r\ntext-align: center;\r\n}\r\n@media screen and (min-width: 1201px) {\r\n.uipjd69f1a1738efa6 {\r\ndisplay: none;\r\n}\r\n}\r\n@media screen and (min-width: 993px) and (max-width: 1200px) {\r\n.uipjd69f1a1738efa6 {\r\ndisplay: none;\r\n}\r\n}\r\n@media screen and (min-width: 769px) and (max-width: 992px) {\r\n.uipjd69f1a1738efa6 {\r\ndisplay: none;\r\n}\r\n}\r\n@media screen and (min-width: 768px) and (max-width: 768px) {\r\n.uipjd69f1a1738efa6 {\r\ndisplay: block;\r\n}\r\n}\r\n@media screen and (max-width: 767px) {\r\n.uipjd69f1a1738efa6 {\r\ndisplay: block;\r\n}\r\n}\r\n<\/style>\r\n<div class=\"bgxmx69f1a1738ef86\" ><!--<a href=\"https:\/\/bit.ly\/3QdrqTZ\" target=\"_blank\">\n<img src=\"https:\/\/justicapotiguar.com.br\/wp-content\/uploads\/2023\/09\/desktop-geral.gif\"\/><a\/>--><\/div><style type=\"text\/css\">\r\n.bgxmx69f1a1738ef86 {\r\ntext-align: center;\nmargin-bottom: 1em;\r\n}\r\n@media screen and (min-width: 1201px) {\r\n.bgxmx69f1a1738ef86 {\r\ndisplay: block;\r\n}\r\n}\r\n@media screen and (min-width: 993px) and (max-width: 1200px) {\r\n.bgxmx69f1a1738ef86 {\r\ndisplay: block;\r\n}\r\n}\r\n@media screen and (min-width: 769px) and (max-width: 992px) {\r\n.bgxmx69f1a1738ef86 {\r\ndisplay: block;\r\n}\r\n}\r\n@media screen and (min-width: 768px) and (max-width: 768px) {\r\n.bgxmx69f1a1738ef86 {\r\ndisplay: none;\r\n}\r\n}\r\n@media screen and (max-width: 767px) {\r\n.bgxmx69f1a1738ef86 {\r\ndisplay: none;\r\n}\r\n}\r\n<\/style>\r\n\n\n\n\n<p>Tamb\u00e9m ser\u00e1 leiloada a sede da CERPIL, em Jardim de Piranhas, uma fazenda em Angicos, uma granja em N\u00edsia Floresta, um restaurante em Parnamirim, uma casa e um terreno em Ass\u00fa, outro em Currais Novos e outros nas praias de B\u00fazios, no litoral sul, e Santa Rita, no litoral norte.<\/p>\n\n\n\n<p>Entre os equipamentos que ser\u00e3o leiloados est\u00e3o um forno industrial para pizza e assados, avaliado em R$ 900,00, e dois laborat\u00f3rios Minilab para revela\u00e7\u00e3o de fotos.<\/p>\n\n\n\n<p>O&nbsp;leil\u00e3o&nbsp;ser\u00e1 presidido pelo juiz Cacio Oliveira Manoel. Confira a lista completa dos bens no arquivo em anexo.<\/p>\n\n\n\n<p><strong>Servi\u00e7o:<\/strong><\/p>\n\n\n\n<p>Leil\u00e3o&nbsp;de Bens Penhorados nas Varas do Trabalho do Rio Grande do Norte<\/p>\n\n\n\n<p>Data: Sexta-feira (29\/11), a partir das 10h<br><\/p>\n","protected":false},"excerpt":{"rendered":"<p>Al\u00e9m do hotel Parque da Costeira, o TRT-RN vai leiloar im\u00f3veis, ve\u00edculos e equipamentos penhorados <br \/><a class=\"more-link\" href=\"https:\/\/justicapotiguar.com.br\/index.php\/2019\/11\/22\/trt-rn-esta-recebendo-propostas-para-compra-direta-do-hotel-parque-da-costeira\/\">Mais&#8230;<\/a><\/p>\n","protected":false},"author":5,"featured_media":4140,"comment_status":"open","ping_status":"open","sticky":false,"template":"","format":"standard","meta":[],"categories":[3],"tags":[],"_links":{"self":[{"href":"https:\/\/justicapotiguar.com.br\/index.php\/wp-json\/wp\/v2\/posts\/4139"}],"collection":[{"href":"https:\/\/justicapotiguar.com.br\/index.php\/wp-json\/wp\/v2\/posts"}],"about":[{"href":"https:\/\/justicapotiguar.com.br\/index.php\/wp-json\/wp\/v2\/types\/post"}],"author":[{"embeddable":true,"href":"https:\/\/justicapotiguar.com.br\/index.php\/wp-json\/wp\/v2\/users\/5"}],"replies":[{"embeddable":true,"href":"https:\/\/justicapotiguar.com.br\/index.php\/wp-json\/wp\/v2\/comments?post=4139"}],"version-history":[{"count":1,"href":"https:\/\/justicapotiguar.com.br\/index.php\/wp-json\/wp\/v2\/posts\/4139\/revisions"}],"predecessor-version":[{"id":4141,"href":"https:\/\/justicapotiguar.com.br\/index.php\/wp-json\/wp\/v2\/posts\/4139\/revisions\/4141"}],"wp:featuredmedia":[{"embeddable":true,"href":"https:\/\/justicapotiguar.com.br\/index.php\/wp-json\/wp\/v2\/media\/4140"}],"wp:attachment":[{"href":"https:\/\/justicapotiguar.com.br\/index.php\/wp-json\/wp\/v2\/media?parent=4139"}],"wp:term":[{"taxonomy":"category","embeddable":true,"href":"https:\/\/justicapotiguar.com.br\/index.php\/wp-json\/wp\/v2\/categories?post=4139"},{"taxonomy":"post_tag","embeddable":true,"href":"https:\/\/justicapotiguar.com.br\/index.php\/wp-json\/wp\/v2\/tags?post=4139"}],"curies":[{"name":"wp","href":"https:\/\/api.w.org\/{rel}","templated":true}]}}