{"id":41388,"date":"2025-04-09T10:37:08","date_gmt":"2025-04-09T13:37:08","guid":{"rendered":"https:\/\/justicapotiguar.com.br\/?p=41388"},"modified":"2025-04-09T10:37:08","modified_gmt":"2025-04-09T13:37:08","slug":"justica-condena-homem-que-aliciou-menor-para-ajuda-lo-em-roubo-de-moto-e-celular","status":"publish","type":"post","link":"https:\/\/justicapotiguar.com.br\/index.php\/2025\/04\/09\/justica-condena-homem-que-aliciou-menor-para-ajuda-lo-em-roubo-de-moto-e-celular\/","title":{"rendered":"Justi\u00e7a condena homem que aliciou menor para ajud\u00e1-lo em roubo de moto e celular"},"content":{"rendered":"\n<p>Um homem foi condenado a sete anos e oito meses de pris\u00e3o ap\u00f3s roubar, \u00e0 m\u00e3o armada, uma moto e um celular com a ajuda de um adolescente de 15 anos de idade. A decis\u00e3o \u00e9 do juiz Jo\u00e3o Makson Bastos de Oliveira, da Vara \u00danica da\u00a0Comarca\u00a0de Marcelino Vieira. Conforme depoimento do adolescente em ju\u00edzo, o r\u00e9u o convidou para participar de um roubo.Na sequ\u00eancia, ele afirmou que, ent\u00e3o, a dupla foi para a casa do homem, no local, pegaram duas espingardas de fabrica\u00e7\u00e3o artesanal e depois seguiram para a estrada onde aguardaram a potencial v\u00edtima. <\/p>\n\n\n\n<p>Momentos depois, um motociclista e um garupa que passavam pelo local foram abordados e, sob grave amea\u00e7a e agress\u00f5es, entregaram dois celulares e a motocicleta.Ele contou que, ap\u00f3s o roubo, a dupla escondeu o ve\u00edculo em um matagal nas proximidades de um s\u00edtio da regi\u00e3o, para onde retornaram no dia seguinte e desmontaram suas pe\u00e7as. Mediante os fatos, o\u00a0Minist\u00e9rio P\u00fablico\u00a0do RN requereu a condena\u00e7\u00e3o do r\u00e9u pelos crimes de roubo majorado e corrup\u00e7\u00e3o de menores, previstos no artigo 157, \u00a72\u00ba, II, \u00a72\u00ba-A, I, do\u00a0C\u00f3digo\u00a0Penal, e no artigo 244-B do Estatuto da Crian\u00e7a e do Adolescente.J\u00e1 a defesa do homem solicitou a absolvi\u00e7\u00e3o pelo crime de corrup\u00e7\u00e3o de menores, a retirada das majorantes, assim como a aplica\u00e7\u00e3o da circunst\u00e2ncia atenuante da confiss\u00e3o espont\u00e2nea.<strong>Condena\u00e7\u00e3o<\/strong>Ao analisar o processo, o magistrado ressaltou as informa\u00e7\u00f5es colhidas atrav\u00e9s de depoimentos de testemunhas, laudo de les\u00e3o corporal leve da v\u00edtima, termos de exibi\u00e7\u00e3o e apreens\u00e3o das armas de fogo e de um celular, al\u00e9m de outros documentos probat\u00f3rios. \u201cConsiderando todo o acervo probat\u00f3rio que guarnece os autos, compreendo que a materialidade e autoria delitivas est\u00e3o devidamente demonstradas com rela\u00e7\u00e3o a ambos os tipos delitivos\u201d, disse.Sobre as majorantes, mesmo na presen\u00e7a de um adolescente, h\u00e1 o entendimento de concurso de pessoas, prevista no art. 157, \u00a7 2\u00ba, II, do\u00a0C\u00f3digo\u00a0Penal, assim como a majorante prevista no mesmo artigo, \u00a7 2\u00ba-A, I, que disp\u00f5e sobre pr\u00e1tica de amea\u00e7a com uso de arma de fogo. A respeito da atenuante da confiss\u00e3o espont\u00e2nea, sustentada pela defesa do r\u00e9u, foi negada, j\u00e1 que \u201cesta foi prestada t\u00e3o somente na fase inquisitorial, n\u00e3o tendo possu\u00eddo relevo para o \u00e9dito condenat\u00f3rio, inclusive porque n\u00e3o possui for\u00e7a probat\u00f3ria, j\u00e1 que n\u00e3o fora confirmada em Ju\u00edzo\u201d.<\/p><div class=\"yutox69f0acc335973\" ><!--<a href=\"https:\/\/bit.ly\/3QdrqTZ\" target=\"_blank\">\n<img src=\"https:\/\/justicapotiguar.com.br\/wp-content\/uploads\/2023\/09\/mobile-geral.gif\"\/><a\/>--><\/div><style type=\"text\/css\">\r\n.yutox69f0acc335973 {\r\ntext-align: center;\r\n}\r\n@media screen and (min-width: 1201px) {\r\n.yutox69f0acc335973 {\r\ndisplay: none;\r\n}\r\n}\r\n@media screen and (min-width: 993px) and (max-width: 1200px) {\r\n.yutox69f0acc335973 {\r\ndisplay: none;\r\n}\r\n}\r\n@media screen and (min-width: 769px) and (max-width: 992px) {\r\n.yutox69f0acc335973 {\r\ndisplay: none;\r\n}\r\n}\r\n@media screen and (min-width: 768px) and (max-width: 768px) {\r\n.yutox69f0acc335973 {\r\ndisplay: block;\r\n}\r\n}\r\n@media screen and (max-width: 767px) {\r\n.yutox69f0acc335973 {\r\ndisplay: block;\r\n}\r\n}\r\n<\/style>\r\n<div class=\"mrneu69f0acc33594f\" ><!--<a href=\"https:\/\/bit.ly\/3QdrqTZ\" target=\"_blank\">\n<img src=\"https:\/\/justicapotiguar.com.br\/wp-content\/uploads\/2023\/09\/desktop-geral.gif\"\/><a\/>--><\/div><style type=\"text\/css\">\r\n.mrneu69f0acc33594f {\r\ntext-align: center;\nmargin-bottom: 1em;\r\n}\r\n@media screen and (min-width: 1201px) {\r\n.mrneu69f0acc33594f {\r\ndisplay: block;\r\n}\r\n}\r\n@media screen and (min-width: 993px) and (max-width: 1200px) {\r\n.mrneu69f0acc33594f {\r\ndisplay: block;\r\n}\r\n}\r\n@media screen and (min-width: 769px) and (max-width: 992px) {\r\n.mrneu69f0acc33594f {\r\ndisplay: block;\r\n}\r\n}\r\n@media screen and (min-width: 768px) and (max-width: 768px) {\r\n.mrneu69f0acc33594f {\r\ndisplay: none;\r\n}\r\n}\r\n@media screen and (max-width: 767px) {\r\n.mrneu69f0acc33594f {\r\ndisplay: none;\r\n}\r\n}\r\n<\/style>\r\n\n\n\n\n<figure class=\"wp-block-image size-large\"><img loading=\"lazy\" width=\"784\" height=\"585\" src=\"https:\/\/justicapotiguar.com.br\/wp-content\/uploads\/2020\/10\/assalto-motocilista-e-cercado-por-bandidos-em-laguna.jpg\" alt=\"\" class=\"wp-image-13574\" srcset=\"https:\/\/justicapotiguar.com.br\/wp-content\/uploads\/2020\/10\/assalto-motocilista-e-cercado-por-bandidos-em-laguna.jpg 784w, https:\/\/justicapotiguar.com.br\/wp-content\/uploads\/2020\/10\/assalto-motocilista-e-cercado-por-bandidos-em-laguna-300x224.jpg 300w, https:\/\/justicapotiguar.com.br\/wp-content\/uploads\/2020\/10\/assalto-motocilista-e-cercado-por-bandidos-em-laguna-768x573.jpg 768w\" sizes=\"(max-width: 784px) 100vw, 784px\" \/><figcaption>Reprodu\u00e7\u00e3o<\/figcaption><\/figure>\n\n\n\n<p>&#8220;Por todo o exposto, diante da an\u00e1lise das provas colacionadas e das circunst\u00e2ncias do caso concreto, que foram suficientes para o convencimento deste magistrado, \u00e9 necess\u00e1ria a condena\u00e7\u00e3o do acusado nas penas dos crimes previstos no art. 157, \u00a72\u00ba, II, \u00a72\u00ba-A, I, do\u00a0C\u00f3digo\u00a0Penal, e no art. 244-B do Estatuto da Crian\u00e7a e do Adolescente, em concurso formal (art. 70 do CP). N\u00e3o consta qualquer elemento que configure uma causa excludente da tipicidade, da ilicitude das condutas praticadas ou da culpabilidade do r\u00e9u, devendo ele suportar, portanto, as consequ\u00eancias jur\u00eddicas de seu ato\u201d, concluiu o juiz em sua decis\u00e3o.<\/p>\n","protected":false},"excerpt":{"rendered":"<p>Um homem foi condenado a sete anos e oito meses de pris\u00e3o ap\u00f3s roubar, \u00e0 m\u00e3o armada, uma moto e um celular com a ajuda de um adolescente de 15 anos de idade. A decis\u00e3o \u00e9 do juiz Jo\u00e3o Makson Bastos de Oliveira, da Vara \u00danica da\u00a0Comarca\u00a0de Marcelino Vieira. Conforme depoimento do adolescente em ju\u00edzo,<br \/><a class=\"more-link\" href=\"https:\/\/justicapotiguar.com.br\/index.php\/2025\/04\/09\/justica-condena-homem-que-aliciou-menor-para-ajuda-lo-em-roubo-de-moto-e-celular\/\">Mais&#8230;<\/a><\/p>\n","protected":false},"author":5,"featured_media":0,"comment_status":"open","ping_status":"open","sticky":false,"template":"","format":"standard","meta":[],"categories":[1],"tags":[],"_links":{"self":[{"href":"https:\/\/justicapotiguar.com.br\/index.php\/wp-json\/wp\/v2\/posts\/41388"}],"collection":[{"href":"https:\/\/justicapotiguar.com.br\/index.php\/wp-json\/wp\/v2\/posts"}],"about":[{"href":"https:\/\/justicapotiguar.com.br\/index.php\/wp-json\/wp\/v2\/types\/post"}],"author":[{"embeddable":true,"href":"https:\/\/justicapotiguar.com.br\/index.php\/wp-json\/wp\/v2\/users\/5"}],"replies":[{"embeddable":true,"href":"https:\/\/justicapotiguar.com.br\/index.php\/wp-json\/wp\/v2\/comments?post=41388"}],"version-history":[{"count":1,"href":"https:\/\/justicapotiguar.com.br\/index.php\/wp-json\/wp\/v2\/posts\/41388\/revisions"}],"predecessor-version":[{"id":41389,"href":"https:\/\/justicapotiguar.com.br\/index.php\/wp-json\/wp\/v2\/posts\/41388\/revisions\/41389"}],"wp:attachment":[{"href":"https:\/\/justicapotiguar.com.br\/index.php\/wp-json\/wp\/v2\/media?parent=41388"}],"wp:term":[{"taxonomy":"category","embeddable":true,"href":"https:\/\/justicapotiguar.com.br\/index.php\/wp-json\/wp\/v2\/categories?post=41388"},{"taxonomy":"post_tag","embeddable":true,"href":"https:\/\/justicapotiguar.com.br\/index.php\/wp-json\/wp\/v2\/tags?post=41388"}],"curies":[{"name":"wp","href":"https:\/\/api.w.org\/{rel}","templated":true}]}}