{"id":4127,"date":"2019-11-22T10:33:16","date_gmt":"2019-11-22T13:33:16","guid":{"rendered":"https:\/\/justicapotiguar.com.br\/?p=4127"},"modified":"2019-11-22T09:01:38","modified_gmt":"2019-11-22T12:01:38","slug":"juiza-de-curitiba-suspende-novamente-julgamento-de-deltan-no-cnmp","status":"publish","type":"post","link":"https:\/\/justicapotiguar.com.br\/index.php\/2019\/11\/22\/juiza-de-curitiba-suspende-novamente-julgamento-de-deltan-no-cnmp\/","title":{"rendered":"Ju\u00edza de Curitiba suspende novamente julgamento de Deltan no CNMP"},"content":{"rendered":"\n<figure class=\"wp-block-image\"><img loading=\"lazy\" width=\"1024\" height=\"615\" src=\"https:\/\/justicapotiguar.com.br\/wp-content\/uploads\/2019\/08\/Deltan-Dalagnol-01-1024x615.jpg\" alt=\"\" class=\"wp-image-685\" srcset=\"https:\/\/justicapotiguar.com.br\/wp-content\/uploads\/2019\/08\/Deltan-Dalagnol-01-1024x615.jpg 1024w, https:\/\/justicapotiguar.com.br\/wp-content\/uploads\/2019\/08\/Deltan-Dalagnol-01-300x180.jpg 300w, https:\/\/justicapotiguar.com.br\/wp-content\/uploads\/2019\/08\/Deltan-Dalagnol-01-768x461.jpg 768w, https:\/\/justicapotiguar.com.br\/wp-content\/uploads\/2019\/08\/Deltan-Dalagnol-01.jpg 1086w\" sizes=\"(max-width: 1024px) 100vw, 1024px\" \/><figcaption>Reprodu\u00e7\u00e3o<\/figcaption><\/figure>\n\n\n\n<p>A ju\u00edza substituta Giovanna Mayer, da 5\u00aa Vara Federal de Curitiba, determinou a suspens\u00e3o do julgamento contra o procurador Deltan Dallagnol no Conselho Nacional do Minist\u00e9rio P\u00fablico.&nbsp; A informa\u00e7\u00e3o \u00e9 da coluna \u201cPainel\u201d da&nbsp;<em>Folha de S.Paulo<\/em>.<\/p>\n\n\n\n<p>No despacho, a magistrada manda que a Uni\u00e3o cumpra, em at\u00e9 24 horas, decis\u00e3o proferida pela magistrada titular da vara, Anne Karina, proferida no \u00faltimo dia 11 deste m\u00eas, que suspendia o julgamento.<\/p>\n\n\n\n<p>Conforme a senten\u00e7a da semana passada, o CNMP n\u00e3o pode julgar o Processo Administrativo Disciplinar contra o procurador sem antes ouvir uma testemunha arrolada por ele no caso.<\/p><div class=\"lzatf69f174afcb769\" ><!--<a href=\"https:\/\/bit.ly\/3QdrqTZ\" target=\"_blank\">\n<img src=\"https:\/\/justicapotiguar.com.br\/wp-content\/uploads\/2023\/09\/mobile-geral.gif\"\/><a\/>--><\/div><style type=\"text\/css\">\r\n.lzatf69f174afcb769 {\r\ntext-align: center;\r\n}\r\n@media screen and (min-width: 1201px) {\r\n.lzatf69f174afcb769 {\r\ndisplay: none;\r\n}\r\n}\r\n@media screen and (min-width: 993px) and (max-width: 1200px) {\r\n.lzatf69f174afcb769 {\r\ndisplay: none;\r\n}\r\n}\r\n@media screen and (min-width: 769px) and (max-width: 992px) {\r\n.lzatf69f174afcb769 {\r\ndisplay: none;\r\n}\r\n}\r\n@media screen and (min-width: 768px) and (max-width: 768px) {\r\n.lzatf69f174afcb769 {\r\ndisplay: block;\r\n}\r\n}\r\n@media screen and (max-width: 767px) {\r\n.lzatf69f174afcb769 {\r\ndisplay: block;\r\n}\r\n}\r\n<\/style>\r\n<div class=\"ifnlh69f174afcb753\" ><!--<a href=\"https:\/\/bit.ly\/3QdrqTZ\" target=\"_blank\">\n<img src=\"https:\/\/justicapotiguar.com.br\/wp-content\/uploads\/2023\/09\/desktop-geral.gif\"\/><a\/>--><\/div><style type=\"text\/css\">\r\n.ifnlh69f174afcb753 {\r\ntext-align: center;\nmargin-bottom: 1em;\r\n}\r\n@media screen and (min-width: 1201px) {\r\n.ifnlh69f174afcb753 {\r\ndisplay: block;\r\n}\r\n}\r\n@media screen and (min-width: 993px) and (max-width: 1200px) {\r\n.ifnlh69f174afcb753 {\r\ndisplay: block;\r\n}\r\n}\r\n@media screen and (min-width: 769px) and (max-width: 992px) {\r\n.ifnlh69f174afcb753 {\r\ndisplay: block;\r\n}\r\n}\r\n@media screen and (min-width: 768px) and (max-width: 768px) {\r\n.ifnlh69f174afcb753 {\r\ndisplay: none;\r\n}\r\n}\r\n@media screen and (max-width: 767px) {\r\n.ifnlh69f174afcb753 {\r\ndisplay: none;\r\n}\r\n}\r\n<\/style>\r\n\n\n\n\n<p>O julgamento est\u00e1 marcado para pr\u00f3xima ter\u00e7a-feira (26\/11). O processo corre desde abril deste ano e busca verificar se Deltan cometeu infra\u00e7\u00e3o ao dizer que a 2\u00aa turma do STF passa a \u201cmensagem de leni\u00eancia\u201d a favor da corrup\u00e7\u00e3o.<\/p>\n\n\n\n<p>No \u00faltimo dia 19, ministro Luiz Fux, do Supremo Tribunal Federal, liberou o CNMP para prosseguir com o julgamento.<\/p>\n\n\n\n<p><strong>Conjur<\/strong><\/p>\n","protected":false},"excerpt":{"rendered":"<p>No despacho, a magistrada manda que a Uni\u00e3o cumpra, em at\u00e9 24 horas<br \/><a class=\"more-link\" href=\"https:\/\/justicapotiguar.com.br\/index.php\/2019\/11\/22\/juiza-de-curitiba-suspende-novamente-julgamento-de-deltan-no-cnmp\/\">Mais&#8230;<\/a><\/p>\n","protected":false},"author":5,"featured_media":685,"comment_status":"open","ping_status":"open","sticky":false,"template":"","format":"standard","meta":[],"categories":[3],"tags":[],"_links":{"self":[{"href":"https:\/\/justicapotiguar.com.br\/index.php\/wp-json\/wp\/v2\/posts\/4127"}],"collection":[{"href":"https:\/\/justicapotiguar.com.br\/index.php\/wp-json\/wp\/v2\/posts"}],"about":[{"href":"https:\/\/justicapotiguar.com.br\/index.php\/wp-json\/wp\/v2\/types\/post"}],"author":[{"embeddable":true,"href":"https:\/\/justicapotiguar.com.br\/index.php\/wp-json\/wp\/v2\/users\/5"}],"replies":[{"embeddable":true,"href":"https:\/\/justicapotiguar.com.br\/index.php\/wp-json\/wp\/v2\/comments?post=4127"}],"version-history":[{"count":1,"href":"https:\/\/justicapotiguar.com.br\/index.php\/wp-json\/wp\/v2\/posts\/4127\/revisions"}],"predecessor-version":[{"id":4128,"href":"https:\/\/justicapotiguar.com.br\/index.php\/wp-json\/wp\/v2\/posts\/4127\/revisions\/4128"}],"wp:featuredmedia":[{"embeddable":true,"href":"https:\/\/justicapotiguar.com.br\/index.php\/wp-json\/wp\/v2\/media\/685"}],"wp:attachment":[{"href":"https:\/\/justicapotiguar.com.br\/index.php\/wp-json\/wp\/v2\/media?parent=4127"}],"wp:term":[{"taxonomy":"category","embeddable":true,"href":"https:\/\/justicapotiguar.com.br\/index.php\/wp-json\/wp\/v2\/categories?post=4127"},{"taxonomy":"post_tag","embeddable":true,"href":"https:\/\/justicapotiguar.com.br\/index.php\/wp-json\/wp\/v2\/tags?post=4127"}],"curies":[{"name":"wp","href":"https:\/\/api.w.org\/{rel}","templated":true}]}}